{"id":100064,"date":"2020-02-25T15:24:40","date_gmt":"2020-02-25T13:24:40","guid":{"rendered":"http:\/\/www.tucomarca.com\/wordpress\/segunda\/?p=100064"},"modified":"2020-02-25T15:24:42","modified_gmt":"2020-02-25T13:24:42","slug":"la-guardia-civil-de-la-pobla-dete-dues-persones-implicades-en-set-robatoris-en-habitatges-i-naus-de-la-provincia","status":"publish","type":"post","link":"https:\/\/www.tucomarca.com\/wordpress\/segunda\/ca\/la-guardia-civil-de-la-pobla-dete-dues-persones-implicades-en-set-robatoris-en-habitatges-i-naus-de-la-provincia\/","title":{"rendered":"La Gu\u00e0rdia Civil de la Pobla det\u00e9 dues persones implicades en set robatoris en habitatges i naus de la prov\u00edncia"},"content":{"rendered":"\n<p>La Gu\u00e0rdia Civil de la Pobla de Vallbona va tenir coneixement a trav\u00e9s de la Policia Local de Sant Antoni de Benag\u00e9ber, de l&#8217;exist\u00e8ncia de dues persones que carecian de documentaci\u00f3 i portaven efectes de dubtosa proced\u00e8ncia.<br> Personada patrulla de la GC en el lloc, es comprova que els dos sospitosos no tenen documentaci\u00f3, constatant que porten diversos objectes en el vehicle. <\/p>\n\n\n\n<p>A l&#8217;estar mancat de documentaci\u00f3, aix\u00ed com a causa de les incongru\u00e8ncies en les respostes obtingudes sobre la proced\u00e8ncia dels objectes, es procedeix a l&#8217;trasllat dels mateixos a depend\u00e8ncies oficials a fi de procedir a la seva plena identificaci\u00f3 aix\u00ed com comprovar la proced\u00e8ncia dels objectes.<\/p>\n\n\n\n<p>Un cop a depend\u00e8ncies oficials, es va comprovar que entre les pertinences que portaven els dos homes hi havia objectes d&#8217;un robatori a la localitat de Pobla de Vallbona.<\/p>\n\n\n\n<p>Per aix\u00f2 es procedeix a la detenci\u00f3 d&#8217;aquestes dues persones, dos homes de 20 anys d&#8217;edat i nacionalitat espanyola per un suposat delicte de robatori amb for\u00e7a en les cosas.<\/p>\n\n\n\n<p>Posteriorment per part de l&#8217;\u00e0rea d&#8217;investigaci\u00f3 de la Gu\u00e0rdia Civil de la Pobla de Vallbona es comprova com la resta de material confiscat, ha estat denunciat anteriorment, esclarint tres robatoris amb for\u00e7a a la localitat de Pobla de Vallbona, dos a Sant Antoni de Benag\u00e9ber, un a Massanasa i un altre a L`Eliana.<\/p>\n\n\n\n<p>Els agents han recuperat diversos efectes dels robatoris comesos. Gr\u00e0cies a la col\u00b7laboraci\u00f3 ciutadana, s&#8217;ha pogut aclarir aquests fets delictius. Les dilig\u00e8ncies han passat a disposici\u00f3 del jutjat d&#8217;instrucci\u00f3 no 6 de Ll\u00edria<\/p>\n","protected":false},"excerpt":{"rendered":"<div class=\"mh-excerpt\">La Gu\u00e0rdia Civil de la Pobla de Vallbona va tenir coneixement a trav\u00e9s de la Policia Local de Sant Antoni de Benag\u00e9ber, de l&#8217;exist\u00e8ncia de dues persones que carecian de documentaci\u00f3 i portaven efectes de <a class=\"mh-excerpt-more\" href=\"https:\/\/www.tucomarca.com\/wordpress\/segunda\/ca\/la-guardia-civil-de-la-pobla-dete-dues-persones-implicades-en-set-robatoris-en-habitatges-i-naus-de-la-provincia\/\" title=\"La Gu\u00e0rdia Civil de la Pobla det\u00e9 dues persones implicades en set robatoris en habitatges i naus de la prov\u00edncia\">[+] <\/a><\/div>\n","protected":false},"author":1,"featured_media":100062,"comment_status":"open","ping_status":"open","sticky":false,"template":"","format":"standard","meta":{"footnotes":""},"categories":[10892,10898,10894,10915,10928,10934,10896,10897],"tags":[10395,10899],"class_list":{"0":"post-100064","1":"post","2":"type-post","3":"status-publish","4":"format-standard","5":"has-post-thumbnail","7":"category-camp-de-turia-ca","8":"category-ventana-ca","9":"category-la-comarca-ca","10":"category-la-pobla-ca","11":"category-lliria-ca","12":"category-san-antonio-de-benageber-ca","13":"category-seccion-ca","14":"category-sucesos-la-comarca-ca","15":"tag-camp-de-turia","16":"tag-camp-de-turia-ca"},"_links":{"self":[{"href":"https:\/\/www.tucomarca.com\/wordpress\/segunda\/ca\/wp-json\/wp\/v2\/posts\/100064","targetHints":{"allow":["GET"]}}],"collection":[{"href":"https:\/\/www.tucomarca.com\/wordpress\/segunda\/ca\/wp-json\/wp\/v2\/posts"}],"about":[{"href":"https:\/\/www.tucomarca.com\/wordpress\/segunda\/ca\/wp-json\/wp\/v2\/types\/post"}],"author":[{"embeddable":true,"href":"https:\/\/www.tucomarca.com\/wordpress\/segunda\/ca\/wp-json\/wp\/v2\/users\/1"}],"replies":[{"embeddable":true,"href":"https:\/\/www.tucomarca.com\/wordpress\/segunda\/ca\/wp-json\/wp\/v2\/comments?post=100064"}],"version-history":[{"count":0,"href":"https:\/\/www.tucomarca.com\/wordpress\/segunda\/ca\/wp-json\/wp\/v2\/posts\/100064\/revisions"}],"wp:featuredmedia":[{"embeddable":true,"href":"https:\/\/www.tucomarca.com\/wordpress\/segunda\/ca\/wp-json\/wp\/v2\/media\/100062"}],"wp:attachment":[{"href":"https:\/\/www.tucomarca.com\/wordpress\/segunda\/ca\/wp-json\/wp\/v2\/media?parent=100064"}],"wp:term":[{"taxonomy":"category","embeddable":true,"href":"https:\/\/www.tucomarca.com\/wordpress\/segunda\/ca\/wp-json\/wp\/v2\/categories?post=100064"},{"taxonomy":"post_tag","embeddable":true,"href":"https:\/\/www.tucomarca.com\/wordpress\/segunda\/ca\/wp-json\/wp\/v2\/tags?post=100064"}],"curies":[{"name":"wp","href":"https:\/\/api.w.org\/{rel}","templated":true}]}}