{"id":100071,"date":"2020-02-25T15:37:34","date_gmt":"2020-02-25T13:37:34","guid":{"rendered":"http:\/\/www.tucomarca.com\/wordpress\/segunda\/?p=100071"},"modified":"2020-02-25T16:14:15","modified_gmt":"2020-02-25T14:14:15","slug":"el-circuit-ricardo-tormo-de-xest-celebra-aquest-cap-de-setmana-la-seva-concentracio-de-vehicles-classics","status":"publish","type":"post","link":"https:\/\/www.tucomarca.com\/wordpress\/segunda\/ca\/el-circuit-ricardo-tormo-de-xest-celebra-aquest-cap-de-setmana-la-seva-concentracio-de-vehicles-classics\/","title":{"rendered":"El Circuit Ricardo Tormo de Xest celebra aquest cap de setmana la seua concentraci\u00f3 de vehicles cl\u00e0ssics"},"content":{"rendered":"\n<p>El Circuit Ricardo Tormo celebra aquest cap de setmana la setena edici\u00f3 de l&#8217;Racing Legends, la concentraci\u00f3 de vehicles cl\u00e0ssics que cada any obre el calendari de curses de Xest.<\/p>\n\n\n\n<p>Dues jornades en qu\u00e8 els vehicles d&#8217;\u00e8poca prenen la pista i el p\u00e0doc de l&#8217;circuit amb exhibicions i tamb\u00e9 amb competici\u00f3. Durant el Racing Legends se celebraran carreres de l&#8217;Trofeu de Regularitat de la Comunitat Valenciana, de l&#8217;Historic Endurance, de el Campionat d&#8217;Espanya de Motos Cl\u00e0ssiques i de la International Classic Grand Prix, un certamen europeu amb motos cl\u00e0ssiques de competici\u00f3.<\/p>\n\n\n\n<p>A m\u00e9s, se celebrar\u00e0 el Trofeu Paco Gonz\u00e1lez amb un bon nombre de motos de competici\u00f3 anteriors a 1994 amb especial atenci\u00f3 a les Kawasaki de Gran Premi i a el pilot sud-afric\u00e0 quatre vegades campi\u00f3 de m\u00f3n Kork Ballington que \u00e9s l&#8217;estrella convidada a l&#8217;esdeveniment.<\/p>\n\n\n\n<p><strong>Mercat modernista<\/strong><\/p>\n\n\n\n<p>Entre les activitats, curses i exposicions destaca una novetat en el programa. Per primera vegada el Racing Legends, en col\u00b7laboraci\u00f3 amb la companyia La Farga de Vulc\u00e0, ofereix una completa programaci\u00f3 d&#8217;activitats d&#8217;oci per a tota la fam\u00edlia centrada en l&#8217;\u00e8poca de l&#8217;modernisme valenci\u00e0.<\/p>\n\n\n\n<p>Les entrades per assistir a l&#8217;Racing Legends estan a la venda a la p\u00e0gina web oficial de Circuit (consultar aqu\u00ed) i tamb\u00e9 a les taquilles de Circuit tant dissabte com diumenge a partir de les 9.00 hores. El preu de l&#8217;abonament per als dos dies \u00e9s de 15 euros i l&#8217;entrada \u00fanica d&#8217;un dia \u00e9s de 10 euros.<\/p>\n","protected":false},"excerpt":{"rendered":"<div class=\"mh-excerpt\">El Circuit Ricardo Tormo celebra aquest cap de setmana la setena edici\u00f3 de l&#8217;Racing Legends, la concentraci\u00f3 de vehicles cl\u00e0ssics que cada any obre el calendari de curses de Xest. Dues jornades en qu\u00e8 els <a class=\"mh-excerpt-more\" href=\"https:\/\/www.tucomarca.com\/wordpress\/segunda\/ca\/el-circuit-ricardo-tormo-de-xest-celebra-aquest-cap-de-setmana-la-seva-concentracio-de-vehicles-classics\/\" title=\"El Circuit Ricardo Tormo de Xest celebra aquest cap de setmana la seua concentraci\u00f3 de vehicles cl\u00e0ssics\">[+] <\/a><\/div>\n","protected":false},"author":1,"featured_media":100069,"comment_status":"open","ping_status":"open","sticky":false,"template":"","format":"standard","meta":{"footnotes":""},"categories":[11019,11003,10904,10912,11011,10896,10974],"tags":[10379,10661],"class_list":{"0":"post-100071","1":"post","2":"type-post","3":"status-publish","4":"format-standard","5":"has-post-thumbnail","7":"category-agenda-ca","8":"category-sports","9":"category-sin-categorizar-ca","10":"category-la-hoya-ca","11":"category-motociclismo-ca","12":"category-seccion-ca","13":"category-cheste-ca","14":"tag-deportes","15":"tag-esports"},"_links":{"self":[{"href":"https:\/\/www.tucomarca.com\/wordpress\/segunda\/ca\/wp-json\/wp\/v2\/posts\/100071","targetHints":{"allow":["GET"]}}],"collection":[{"href":"https:\/\/www.tucomarca.com\/wordpress\/segunda\/ca\/wp-json\/wp\/v2\/posts"}],"about":[{"href":"https:\/\/www.tucomarca.com\/wordpress\/segunda\/ca\/wp-json\/wp\/v2\/types\/post"}],"author":[{"embeddable":true,"href":"https:\/\/www.tucomarca.com\/wordpress\/segunda\/ca\/wp-json\/wp\/v2\/users\/1"}],"replies":[{"embeddable":true,"href":"https:\/\/www.tucomarca.com\/wordpress\/segunda\/ca\/wp-json\/wp\/v2\/comments?post=100071"}],"version-history":[{"count":0,"href":"https:\/\/www.tucomarca.com\/wordpress\/segunda\/ca\/wp-json\/wp\/v2\/posts\/100071\/revisions"}],"wp:featuredmedia":[{"embeddable":true,"href":"https:\/\/www.tucomarca.com\/wordpress\/segunda\/ca\/wp-json\/wp\/v2\/media\/100069"}],"wp:attachment":[{"href":"https:\/\/www.tucomarca.com\/wordpress\/segunda\/ca\/wp-json\/wp\/v2\/media?parent=100071"}],"wp:term":[{"taxonomy":"category","embeddable":true,"href":"https:\/\/www.tucomarca.com\/wordpress\/segunda\/ca\/wp-json\/wp\/v2\/categories?post=100071"},{"taxonomy":"post_tag","embeddable":true,"href":"https:\/\/www.tucomarca.com\/wordpress\/segunda\/ca\/wp-json\/wp\/v2\/tags?post=100071"}],"curies":[{"name":"wp","href":"https:\/\/api.w.org\/{rel}","templated":true}]}}