{"id":100093,"date":"2020-02-25T19:34:51","date_gmt":"2020-02-25T17:34:51","guid":{"rendered":"http:\/\/www.tucomarca.com\/wordpress\/segunda\/?p=100093"},"modified":"2020-02-25T19:34:52","modified_gmt":"2020-02-25T17:34:52","slug":"el-cami-natural-de-lxuquer-pren-forma-de-la-ma-de-la-diputacio-de-valencia","status":"publish","type":"post","link":"https:\/\/www.tucomarca.com\/wordpress\/segunda\/ca\/el-cami-natural-de-lxuquer-pren-forma-de-la-ma-de-la-diputacio-de-valencia\/","title":{"rendered":"El Cam\u00ed Natural de l&#8217;X\u00faquer pren forma de la m\u00e0 de la Diputaci\u00f3 de Val\u00e8ncia"},"content":{"rendered":"\n<p>La diputada de Mobilitat Sostenible de la Diputaci\u00f3 de Val\u00e8ncia, Dolors Gimeno, s&#8217;ha reunit amb els t\u00e8cnics i representants dels municipis de les comarques de la Ribera, Canal de Navarr\u00e9s i la Vall de Cofrents &#8211; Aiora, per on transcorrer\u00e0 el Cam\u00ed Natural de l&#8217;X\u00faquer , per con\u00e8ixer les seves valoracions inicials de l&#8217;tra\u00e7at i analitzar les possibles millores aportades pels municipis a el projecte original.<\/p>\n\n\n\n<p>El projecte de Cam\u00ed Natural de l&#8217;X\u00faquer est\u00e0 sufragat amb fons de el Ministeri amb la direcci\u00f3 de la Diputaci\u00f3 de Val\u00e8ncia, i afavorir\u00e0 a 18 municipis valencians per a un total de 190,59 quil\u00f2metres, per tal d&#8217;incrementar el desenvolupament sostenible de la zona amb la coordinaci\u00f3 de la Diputaci\u00f3. D&#8217;aquesta manera es pret\u00e9n mantenir l&#8217;\u00fas d&#8217;antigues vies naturals, facilitar l&#8217;acc\u00e9s amb bici, cavall ia peu, i vertebrar una xarxa de camins naturals al llarg de riu X\u00faquer, creant infraestructures aptes que potencien el medi ambient, l&#8217;esport, la educaci\u00f3, la cultura i el turisme sostenible. La construcci\u00f3 de l&#8217;Cam\u00ed Natural de l&#8217;X\u00faquer tindr\u00e0 una execuci\u00f3 de dos anys, i anir\u00e0 a c\u00e0rrec de l&#8217;Ministeri.<\/p>\n\n\n\n<p>Segons ha explicat la diputada Dolors Gimeno, &#8220;els municipis han aportat millores a el projecte original que hauran de ser acceptades pel Ministeri, tot i que en principi no afecten la declaraci\u00f3 d&#8217;Impacte Ambiental&#8221;, com s\u00f3n les alternatives per sengles tradicionals, enfront de nous camins .<\/p>\n\n\n\n<p>D&#8217;altra banda, la diputada tamb\u00e9 ha informat que el projecte inclour\u00e0 una senyalitzaci\u00f3 espec\u00edfica i panells informatius sobre la hist\u00f2ria, cultura i costums de les zones i pobles per on transcorrer\u00e0 el Cam\u00ed Natural.<\/p>\n","protected":false},"excerpt":{"rendered":"<div class=\"mh-excerpt\">La diputada de Mobilitat Sostenible de la Diputaci\u00f3 de Val\u00e8ncia, Dolors Gimeno, s&#8217;ha reunit amb els t\u00e8cnics i representants dels municipis de les comarques de la Ribera, Canal de Navarr\u00e9s i la Vall de Cofrents <a class=\"mh-excerpt-more\" href=\"https:\/\/www.tucomarca.com\/wordpress\/segunda\/ca\/el-cami-natural-de-lxuquer-pren-forma-de-la-ma-de-la-diputacio-de-valencia\/\" title=\"El Cam\u00ed Natural de l&#8217;X\u00faquer pren forma de la m\u00e0 de la Diputaci\u00f3 de Val\u00e8ncia\">[+] <\/a><\/div>\n","protected":false},"author":1,"featured_media":100091,"comment_status":"open","ping_status":"open","sticky":false,"template":"","format":"standard","meta":{"footnotes":""},"categories":[10951,10898,10948,10963,10894,10902,11007,10947,10896],"tags":[10651,11934,11094,3640,11077],"class_list":{"0":"post-100093","1":"post","2":"type-post","3":"status-publish","4":"format-standard","5":"has-post-thumbnail","7":"category-ayora-cofrentes-ca","8":"category-ventana-ca","9":"category-infraestructuras-ca","10":"category-la-canal-de-navarres-ca","11":"category-la-comarca-ca","12":"category-la-ribera-ca","13":"category-ocio-y-cultura-ca","14":"category-politica","15":"category-seccion-ca","16":"tag-el-valle-de-ayora-cofrentes","17":"tag-el-valle-de-ayora-cofrentes-ca","18":"tag-la-canal-de-navarres","19":"tag-la-ribera-alta","20":"tag-la-ribera-alta-ca"},"_links":{"self":[{"href":"https:\/\/www.tucomarca.com\/wordpress\/segunda\/ca\/wp-json\/wp\/v2\/posts\/100093","targetHints":{"allow":["GET"]}}],"collection":[{"href":"https:\/\/www.tucomarca.com\/wordpress\/segunda\/ca\/wp-json\/wp\/v2\/posts"}],"about":[{"href":"https:\/\/www.tucomarca.com\/wordpress\/segunda\/ca\/wp-json\/wp\/v2\/types\/post"}],"author":[{"embeddable":true,"href":"https:\/\/www.tucomarca.com\/wordpress\/segunda\/ca\/wp-json\/wp\/v2\/users\/1"}],"replies":[{"embeddable":true,"href":"https:\/\/www.tucomarca.com\/wordpress\/segunda\/ca\/wp-json\/wp\/v2\/comments?post=100093"}],"version-history":[{"count":0,"href":"https:\/\/www.tucomarca.com\/wordpress\/segunda\/ca\/wp-json\/wp\/v2\/posts\/100093\/revisions"}],"wp:featuredmedia":[{"embeddable":true,"href":"https:\/\/www.tucomarca.com\/wordpress\/segunda\/ca\/wp-json\/wp\/v2\/media\/100091"}],"wp:attachment":[{"href":"https:\/\/www.tucomarca.com\/wordpress\/segunda\/ca\/wp-json\/wp\/v2\/media?parent=100093"}],"wp:term":[{"taxonomy":"category","embeddable":true,"href":"https:\/\/www.tucomarca.com\/wordpress\/segunda\/ca\/wp-json\/wp\/v2\/categories?post=100093"},{"taxonomy":"post_tag","embeddable":true,"href":"https:\/\/www.tucomarca.com\/wordpress\/segunda\/ca\/wp-json\/wp\/v2\/tags?post=100093"}],"curies":[{"name":"wp","href":"https:\/\/api.w.org\/{rel}","templated":true}]}}