{"id":100198,"date":"2020-02-26T21:31:20","date_gmt":"2020-02-26T19:31:20","guid":{"rendered":"http:\/\/www.tucomarca.com\/wordpress\/segunda\/?p=100198"},"modified":"2020-02-26T21:32:24","modified_gmt":"2020-02-26T19:32:24","slug":"la-temporada-comenca-al-capdamunt-per-als-clubs-bunyol-i-turis-vall-dels-alcalans","status":"publish","type":"post","link":"https:\/\/www.tucomarca.com\/wordpress\/segunda\/ca\/la-temporada-comenca-al-capdamunt-per-als-clubs-bunyol-i-turis-vall-dels-alcalans\/","title":{"rendered":"La temporada comen\u00e7a al capdamunt per als clubs Bunyol i Tur\u00eds-Vall dels Alcalans"},"content":{"rendered":"\n<ul class=\"wp-block-gallery columns-3 is-cropped wp-block-gallery-1 is-layout-flex wp-block-gallery-is-layout-flex\"><li class=\"blocks-gallery-item\"><figure><img loading=\"lazy\" decoding=\"async\" width=\"1024\" height=\"768\" src=\"http:\/\/www.tucomarca.com\/wordpress\/segunda\/wp-content\/uploads\/2020\/02\/gimnastas01-1024x768.jpg\" alt=\"\" data-id=\"100178\" data-link=\"http:\/\/www.tucomarca.com\/wordpress\/segunda\/?attachment_id=100178\" class=\"wp-image-100178\" srcset=\"https:\/\/www.tucomarca.com\/wordpress\/segunda\/wp-content\/uploads\/2020\/02\/gimnastas01-1024x768.jpg 1024w, https:\/\/www.tucomarca.com\/wordpress\/segunda\/wp-content\/uploads\/2020\/02\/gimnastas01-300x225.jpg 300w, https:\/\/www.tucomarca.com\/wordpress\/segunda\/wp-content\/uploads\/2020\/02\/gimnastas01-768x576.jpg 768w, https:\/\/www.tucomarca.com\/wordpress\/segunda\/wp-content\/uploads\/2020\/02\/gimnastas01-678x509.jpg 678w, https:\/\/www.tucomarca.com\/wordpress\/segunda\/wp-content\/uploads\/2020\/02\/gimnastas01-326x245.jpg 326w, https:\/\/www.tucomarca.com\/wordpress\/segunda\/wp-content\/uploads\/2020\/02\/gimnastas01-80x60.jpg 80w, https:\/\/www.tucomarca.com\/wordpress\/segunda\/wp-content\/uploads\/2020\/02\/gimnastas01.jpg 1600w\" sizes=\"auto, (max-width: 1024px) 100vw, 1024px\" \/><\/figure><\/li><li class=\"blocks-gallery-item\"><figure><img loading=\"lazy\" decoding=\"async\" width=\"960\" height=\"720\" src=\"http:\/\/www.tucomarca.com\/wordpress\/segunda\/wp-content\/uploads\/2020\/02\/gimnastas02.jpg\" alt=\"\" data-id=\"100180\" data-link=\"http:\/\/www.tucomarca.com\/wordpress\/segunda\/?attachment_id=100180\" class=\"wp-image-100180\" srcset=\"https:\/\/www.tucomarca.com\/wordpress\/segunda\/wp-content\/uploads\/2020\/02\/gimnastas02.jpg 960w, https:\/\/www.tucomarca.com\/wordpress\/segunda\/wp-content\/uploads\/2020\/02\/gimnastas02-300x225.jpg 300w, https:\/\/www.tucomarca.com\/wordpress\/segunda\/wp-content\/uploads\/2020\/02\/gimnastas02-768x576.jpg 768w, https:\/\/www.tucomarca.com\/wordpress\/segunda\/wp-content\/uploads\/2020\/02\/gimnastas02-678x509.jpg 678w, https:\/\/www.tucomarca.com\/wordpress\/segunda\/wp-content\/uploads\/2020\/02\/gimnastas02-326x245.jpg 326w, https:\/\/www.tucomarca.com\/wordpress\/segunda\/wp-content\/uploads\/2020\/02\/gimnastas02-80x60.jpg 80w\" sizes=\"auto, (max-width: 960px) 100vw, 960px\" \/><\/figure><\/li><li class=\"blocks-gallery-item\"><figure><img loading=\"lazy\" decoding=\"async\" width=\"1024\" height=\"768\" src=\"http:\/\/www.tucomarca.com\/wordpress\/segunda\/wp-content\/uploads\/2020\/02\/gimnastas03-1024x768.jpg\" alt=\"\" data-id=\"100182\" data-link=\"http:\/\/www.tucomarca.com\/wordpress\/segunda\/?attachment_id=100182\" class=\"wp-image-100182\" srcset=\"https:\/\/www.tucomarca.com\/wordpress\/segunda\/wp-content\/uploads\/2020\/02\/gimnastas03-1024x768.jpg 1024w, https:\/\/www.tucomarca.com\/wordpress\/segunda\/wp-content\/uploads\/2020\/02\/gimnastas03-300x225.jpg 300w, https:\/\/www.tucomarca.com\/wordpress\/segunda\/wp-content\/uploads\/2020\/02\/gimnastas03-768x576.jpg 768w, https:\/\/www.tucomarca.com\/wordpress\/segunda\/wp-content\/uploads\/2020\/02\/gimnastas03-678x509.jpg 678w, https:\/\/www.tucomarca.com\/wordpress\/segunda\/wp-content\/uploads\/2020\/02\/gimnastas03-326x245.jpg 326w, https:\/\/www.tucomarca.com\/wordpress\/segunda\/wp-content\/uploads\/2020\/02\/gimnastas03-80x60.jpg 80w, https:\/\/www.tucomarca.com\/wordpress\/segunda\/wp-content\/uploads\/2020\/02\/gimnastas03.jpg 1600w\" sizes=\"auto, (max-width: 1024px) 100vw, 1024px\" \/><\/figure><\/li><li class=\"blocks-gallery-item\"><figure><img loading=\"lazy\" decoding=\"async\" width=\"768\" height=\"1024\" src=\"http:\/\/www.tucomarca.com\/wordpress\/segunda\/wp-content\/uploads\/2020\/02\/gimnastas04-768x1024.jpg\" alt=\"\" data-id=\"100184\" data-link=\"http:\/\/www.tucomarca.com\/wordpress\/segunda\/?attachment_id=100184\" class=\"wp-image-100184\" srcset=\"https:\/\/www.tucomarca.com\/wordpress\/segunda\/wp-content\/uploads\/2020\/02\/gimnastas04-768x1024.jpg 768w, https:\/\/www.tucomarca.com\/wordpress\/segunda\/wp-content\/uploads\/2020\/02\/gimnastas04-225x300.jpg 225w, https:\/\/www.tucomarca.com\/wordpress\/segunda\/wp-content\/uploads\/2020\/02\/gimnastas04.jpg 1200w\" sizes=\"auto, (max-width: 768px) 100vw, 768px\" \/><\/figure><\/li><li class=\"blocks-gallery-item\"><figure><img loading=\"lazy\" decoding=\"async\" width=\"1024\" height=\"626\" src=\"http:\/\/www.tucomarca.com\/wordpress\/segunda\/wp-content\/uploads\/2020\/02\/gimnastas05-1024x626.jpg\" alt=\"\" data-id=\"100186\" data-link=\"http:\/\/www.tucomarca.com\/wordpress\/segunda\/?attachment_id=100186\" class=\"wp-image-100186\" srcset=\"https:\/\/www.tucomarca.com\/wordpress\/segunda\/wp-content\/uploads\/2020\/02\/gimnastas05-1024x626.jpg 1024w, https:\/\/www.tucomarca.com\/wordpress\/segunda\/wp-content\/uploads\/2020\/02\/gimnastas05-300x183.jpg 300w, https:\/\/www.tucomarca.com\/wordpress\/segunda\/wp-content\/uploads\/2020\/02\/gimnastas05-768x470.jpg 768w, https:\/\/www.tucomarca.com\/wordpress\/segunda\/wp-content\/uploads\/2020\/02\/gimnastas05.jpg 1076w\" sizes=\"auto, (max-width: 1024px) 100vw, 1024px\" \/><\/figure><\/li><li class=\"blocks-gallery-item\"><figure><img loading=\"lazy\" decoding=\"async\" width=\"960\" height=\"640\" src=\"http:\/\/www.tucomarca.com\/wordpress\/segunda\/wp-content\/uploads\/2020\/02\/gimnastas06.jpg\" alt=\"\" data-id=\"100188\" data-link=\"http:\/\/www.tucomarca.com\/wordpress\/segunda\/?attachment_id=100188\" class=\"wp-image-100188\" srcset=\"https:\/\/www.tucomarca.com\/wordpress\/segunda\/wp-content\/uploads\/2020\/02\/gimnastas06.jpg 960w, https:\/\/www.tucomarca.com\/wordpress\/segunda\/wp-content\/uploads\/2020\/02\/gimnastas06-300x200.jpg 300w, https:\/\/www.tucomarca.com\/wordpress\/segunda\/wp-content\/uploads\/2020\/02\/gimnastas06-768x512.jpg 768w\" sizes=\"auto, (max-width: 960px) 100vw, 960px\" \/><\/figure><\/li><li class=\"blocks-gallery-item\"><figure><img loading=\"lazy\" decoding=\"async\" width=\"618\" height=\"463\" src=\"http:\/\/www.tucomarca.com\/wordpress\/segunda\/wp-content\/uploads\/2020\/02\/gimnastas07.jpg\" alt=\"\" data-id=\"100190\" data-link=\"http:\/\/www.tucomarca.com\/wordpress\/segunda\/?attachment_id=100190\" class=\"wp-image-100190\" srcset=\"https:\/\/www.tucomarca.com\/wordpress\/segunda\/wp-content\/uploads\/2020\/02\/gimnastas07.jpg 618w, https:\/\/www.tucomarca.com\/wordpress\/segunda\/wp-content\/uploads\/2020\/02\/gimnastas07-300x225.jpg 300w, https:\/\/www.tucomarca.com\/wordpress\/segunda\/wp-content\/uploads\/2020\/02\/gimnastas07-326x245.jpg 326w, https:\/\/www.tucomarca.com\/wordpress\/segunda\/wp-content\/uploads\/2020\/02\/gimnastas07-80x60.jpg 80w\" sizes=\"auto, (max-width: 618px) 100vw, 618px\" \/><\/figure><\/li><li class=\"blocks-gallery-item\"><figure><img loading=\"lazy\" decoding=\"async\" width=\"768\" height=\"1024\" src=\"http:\/\/www.tucomarca.com\/wordpress\/segunda\/wp-content\/uploads\/2020\/02\/gimnastas08-768x1024.jpg\" alt=\"\" data-id=\"100192\" data-link=\"http:\/\/www.tucomarca.com\/wordpress\/segunda\/?attachment_id=100192\" class=\"wp-image-100192\" srcset=\"https:\/\/www.tucomarca.com\/wordpress\/segunda\/wp-content\/uploads\/2020\/02\/gimnastas08-768x1024.jpg 768w, https:\/\/www.tucomarca.com\/wordpress\/segunda\/wp-content\/uploads\/2020\/02\/gimnastas08-225x300.jpg 225w, https:\/\/www.tucomarca.com\/wordpress\/segunda\/wp-content\/uploads\/2020\/02\/gimnastas08.jpg 1200w\" sizes=\"auto, (max-width: 768px) 100vw, 768px\" \/><\/figure><\/li><\/ul>\n\n\n\n<p>La temporada comen\u00e7a al capdamunt per a les gimnastes i t\u00e8cnics dels clubs de gimn\u00e0stica r\u00edtmica de Bunyol i Tur\u00eds-Vall dels Alcalans.<br>\n\u00abLa temporada 2020 obre amb les fases classificat\u00f2ries per al campionat d&#8217;Espanya Base individual i tots els amistosos als quals han pogut acudir nostres gimnastes d&#8217;aquest nivell\u00bb, tal com han informat fonts de club.<br>\n\u00abNo totes les gimnastes que s&#8217;han presentat han optat a un lloc per al campionat d&#8217;Espanya, per\u00f2 moltes d&#8217;elles han obtingut magn\u00edfics resultats: Irene Bosh subcampiona d&#8217;el trofeu nacional Infantado (Guadalajara); Inma Juan campiona de la segona fase de l&#8217;Trofeu Mediterrani (Bunyol); Elvira Ponce medalla de plata al Trofeu Mediterrani (Bunyol); Sara Mar\u00edn quarta classificada en el trofeu mediterrani (Bunyol); i Paola Iranzo tercera classificada en el trofeu mediterrani \u00bb.<br>\n\u00abNo obstant aix\u00f2 volem fer menci\u00f3 especial a les tres gimnastes que han aconseguit un merescud\u00edssim lloc en el campionat d&#8217;Espanya Base individual i que poden optar a ser esportistes d&#8217;elit, a Pamplona de l&#8217;22 a l&#8217;26 d&#8217;abril. No nom\u00e9s van aconseguir classificar-se davant 20 gimnastes de la Comunitat Valenciana sin\u00f3 que dues d&#8217;elles van pujar a p\u00f2dium obtenint les terceres millors notes de la seva categoria: Sara Castillo, prebenjam\u00ed, subcampiona de la fase provincial el passat 8 de febrer i classificada per al campionat d&#8217;Espanya . Amaia Fuertes, alev\u00ed (2010), tercera classificada en la fase auton\u00f2mica celebrada aquest passat dissabte. I Andrea Vega, juvenil, tercera classificada en la fase auton\u00f2mica \u00bb, han destacat des del club de gimn\u00e0stica r\u00edtmica de Bunyol i Tur\u00eds-Vall dels Alcalans.<br>\nEl cos t\u00e8cnic se sent \u00abmolt il\u00b7lusionat a l&#8217;una que satisfet per la feina aconseguit amb els seus gimnastes\u00bb i han destaquen \u00abel bon fer i l&#8217;actitud de totes elles i el suport incondicional de tant pares, Ajuntaments i patrocinador (ASG)\u00bb.<br>\nA m\u00e9s, aquest dissabte el conjunt cadet es jugar\u00e0 una pla\u00e7a tamb\u00e9 en la fase auton\u00f2mica per anar a Pamplona, \u200b\u200ba participar a la Copa d&#8217;Espanya Base.<\/p>\n","protected":false},"excerpt":{"rendered":"<div class=\"mh-excerpt\">La temporada comen\u00e7a al capdamunt per a les gimnastes i t\u00e8cnics dels clubs de gimn\u00e0stica r\u00edtmica de Bunyol i Tur\u00eds-Vall dels Alcalans. \u00abLa temporada 2020 obre amb les fases classificat\u00f2ries per al campionat d&#8217;Espanya Base <a class=\"mh-excerpt-more\" href=\"https:\/\/www.tucomarca.com\/wordpress\/segunda\/ca\/la-temporada-comenca-al-capdamunt-per-als-clubs-bunyol-i-turis-vall-dels-alcalans\/\" title=\"La temporada comen\u00e7a al capdamunt per als clubs Bunyol i Tur\u00eds-Vall dels Alcalans\">[+] <\/a><\/div>\n","protected":false},"author":1,"featured_media":100195,"comment_status":"open","ping_status":"open","sticky":false,"template":"","format":"gallery","meta":{"footnotes":""},"categories":[10911,11003,10912,10902,11009,10896,11047],"tags":[10379,10661],"class_list":{"0":"post-100198","1":"post","2":"type-post","3":"status-publish","4":"format-gallery","5":"has-post-thumbnail","7":"category-bunol-ca","8":"category-sports","9":"category-la-hoya-ca","10":"category-la-ribera-ca","11":"category-polideportivo-ca","12":"category-seccion-ca","13":"category-turis-ca","14":"tag-deportes","15":"tag-esports","16":"post_format-post-format-gallery"},"_links":{"self":[{"href":"https:\/\/www.tucomarca.com\/wordpress\/segunda\/ca\/wp-json\/wp\/v2\/posts\/100198","targetHints":{"allow":["GET"]}}],"collection":[{"href":"https:\/\/www.tucomarca.com\/wordpress\/segunda\/ca\/wp-json\/wp\/v2\/posts"}],"about":[{"href":"https:\/\/www.tucomarca.com\/wordpress\/segunda\/ca\/wp-json\/wp\/v2\/types\/post"}],"author":[{"embeddable":true,"href":"https:\/\/www.tucomarca.com\/wordpress\/segunda\/ca\/wp-json\/wp\/v2\/users\/1"}],"replies":[{"embeddable":true,"href":"https:\/\/www.tucomarca.com\/wordpress\/segunda\/ca\/wp-json\/wp\/v2\/comments?post=100198"}],"version-history":[{"count":0,"href":"https:\/\/www.tucomarca.com\/wordpress\/segunda\/ca\/wp-json\/wp\/v2\/posts\/100198\/revisions"}],"wp:featuredmedia":[{"embeddable":true,"href":"https:\/\/www.tucomarca.com\/wordpress\/segunda\/ca\/wp-json\/wp\/v2\/media\/100195"}],"wp:attachment":[{"href":"https:\/\/www.tucomarca.com\/wordpress\/segunda\/ca\/wp-json\/wp\/v2\/media?parent=100198"}],"wp:term":[{"taxonomy":"category","embeddable":true,"href":"https:\/\/www.tucomarca.com\/wordpress\/segunda\/ca\/wp-json\/wp\/v2\/categories?post=100198"},{"taxonomy":"post_tag","embeddable":true,"href":"https:\/\/www.tucomarca.com\/wordpress\/segunda\/ca\/wp-json\/wp\/v2\/tags?post=100198"}],"curies":[{"name":"wp","href":"https:\/\/api.w.org\/{rel}","templated":true}]}}