{"id":100204,"date":"2020-02-26T23:50:26","date_gmt":"2020-02-26T21:50:26","guid":{"rendered":"http:\/\/www.tucomarca.com\/wordpress\/segunda\/?p=100204"},"modified":"2020-02-26T23:50:28","modified_gmt":"2020-02-26T21:50:28","slug":"riba-roja-convoca-els-ii-premis-ecoriba-2020-per-a-promoure-el-respecte-al-medi-ambient-en-lambit-educatiu-empresarial-i-associatiu","status":"publish","type":"post","link":"https:\/\/www.tucomarca.com\/wordpress\/segunda\/ca\/riba-roja-convoca-els-ii-premis-ecoriba-2020-per-a-promoure-el-respecte-al-medi-ambient-en-lambit-educatiu-empresarial-i-associatiu\/","title":{"rendered":"Riba-roja convoca els II Premis EcoRiba 2020 per a promoure el respecte al medi ambient en l\u2019\u00e0mbit educatiu, empresarial i associatiu"},"content":{"rendered":"\n<p>L&#8217;Ajuntament de Riba-roja de T\u00faria ha convocat els II Premis Eco-Riba 2020 per a promoure el respecte al medi ambient des dels vessants empresarial, educatiu, el teixit associatiu i els mitjans de comunicaci\u00f3 tot amb un afany perqu\u00e8 els treballs que s\u2019hi presenten ajuden a augmentar-ne la conscienciaci\u00f3 i la regeneraci\u00f3 del paisatge i de l\u2019entorn m\u00e9s proper.&nbsp;<\/p>\n\n\n\n<p>\tEls premis de Riba-roja de T\u00faria s\u2019estableixen en cinc categories per a les quals es dotar\u00e0 un \u00fanic premi de 1.500 euros al guanyador pel que fa a l\u2019EcoRiba circular, l\u2019EcoRiba educatiu (amb altres 500 euros per al finalista), l\u2019EcoRiba Paisatge, l\u2019EcoRiba Honor\u00edfic i, finalment, l\u2019EcoRiba de Difusi\u00f3. La dotaci\u00f3 econ\u00f2mica dels premis es carregar\u00e0 als pressupostos econ\u00f2mics d\u2019enguany. &nbsp;<\/p>\n\n\n\n<p>\tLa conscienciaci\u00f3 i la sensibilitat de l\u2019Ajuntament de Riba-roja de T\u00faria envers el medi ambient queda pal\u00e8s amb la posada en marxa del programa EcoRiba impulsat l\u2019any 2016 amb l\u2019afany de posar en valor el paisatge de la localitat per a dinamitzar el territori de forma sostenible i solid\u00e0ria. Tamb\u00e9 es presta atenci\u00f3 a l\u2019economia verda, els jaciments d\u2019ocupaci\u00f3, l\u2019efici\u00e8ncia energ\u00e8tica o el consum energ\u00e8tic, entre d\u2019altres.&nbsp;<\/p>\n\n\n\n<p>\tLes sol\u00b7licituds dels aspirants es podran presentar fins el proper 1 de mar\u00e7 al registre general o mitjan\u00e7ant la seu electr\u00f2nica tota la documentaci\u00f3 requerida, a m\u00e9s de la inst\u00e0ncia acreditativa. El jurat estar\u00e0 format pel Regidor de Medi Ambient, un t\u00e8cnic de la regidoria, una persona del projecte EcoRiba, tres especialistes de l\u2019\u00e0mbit universitari i, finalment, l\u2019alcalde o una persona delegda.&nbsp;<\/p>\n\n\n\n<p>\tA l\u2019hora de valorar els treballs presentats, el jurat tindr\u00e0 en compte la innovaci\u00f3, l\u2019originalitat i impacte que tinguen en compte la societat i la cura al medi ambient, tot i que els membres tindran la l\u2019opci\u00f3 de declarar-ne deserts alguna de les candidatures si, segons el seu criteri, els treballs no arriben a complir els requisits esmentats. El lliurament dels premis tindr\u00e0 lloc en un acte de gala al llarg del mes d\u2019abril. Els drets dels treballs presentats es cedeixen a l\u2019ajuntament.<\/p>\n\n\n\n<p>\tLa categoria d\u2019EcoRiba Cicular s\u2019enfoca per a aquelles empreses amb seu a Riba-roja que hagen implantat accions significatives que permeten quantificar-se amb resultats, en efici\u00e8ncia energ\u00e8tica aix\u00ed com en la reducci\u00f3, reutilitzaci\u00f3 i reciclatge dels residus de les emissions de di\u00f2xid de carboni (CO2).&nbsp;<\/p>\n\n\n\n<p>\tPel que fa a l\u2019EcoRiba Educatiu est\u00e0 adre\u00e7at als centres escolars de la localitat amb projectes que s\u2019hagen desenvolupat al municipi, amb un programa educatiu anual rigor\u00f3s i rellevant en l\u2019ensenyament de la protecci\u00f3 del medi ambient de Riba-roja de T\u00faria. Els treballs s\u2019hauran hagut de portar a terme durant un m\u00ednim d\u2019un any i s\u2019hi analitzaran els resultats obtinguts.&nbsp;<\/p>\n\n\n\n<p>\tEn l\u2019EcoRiba Paisatge podran participar projectes p\u00fablics i privats que en destaquen per la seua posada en valor del paisatge del municipi i la seua transcend\u00e8ncia social de Riba-roja de T\u00faria.&nbsp;<\/p>\n\n\n\n<p>\tL\u2019EcoRiba Honor\u00edfic es dirigeix a particular, centres ocupacionals i educatius, associacions, Ongs, fundacions i d\u2019altres col\u00b7lectius socials amb seu a Riba-roja amb accions desenvolupades com a m\u00ednim durant l\u2019any 2019 i que en destaquen per l\u2019originalitat, l\u2019efic\u00e0cia i la participaci\u00f3 ciutadana.&nbsp;<\/p>\n\n\n\n<p>\tFinalment, l\u2019EcoRiba difusi\u00f3 s\u2019adre\u00e7a als mitjans de comunicaci\u00f3 d\u2019\u00e0mbit nacional que hagen portat a terme accions en mat\u00e8ria de difusi\u00f3 de temes d\u2019inter\u00e8s medi ambientals.&nbsp;<\/p>\n\n\n\n<p>\tL&#8217;alcalde de Riba-roja de T\u00faria, Robert Raga, ha remarcat la consolidaci\u00f3 \u201cd\u2019uns premis que arriben a la segona edici\u00f3 amb els quals es difon la import\u00e0ncia que t\u00e9 per a la nostra vida quotidiana el respecte i la protecci\u00f3 del medi ambient, per a la qual cosa involucrem els \u00e0mbits empresarials, educatius i els mitjans de comunicaci\u00f3 perqu\u00e8 s\u00f3n tots importants en eixa tasca social\u201d.<\/p>\n","protected":false},"excerpt":{"rendered":"<div class=\"mh-excerpt\">L&#8217;Ajuntament de Riba-roja de T\u00faria ha convocat els II Premis Eco-Riba 2020 per a promoure el respecte al medi ambient des dels vessants empresarial, educatiu, el teixit associatiu i els mitjans de comunicaci\u00f3 tot amb <a class=\"mh-excerpt-more\" href=\"https:\/\/www.tucomarca.com\/wordpress\/segunda\/ca\/riba-roja-convoca-els-ii-premis-ecoriba-2020-per-a-promoure-el-respecte-al-medi-ambient-en-lambit-educatiu-empresarial-i-associatiu\/\" title=\"Riba-roja convoca els II Premis EcoRiba 2020 per a promoure el respecte al medi ambient en l\u2019\u00e0mbit educatiu, empresarial i associatiu\">[+] <\/a><\/div>\n","protected":false},"author":12,"featured_media":100202,"comment_status":"open","ping_status":"open","sticky":false,"template":"","format":"standard","meta":{"footnotes":""},"categories":[10892,10894,10903,10947,10906,10896],"tags":[1504],"class_list":{"0":"post-100204","1":"post","2":"type-post","3":"status-publish","4":"format-standard","5":"has-post-thumbnail","7":"category-camp-de-turia-ca","8":"category-la-comarca-ca","9":"category-medio-ambiente-la-comarca-ca","10":"category-politica","11":"category-riba-roja-ca","12":"category-seccion-ca","13":"tag-riba-roja-2"},"_links":{"self":[{"href":"https:\/\/www.tucomarca.com\/wordpress\/segunda\/ca\/wp-json\/wp\/v2\/posts\/100204","targetHints":{"allow":["GET"]}}],"collection":[{"href":"https:\/\/www.tucomarca.com\/wordpress\/segunda\/ca\/wp-json\/wp\/v2\/posts"}],"about":[{"href":"https:\/\/www.tucomarca.com\/wordpress\/segunda\/ca\/wp-json\/wp\/v2\/types\/post"}],"author":[{"embeddable":true,"href":"https:\/\/www.tucomarca.com\/wordpress\/segunda\/ca\/wp-json\/wp\/v2\/users\/12"}],"replies":[{"embeddable":true,"href":"https:\/\/www.tucomarca.com\/wordpress\/segunda\/ca\/wp-json\/wp\/v2\/comments?post=100204"}],"version-history":[{"count":0,"href":"https:\/\/www.tucomarca.com\/wordpress\/segunda\/ca\/wp-json\/wp\/v2\/posts\/100204\/revisions"}],"wp:featuredmedia":[{"embeddable":true,"href":"https:\/\/www.tucomarca.com\/wordpress\/segunda\/ca\/wp-json\/wp\/v2\/media\/100202"}],"wp:attachment":[{"href":"https:\/\/www.tucomarca.com\/wordpress\/segunda\/ca\/wp-json\/wp\/v2\/media?parent=100204"}],"wp:term":[{"taxonomy":"category","embeddable":true,"href":"https:\/\/www.tucomarca.com\/wordpress\/segunda\/ca\/wp-json\/wp\/v2\/categories?post=100204"},{"taxonomy":"post_tag","embeddable":true,"href":"https:\/\/www.tucomarca.com\/wordpress\/segunda\/ca\/wp-json\/wp\/v2\/tags?post=100204"}],"curies":[{"name":"wp","href":"https:\/\/api.w.org\/{rel}","templated":true}]}}