{"id":100229,"date":"2020-02-27T15:19:09","date_gmt":"2020-02-27T13:19:09","guid":{"rendered":"http:\/\/www.tucomarca.com\/wordpress\/segunda\/?p=100229"},"modified":"2020-02-27T15:19:11","modified_gmt":"2020-02-27T13:19:11","slug":"els-50-anys-dhistoria-de-la-falla-reis-catolics-de-bunyol-en-una-exposicio-en-la-sala-el-mercat","status":"publish","type":"post","link":"https:\/\/www.tucomarca.com\/wordpress\/segunda\/ca\/els-50-anys-dhistoria-de-la-falla-reis-catolics-de-bunyol-en-una-exposicio-en-la-sala-el-mercat\/","title":{"rendered":"Els 50 anys d&#8217;hist\u00f2ria de la Falla Reis Cat\u00f2lics de Bunyol en una exposici\u00f3 en la Sala El Mercat"},"content":{"rendered":"\n<p><strong>L&#8217;exposici\u00f3 s&#8217;inaugurar\u00e0 dijous que ve, 5 de mar\u00e7<\/strong><\/p>\n\n\n\n<figure class=\"wp-block-image\"><img loading=\"lazy\" decoding=\"async\" width=\"1024\" height=\"913\" src=\"http:\/\/www.tucomarca.com\/wordpress\/segunda\/wp-content\/uploads\/2020\/02\/SORTEO_EXPOSICION-1024x913.jpg\" alt=\"\" class=\"wp-image-100224\" srcset=\"https:\/\/www.tucomarca.com\/wordpress\/segunda\/wp-content\/uploads\/2020\/02\/SORTEO_EXPOSICION-1024x913.jpg 1024w, https:\/\/www.tucomarca.com\/wordpress\/segunda\/wp-content\/uploads\/2020\/02\/SORTEO_EXPOSICION-300x268.jpg 300w, https:\/\/www.tucomarca.com\/wordpress\/segunda\/wp-content\/uploads\/2020\/02\/SORTEO_EXPOSICION-768x685.jpg 768w, https:\/\/www.tucomarca.com\/wordpress\/segunda\/wp-content\/uploads\/2020\/02\/SORTEO_EXPOSICION.jpg 1062w\" sizes=\"auto, (max-width: 1024px) 100vw, 1024px\" \/><\/figure>\n\n\n\n<p>Amb motiu del 50 aniversari de la falla Reis Cat\u00f2lics i Adjacents, la Sala el Mercat acollir\u00e0 una exposici\u00f3 de fotografia dels cinquanta anys de vida d&#8217;esta entranyable comissi\u00f3 de Bu\u00f1ol.<\/p>\n\n\n\n<p>L&#8217;exposici\u00f3 s&#8217;inaugurar\u00e0 dijous que ve 5 de mar\u00e7, a les 19,00 hores, despr\u00e9s d&#8217;una xicoteta cercavila per la barriada. Estar\u00e0 oberta al p\u00fablic a partir del dissabte 7 fins al dissabte 14 de mar\u00e7 en horari de vesprada, des de les 18,00h fins a les 20,00 hores.<\/p>\n\n\n\n<p>El 14 de mar\u00e7, dia de la clausura se sortejar\u00e0 entre les persones que adquirisquen participacions un preci\u00f3s tall de tela de fallera.<\/p>\n","protected":false},"excerpt":{"rendered":"<div class=\"mh-excerpt\">L&#8217;exposici\u00f3 s&#8217;inaugurar\u00e0 dijous que ve, 5 de mar\u00e7 Amb motiu del 50 aniversari de la falla Reis Cat\u00f2lics i Adjacents, la Sala el Mercat acollir\u00e0 una exposici\u00f3 de fotografia dels cinquanta anys de vida d&#8217;esta <a class=\"mh-excerpt-more\" href=\"https:\/\/www.tucomarca.com\/wordpress\/segunda\/ca\/els-50-anys-dhistoria-de-la-falla-reis-catolics-de-bunyol-en-una-exposicio-en-la-sala-el-mercat\/\" title=\"Els 50 anys d&#8217;hist\u00f2ria de la Falla Reis Cat\u00f2lics de Bunyol en una exposici\u00f3 en la Sala El Mercat\">[+] <\/a><\/div>\n","protected":false},"author":12,"featured_media":100228,"comment_status":"open","ping_status":"open","sticky":false,"template":"","format":"standard","meta":{"footnotes":""},"categories":[11019,10911,10894,10912,11008,10896],"tags":[10385],"class_list":{"0":"post-100229","1":"post","2":"type-post","3":"status-publish","4":"format-standard","5":"has-post-thumbnail","7":"category-agenda-ca","8":"category-bunol-ca","9":"category-la-comarca-ca","10":"category-la-hoya-ca","11":"category-pueblos-en-fiestas-ca","12":"category-seccion-ca","13":"tag-bunol"},"_links":{"self":[{"href":"https:\/\/www.tucomarca.com\/wordpress\/segunda\/ca\/wp-json\/wp\/v2\/posts\/100229","targetHints":{"allow":["GET"]}}],"collection":[{"href":"https:\/\/www.tucomarca.com\/wordpress\/segunda\/ca\/wp-json\/wp\/v2\/posts"}],"about":[{"href":"https:\/\/www.tucomarca.com\/wordpress\/segunda\/ca\/wp-json\/wp\/v2\/types\/post"}],"author":[{"embeddable":true,"href":"https:\/\/www.tucomarca.com\/wordpress\/segunda\/ca\/wp-json\/wp\/v2\/users\/12"}],"replies":[{"embeddable":true,"href":"https:\/\/www.tucomarca.com\/wordpress\/segunda\/ca\/wp-json\/wp\/v2\/comments?post=100229"}],"version-history":[{"count":0,"href":"https:\/\/www.tucomarca.com\/wordpress\/segunda\/ca\/wp-json\/wp\/v2\/posts\/100229\/revisions"}],"wp:featuredmedia":[{"embeddable":true,"href":"https:\/\/www.tucomarca.com\/wordpress\/segunda\/ca\/wp-json\/wp\/v2\/media\/100228"}],"wp:attachment":[{"href":"https:\/\/www.tucomarca.com\/wordpress\/segunda\/ca\/wp-json\/wp\/v2\/media?parent=100229"}],"wp:term":[{"taxonomy":"category","embeddable":true,"href":"https:\/\/www.tucomarca.com\/wordpress\/segunda\/ca\/wp-json\/wp\/v2\/categories?post=100229"},{"taxonomy":"post_tag","embeddable":true,"href":"https:\/\/www.tucomarca.com\/wordpress\/segunda\/ca\/wp-json\/wp\/v2\/tags?post=100229"}],"curies":[{"name":"wp","href":"https:\/\/api.w.org\/{rel}","templated":true}]}}