{"id":100241,"date":"2020-02-27T20:51:29","date_gmt":"2020-02-27T18:51:29","guid":{"rendered":"http:\/\/www.tucomarca.com\/wordpress\/segunda\/?p=100241"},"modified":"2020-02-27T20:51:31","modified_gmt":"2020-02-27T18:51:31","slug":"els-municipis-de-la-mancomunitat-de-linterior-omplen-les-seues-agendes-dactivitats-com-motiu-del-dia-internacional-de-la-dona","status":"publish","type":"post","link":"https:\/\/www.tucomarca.com\/wordpress\/segunda\/ca\/els-municipis-de-la-mancomunitat-de-linterior-omplen-les-seues-agendes-dactivitats-com-motiu-del-dia-internacional-de-la-dona\/","title":{"rendered":"Els municipis de la Mancomunitat de l&#8217;Interior omplen les seues agendes d&#8217;activitats com motiu del Dia Internacional de la Dona"},"content":{"rendered":"\n<p><strong>Sota el lema &#8220;Juntes per la Igualtat&#8221;, el Servei d&#8217;Igualtat de la Mancomunitat de l&#8217;Interior ha col\u00b7laborat en la programaci\u00f3 i el disseny de cartelleria per als diferents municipis<\/strong><\/p>\n\n\n\n<p>Com cada any, el proper 8 de mar\u00e7 se celebrar\u00e0 el Dia Internacional de la Dona. Es tracta d&#8217;una data amb la qual es commemora la lluita de la dona per la seva participaci\u00f3, en igualtat amb l&#8217;home, en la societat i en el seu desenvolupament \u00edntegre com a persona. Amb motiu d&#8217;aquesta efem\u00e8ride, els ajuntaments de Camporrobles, Caudete de les Fonts, Fuenterrobles, Sinarcas, Utiel, Venta de l&#8217;Moro i Villargordo del Cabriel han organitzat, en col\u00b7laboraci\u00f3 amb diferents associacions i col\u00b7lectius, diferents activitats per al mes de mar\u00e7.<\/p>\n\n\n\n<p>Tallers, xerrades, contacontes, esport, salut, viatges, marxes \u2026 un gran nombre d&#8217;activitats que giraran al voltant de la dona i que ompliran l&#8217;agenda comarcal dels propers dies.<br>El Servei d&#8217;Igualtat de la Mancomunitat de l&#8217;Interior, a m\u00e9s de col\u00b7laborar en la programaci\u00f3 de les diferents activitats, ha realitzat el disseny de l&#8217;material gr\u00e0fic amb el qual es difondr\u00e0 tota la informaci\u00f3 relacionada, sota el lema &#8220;Juntes per la Igualtat&#8221;. D&#8217;aquesta manera, es transmet el comprom\u00eds amb la dona de manera homog\u00e8nia i unida pels municipis mancomunats.<\/p>\n\n\n\n<p>Les diferents programacions es poden consultar a les p\u00e0gines web i xarxes socials dels ajuntaments esmentats. Tamb\u00e9 estan disponibles en els mitjans de la Mancomunitat de l&#8217;Interior Terra de el Vi (www.tierradelvino.es i @mitierradelvino).<\/p>\n","protected":false},"excerpt":{"rendered":"<div class=\"mh-excerpt\">Sota el lema &#8220;Juntes per la Igualtat&#8221;, el Servei d&#8217;Igualtat de la Mancomunitat de l&#8217;Interior ha col\u00b7laborat en la programaci\u00f3 i el disseny de cartelleria per als diferents municipis Com cada any, el proper 8 <a class=\"mh-excerpt-more\" href=\"https:\/\/www.tucomarca.com\/wordpress\/segunda\/ca\/els-municipis-de-la-mancomunitat-de-linterior-omplen-les-seues-agendes-dactivitats-com-motiu-del-dia-internacional-de-la-dona\/\" title=\"Els municipis de la Mancomunitat de l&#8217;Interior omplen les seues agendes d&#8217;activitats com motiu del Dia Internacional de la Dona\">[+] <\/a><\/div>\n","protected":false},"author":12,"featured_media":100239,"comment_status":"open","ping_status":"open","sticky":false,"template":"","format":"standard","meta":{"footnotes":""},"categories":[10948,10894,10909,10896,10897],"tags":[7976],"class_list":{"0":"post-100241","1":"post","2":"type-post","3":"status-publish","4":"format-standard","5":"has-post-thumbnail","7":"category-infraestructuras-ca","8":"category-la-comarca-ca","9":"category-requena-utiel-ca","10":"category-seccion-ca","11":"category-sucesos-la-comarca-ca","12":"tag-mancomunidad-tierra-del-vino"},"_links":{"self":[{"href":"https:\/\/www.tucomarca.com\/wordpress\/segunda\/ca\/wp-json\/wp\/v2\/posts\/100241","targetHints":{"allow":["GET"]}}],"collection":[{"href":"https:\/\/www.tucomarca.com\/wordpress\/segunda\/ca\/wp-json\/wp\/v2\/posts"}],"about":[{"href":"https:\/\/www.tucomarca.com\/wordpress\/segunda\/ca\/wp-json\/wp\/v2\/types\/post"}],"author":[{"embeddable":true,"href":"https:\/\/www.tucomarca.com\/wordpress\/segunda\/ca\/wp-json\/wp\/v2\/users\/12"}],"replies":[{"embeddable":true,"href":"https:\/\/www.tucomarca.com\/wordpress\/segunda\/ca\/wp-json\/wp\/v2\/comments?post=100241"}],"version-history":[{"count":0,"href":"https:\/\/www.tucomarca.com\/wordpress\/segunda\/ca\/wp-json\/wp\/v2\/posts\/100241\/revisions"}],"wp:featuredmedia":[{"embeddable":true,"href":"https:\/\/www.tucomarca.com\/wordpress\/segunda\/ca\/wp-json\/wp\/v2\/media\/100239"}],"wp:attachment":[{"href":"https:\/\/www.tucomarca.com\/wordpress\/segunda\/ca\/wp-json\/wp\/v2\/media?parent=100241"}],"wp:term":[{"taxonomy":"category","embeddable":true,"href":"https:\/\/www.tucomarca.com\/wordpress\/segunda\/ca\/wp-json\/wp\/v2\/categories?post=100241"},{"taxonomy":"post_tag","embeddable":true,"href":"https:\/\/www.tucomarca.com\/wordpress\/segunda\/ca\/wp-json\/wp\/v2\/tags?post=100241"}],"curies":[{"name":"wp","href":"https:\/\/api.w.org\/{rel}","templated":true}]}}