{"id":100253,"date":"2020-02-27T20:14:22","date_gmt":"2020-02-27T18:14:22","guid":{"rendered":"http:\/\/www.tucomarca.com\/wordpress\/segunda\/?p=100253"},"modified":"2020-02-27T20:14:36","modified_gmt":"2020-02-27T18:14:36","slug":"mas-de-700-personas-participan-en-el-foro-de-empleo-connecta-labora-en-cheste","status":"publish","type":"post","link":"https:\/\/www.tucomarca.com\/wordpress\/segunda\/ca\/mas-de-700-personas-participan-en-el-foro-de-empleo-connecta-labora-en-cheste\/","title":{"rendered":"M\u00e9s de 700 persones participen en el F\u00f2rum d&#8217;Ocupaci\u00f3 &#8220;Connecta Labora&#8221; a Xest"},"content":{"rendered":"\n<p>Aquest dijous, 27 de febrer, al poliesportiu de Xest acollia uns dels f\u00f2rums d&#8217;ocupaci\u00f3 que organitza LABORA en coordinaci\u00f3 amb els pactes territorials per l&#8217;ocupaci\u00f3, en aquest cas al costat de la Mancomunitat Foia de Bunyol-Xiva.<\/p>\n\n\n\n<p>A dos quarts del mat\u00ed s&#8217;obrien les portes de l&#8217;poliesportiu per rebre a les desenes de persones que ja feien cua per sol\u00b7licitar informaci\u00f3 i participar en els primers tallers i sessions informatives, que van abordar temes com els certificats de professionalitat, l&#8217;entrevista de treball o la creaci\u00f3 d&#8217;el curr\u00edculum, entre d&#8217;altres.<\/p>\n\n\n\n<p>&#8220;Em vaig assabentar que hi havia aquest f\u00f2rum d&#8217;ocupaci\u00f3 i vaig decidir venir a moure el meu curr\u00edculum i a informar-me de quines oportunitats hi ha avui aqu\u00ed, perqu\u00e8 estic a l&#8217;atur i necessito treballar&#8221;, explicava una ve\u00efna de Xest, M\u00aa \u00c1ngeles Lillo.<\/p>\n\n\n\n<p>&#8220;Jo m&#8217;he assabentat pel boca a boca i he vingut a veure si puc trobar un lloc de treball; tinc el certificat de professionalitat de manteniment de jardins i d&#8217;instal\u00b7laci\u00f3 d&#8217;estructures met\u00e0l\u00b7liques i experi\u00e8ncia en el sector de la construcci\u00f3, entre d&#8217;altres, i ara porto 6 mesos a l&#8217;atur i busco feina del que sigui; tinc 60 anys, aix\u00ed que no puc triar &#8220;, apuntava Salvador Montoro, ve\u00ed de Xiva.<\/p>\n\n\n\n<p>El f\u00f2rum s&#8217;ha obert amb la benvinguda a c\u00e0rrec de la directora general de Planificaci\u00f3 i Serveis de LABORA, Eva Mar\u00eda Hern\u00e1ndez; el president de la Mancomunitat Foia de Bunyol-Xiva, Miguel Esteban T\u00f3rtola, i l&#8217;alcalde de Xest, Jos\u00e9 Morell.<\/p>\n\n\n\n<p>&#8220;L&#8217;objectiu d&#8217;aquest f\u00f2rum \u00e9s facilitar l&#8217;ocupabilitat dels ciutadans i ciutadanes de la comarca, apropant els serveis d&#8217;ocupaci\u00f3 de la Generalitat, a trav\u00e9s de tallers i xerrades, i facilitant el contacte amb empreses, amb entrevistes de treball reals&#8221;, explicava Morell. &#8220;A Xest estem vivint un moment dol\u00e7 en q\u00fcestions d&#8217;ocupaci\u00f3, ja que acabem d&#8217;obrir una plataforma log\u00edstica de Lidl, la primera multinacional que s&#8217;instal\u00b7la a la localitat; s&#8217;estan construint tres plataformes noves en aquest parc empresarial i aviat la multinacional Jysk va instal\u00b7lar al nostre municipi la seva seu a Espanya. Hem treballat molt dur per poder desbloquejar la q\u00fcesti\u00f3 urban\u00edstica per poder generar oportunitats de feina a Xest i tota la comarca i, a nivell comarcal, estem desenvolupant un pacte d&#8217;ocupaci\u00f3, a trav\u00e9s dels ajuts EMPACE, amb l&#8217;objectiu de coordinar l&#8217;oferta formativa amb les necessitats de les empreses &#8220;.<\/p>\n\n\n\n<p>Per a la celebraci\u00f3 de f\u00f2rum el front\u00f3 de el poliesportiu municipal s&#8217;ha transformat creant diferents espais: un petit auditori, una zona amb estands informatius, un espai en el qual les empreses participants han desenvolupat entrevistes de treball, una aula TIC amb ordinadors i dos tallers en la zona de la graderia.<\/p>\n\n\n\n<p>&#8220;Vinc d&#8217;Alboraya, estic acabat de llicenciar i he comen\u00e7at a buscar feina, aix\u00ed que em vaig registrar fa poc a l&#8217;atur i m&#8217;han cridat per fer una entrevista a una de les empreses que t\u00e9 avui l&#8217;estand aqu\u00ed. Tinc 24 anys, un grau i un m\u00e0ster en arquitectura, un any de pr\u00e0ctiques i tamb\u00e9 s\u00e9 idiomes, aix\u00ed que espero tenir sort &#8220;, explicava Adri\u00e1n Lillo.<\/p>\n\n\n\n<p>&#8220;Estem estudiant el Grau Mitj\u00e0 d&#8217;Administraci\u00f3 i Gesti\u00f3 d&#8217;Empreses i quan acabem els nostres estudis volem intentar trobar una ocupaci\u00f3 qualificada, que no sigui en una f\u00e0brica; hem estat participant en un taller sobre empredimiento i hem parlat de les causes per les quals la gent no empr\u00e8n, com la mandra o la por, per\u00f2 jo crec que la principal ra\u00f3 \u00e9s que \u00e9s dif\u00edcil mantenir un petit negoci a Espanya, l&#8217;exemple el veig en el meu pare que porta tota la vida amb una botiga de roba i cada vegada li va pitjor &#8220;, apuntaven tres alumnes de l&#8217;institut de Chiva.<\/p>\n\n\n\n<p><strong>Pla d&#8217;Ocupaci\u00f3 de Xest<\/strong><\/p>\n\n\n\n<p>&#8220;Crec que el F\u00f2rum d&#8217;Ocupaci\u00f3 Connecta Labora \u00e9s una gran iniciativa i que perfectament es pot vincular a el Pla d&#8217;Ocupaci\u00f3 de Xest, ja que l&#8217;objectiu \u00e9s aconseguir reduir l&#8217;atur a Xest ia la comarca&#8221;, ha declarat el regidor d&#8217;Ocupaci\u00f3 de l&#8217; Ajuntament de Xest, Jos\u00e9 Vicente Guijarro. &#8220;Estem treballant per reduir l&#8217;atur, que ja s&#8217;ha baixat des del 2015 gaireb\u00e9 en un 50%, amb iniciatives com la borsa d&#8217;emerg\u00e8ncia social, que esperem que a principis de mar\u00e7 estigui en funcionament, oferint aix\u00ed ocupaci\u00f3 temporal a jornada completa amb salari per sobre de l&#8217;SMI. Una altra de les mesures que hem impulsat en mat\u00e8ria d&#8217;ocupaci\u00f3 s\u00f3n les ajudes econ\u00f2miques de el programa Xest Contracta, dirigit a les empreses que contractin aturats i aturades de Xest; aix\u00ed com els acords o convenis amb empreses perqu\u00e8 les persones sense feina del municipi tinguin prioritat en la seva contractaci\u00f3, sempre que reuneixin les capacitats necess\u00e0ries per desenvolupar el treball demandat. Igualment hem posat en marxa el programa de creaci\u00f3 d&#8217;empreses Xest Empr\u00e8n i el de formaci\u00f3, ChesteForma-T; a m\u00e9s de les diferents convocat\u00f2ries d&#8217;ocupaci\u00f3 p\u00fablica ja publicades en el BOP &#8220;.<\/p>\n","protected":false},"excerpt":{"rendered":"<div class=\"mh-excerpt\">Aquest dijous, 27 de febrer, al poliesportiu de Xest acollia uns dels f\u00f2rums d&#8217;ocupaci\u00f3 que organitza LABORA en coordinaci\u00f3 amb els pactes territorials per l&#8217;ocupaci\u00f3, en aquest cas al costat de la Mancomunitat Foia de <a class=\"mh-excerpt-more\" href=\"https:\/\/www.tucomarca.com\/wordpress\/segunda\/ca\/mas-de-700-personas-participan-en-el-foro-de-empleo-connecta-labora-en-cheste\/\" title=\"M\u00e9s de 700 persones participen en el F\u00f2rum d&#8217;Ocupaci\u00f3 &#8220;Connecta Labora&#8221; a Xest\">[+] <\/a><\/div>\n","protected":false},"author":1,"featured_media":100251,"comment_status":"open","ping_status":"open","sticky":false,"template":"","format":"standard","meta":{"footnotes":""},"categories":[10973,10898,10977,10980,10948,10894,10912,10947,10896,10974,10975],"tags":[10695,11941],"class_list":{"0":"post-100253","1":"post","2":"type-post","3":"status-publish","4":"format-standard","5":"has-post-thumbnail","7":"category-alborache-ca","8":"category-ventana-ca","9":"category-godelleta-ca","10":"category-yatova-ca","11":"category-infraestructuras-ca","12":"category-la-comarca-ca","13":"category-la-hoya-ca","14":"category-politica","15":"category-seccion-ca","16":"category-cheste-ca","17":"category-chiva-ca","18":"tag-la-hoya-debunol-chiva","19":"tag-la-hoya-debunol-chiva-ca"},"_links":{"self":[{"href":"https:\/\/www.tucomarca.com\/wordpress\/segunda\/ca\/wp-json\/wp\/v2\/posts\/100253","targetHints":{"allow":["GET"]}}],"collection":[{"href":"https:\/\/www.tucomarca.com\/wordpress\/segunda\/ca\/wp-json\/wp\/v2\/posts"}],"about":[{"href":"https:\/\/www.tucomarca.com\/wordpress\/segunda\/ca\/wp-json\/wp\/v2\/types\/post"}],"author":[{"embeddable":true,"href":"https:\/\/www.tucomarca.com\/wordpress\/segunda\/ca\/wp-json\/wp\/v2\/users\/1"}],"replies":[{"embeddable":true,"href":"https:\/\/www.tucomarca.com\/wordpress\/segunda\/ca\/wp-json\/wp\/v2\/comments?post=100253"}],"version-history":[{"count":0,"href":"https:\/\/www.tucomarca.com\/wordpress\/segunda\/ca\/wp-json\/wp\/v2\/posts\/100253\/revisions"}],"wp:featuredmedia":[{"embeddable":true,"href":"https:\/\/www.tucomarca.com\/wordpress\/segunda\/ca\/wp-json\/wp\/v2\/media\/100251"}],"wp:attachment":[{"href":"https:\/\/www.tucomarca.com\/wordpress\/segunda\/ca\/wp-json\/wp\/v2\/media?parent=100253"}],"wp:term":[{"taxonomy":"category","embeddable":true,"href":"https:\/\/www.tucomarca.com\/wordpress\/segunda\/ca\/wp-json\/wp\/v2\/categories?post=100253"},{"taxonomy":"post_tag","embeddable":true,"href":"https:\/\/www.tucomarca.com\/wordpress\/segunda\/ca\/wp-json\/wp\/v2\/tags?post=100253"}],"curies":[{"name":"wp","href":"https:\/\/api.w.org\/{rel}","templated":true}]}}