{"id":100260,"date":"2020-02-27T20:37:30","date_gmt":"2020-02-27T18:37:30","guid":{"rendered":"http:\/\/www.tucomarca.com\/wordpress\/segunda\/?p=100260"},"modified":"2020-02-27T20:37:32","modified_gmt":"2020-02-27T18:37:32","slug":"el-circuit-de-xest-ofereix-carreres-exposicions-i-exhibicions-al-racing-legends-daquest-cap-de-setmana","status":"publish","type":"post","link":"https:\/\/www.tucomarca.com\/wordpress\/segunda\/ca\/el-circuit-de-xest-ofereix-carreres-exposicions-i-exhibicions-al-racing-legends-daquest-cap-de-setmana\/","title":{"rendered":"El Circuit de Xest ofereix carreres, exposicions i exhibicions al Racing Legends d&#8217;aquest cap de setmana"},"content":{"rendered":"\n<p>El Circuit Ricardo Tormo celebra aquest cap de setmana 29 de febrer i 1 de mar\u00e7, el Racing Legends, un cap de setmana ple de curses, exposicions, exhibicions i activitats al voltant dels vehicles cl\u00e0ssics.<\/p>\n\n\n\n<p>En total, l&#8217;activitat de la pista ofereix als aficionats 16 hores d&#8217;acci\u00f3 entre rodades, exhibicions i les quatre carreres que se celebraran tant dissabte com diumenge. L&#8217;automobilisme i el motociclisme cl\u00e0ssic es barregen a la pista amb proves de l&#8217;Trofeu de Regularitat de la Comunitat Valenciana i de l&#8217;80 Historic Endurance sobre quatre rodes, a m\u00e9s del Campionat d&#8217;Espanya de Cl\u00e0ssiques i de la ICGP europea a motos.<\/p>\n\n\n\n<p>Entre les exhibicions i exposicions destaca aquest any la pres\u00e8ncia dels anomenats &#8216;Muscle Cars&#8217;, vehicles esportius americans com els Mustang, Chevrolet o els Camaro. A m\u00e9s, els Mini, els 850, els Mitsubishi cl\u00e0ssics, els BMW d&#8217;\u00e8poca, els llegendaris Alpine, les Bultaco, les Yamaha RD350 i, per primera vegada, les Ducati Tamburini formaran les seves exposicions particulars entre els centenars de vehicles exposats per col\u00b7leccionistes particulars que exposen les seves peces al Racing Legends.<\/p>\n\n\n\n<p>Les llegendes de l&#8217;motociclisme estaran encap\u00e7alades pel convidat especial Kork Ballington, que tindr\u00e0 l&#8217;oportunitat de tornar a rodar per un circuit mundialista als comandaments de les seves Kawasakis. A m\u00e9s, campions de m\u00f3n com Carlos Rentat i altres expilots mundialistes es donaran cita al Trofeu Paco Gonz\u00e1lez.<\/p>\n\n\n\n<p>Les entrades per assistir a l&#8217;Racing Legends estan a la venda a la p\u00e0gina web oficial de Circuit consultar aqu\u00ed i tamb\u00e9 a les pr\u00f2pies taquilles de Circuit tant dissabte com diumenge a partir de les 9:00 hores. El preu de l&#8217;abonament per als dos dies \u00e9s de 15 euros i l&#8217;entrada \u00fanica d&#8217;un dia \u00e9s de 10 euros.<\/p>\n","protected":false},"excerpt":{"rendered":"<div class=\"mh-excerpt\">El Circuit Ricardo Tormo celebra aquest cap de setmana 29 de febrer i 1 de mar\u00e7, el Racing Legends, un cap de setmana ple de curses, exposicions, exhibicions i activitats al voltant dels vehicles cl\u00e0ssics. <a class=\"mh-excerpt-more\" href=\"https:\/\/www.tucomarca.com\/wordpress\/segunda\/ca\/el-circuit-de-xest-ofereix-carreres-exposicions-i-exhibicions-al-racing-legends-daquest-cap-de-setmana\/\" title=\"El Circuit de Xest ofereix carreres, exposicions i exhibicions al Racing Legends d&#8217;aquest cap de setmana\">[+] <\/a><\/div>\n","protected":false},"author":1,"featured_media":100258,"comment_status":"open","ping_status":"open","sticky":false,"template":"","format":"standard","meta":{"footnotes":""},"categories":[11017,11003,10912,11011,10896,10974],"tags":[],"class_list":{"0":"post-100260","1":"post","2":"type-post","3":"status-publish","4":"format-standard","5":"has-post-thumbnail","7":"category-automovilismo-ca","8":"category-sports","9":"category-la-hoya-ca","10":"category-motociclismo-ca","11":"category-seccion-ca","12":"category-cheste-ca"},"_links":{"self":[{"href":"https:\/\/www.tucomarca.com\/wordpress\/segunda\/ca\/wp-json\/wp\/v2\/posts\/100260","targetHints":{"allow":["GET"]}}],"collection":[{"href":"https:\/\/www.tucomarca.com\/wordpress\/segunda\/ca\/wp-json\/wp\/v2\/posts"}],"about":[{"href":"https:\/\/www.tucomarca.com\/wordpress\/segunda\/ca\/wp-json\/wp\/v2\/types\/post"}],"author":[{"embeddable":true,"href":"https:\/\/www.tucomarca.com\/wordpress\/segunda\/ca\/wp-json\/wp\/v2\/users\/1"}],"replies":[{"embeddable":true,"href":"https:\/\/www.tucomarca.com\/wordpress\/segunda\/ca\/wp-json\/wp\/v2\/comments?post=100260"}],"version-history":[{"count":0,"href":"https:\/\/www.tucomarca.com\/wordpress\/segunda\/ca\/wp-json\/wp\/v2\/posts\/100260\/revisions"}],"wp:featuredmedia":[{"embeddable":true,"href":"https:\/\/www.tucomarca.com\/wordpress\/segunda\/ca\/wp-json\/wp\/v2\/media\/100258"}],"wp:attachment":[{"href":"https:\/\/www.tucomarca.com\/wordpress\/segunda\/ca\/wp-json\/wp\/v2\/media?parent=100260"}],"wp:term":[{"taxonomy":"category","embeddable":true,"href":"https:\/\/www.tucomarca.com\/wordpress\/segunda\/ca\/wp-json\/wp\/v2\/categories?post=100260"},{"taxonomy":"post_tag","embeddable":true,"href":"https:\/\/www.tucomarca.com\/wordpress\/segunda\/ca\/wp-json\/wp\/v2\/tags?post=100260"}],"curies":[{"name":"wp","href":"https:\/\/api.w.org\/{rel}","templated":true}]}}