{"id":100296,"date":"2020-02-28T20:55:48","date_gmt":"2020-02-28T18:55:48","guid":{"rendered":"http:\/\/www.tucomarca.com\/wordpress\/segunda\/?p=100296"},"modified":"2020-02-28T20:55:50","modified_gmt":"2020-02-28T18:55:50","slug":"ximo-puig-coincideix-amb-els-agents-socials-en-transmetre-un-missatge-de-tranquillitat-i-en-rebutjar-alarmismes-innecessaris-davant-el-coronavirus","status":"publish","type":"post","link":"https:\/\/www.tucomarca.com\/wordpress\/segunda\/ca\/ximo-puig-coincideix-amb-els-agents-socials-en-transmetre-un-missatge-de-tranquillitat-i-en-rebutjar-alarmismes-innecessaris-davant-el-coronavirus\/","title":{"rendered":"Ximo Puig coincideix amb els agents socials en transmetre &#8220;un missatge de tranquil\u00b7litat&#8221; i en rebutjar &#8220;alarmismes innecessaris&#8221; davant el coronavirus"},"content":{"rendered":"\n<p>El president de la Generalitat, Ximo Puig, ha coincidit amb els agents socials en transmetre &#8220;un missatge de tranquil\u00b7litat&#8221; i en rebutjar &#8220;alarmismes innecessaris&#8221; davant el coronavirus.<\/p>\n\n\n\n<p>Puig, acompanyat per la consellera de Sanitat, Ana Barcel\u00f3, s&#8217;ha reunit amb els representants dels empresaris i dels sindicats per informar-los sobre l&#8217;estat actual de l&#8217;COVID-19 a la Comunitat Valenciana. El cap de el Consell ha explicat que s&#8217;establir\u00e0 una comunicaci\u00f3 permanent amb els agents socials per &#8220;solucionar qualsevol eventualitat&#8221;.<\/p>\n\n\n\n<p>&#8220;La ciutadania ha de saber que hi ha seguretat i que estem compromesos amb la salut&#8221;, ha assegurat el president, que ha assenyalat que l&#8217;alarmisme genera &#8220;una situaci\u00f3 indesitjable per a tots&#8221;.<br> A la reuni\u00f3, en qu\u00e8 tamb\u00e9 ha estat present la directora general de Di\u00e0leg Social, Zulima P\u00e9rez, han assistit el secretari general d&#8217;UGT-PV, Ismael S\u00e1ez; el secretari general de CCOO PV, Arturo Le\u00f3n, i el president de la CEV, Salvador Navarro.<\/p>\n\n\n\n<p>El titular de el Consell ha recordat que &#8220;no es tracta d&#8217;una situaci\u00f3 d&#8217;alarma, sin\u00f3 de preocupaci\u00f3&#8221; i que s&#8217;est\u00e0 treballant de manera coordinada amb el Govern d&#8217;Espanya i amb l&#8217;Organitzaci\u00f3 Mundial de la Salut.<\/p>\n\n\n\n<p>Per la seua banda, el president de la CEV, Salvador Navarro, ha afirmat que la preocupaci\u00f3 ha de ser la d &#8216; &#8220;una malaltia m\u00e9s&#8221; i no generar situacions d&#8217;alarma. A m\u00e9s, ha explicat que, segons empreses valencianes que han viatjat a altres pa\u00efsos dins i fora de la Uni\u00f3 Europea, la situaci\u00f3 a tots ells \u00e9s &#8220;de normalitat&#8221;.<\/p>\n\n\n\n<p>El secretari general d&#8217;UGT-PV, Ismael S\u00e1ez, ha demanat &#8220;racionalitat i sentit com\u00fa&#8221; davant &#8220;aquesta psicosi desorbitada&#8221; i ha subratllat la necessitat d&#8217;escoltar a la comunitat cient\u00edfica.<\/p>\n\n\n\n<p>Tamb\u00e9 el secretari general de CCOO PV, Arturo Le\u00f3n, ha demanat calma, despr\u00e9s de recordar que la situaci\u00f3 est\u00e0 &#8220;absolutament controlada&#8221; i que Espanya t\u00e9 &#8220;un sistema salut de refer\u00e8ncia mundial&#8221;. Aix\u00ed mateix, Lle\u00f3 ha advertit que un estat d&#8217;alarma pot generar &#8220;impactes no desitjats&#8221; en l&#8217;economia.<\/p>\n","protected":false},"excerpt":{"rendered":"<div class=\"mh-excerpt\">El president de la Generalitat, Ximo Puig, ha coincidit amb els agents socials en transmetre &#8220;un missatge de tranquil\u00b7litat&#8221; i en rebutjar &#8220;alarmismes innecessaris&#8221; davant el coronavirus. Puig, acompanyat per la consellera de Sanitat, Ana <a class=\"mh-excerpt-more\" href=\"https:\/\/www.tucomarca.com\/wordpress\/segunda\/ca\/ximo-puig-coincideix-amb-els-agents-socials-en-transmetre-un-missatge-de-tranquillitat-i-en-rebutjar-alarmismes-innecessaris-davant-el-coronavirus\/\" title=\"Ximo Puig coincideix amb els agents socials en transmetre &#8220;un missatge de tranquil\u00b7litat&#8221; i en rebutjar &#8220;alarmismes innecessaris&#8221; davant el coronavirus\">[+] <\/a><\/div>\n","protected":false},"author":1,"featured_media":100294,"comment_status":"open","ping_status":"open","sticky":false,"template":"","format":"standard","meta":{"footnotes":""},"categories":[11010,10898,10948,10894,10904,10903,10947,10896,10897],"tags":[11937,11939],"class_list":{"0":"post-100296","1":"post","2":"type-post","3":"status-publish","4":"format-standard","5":"has-post-thumbnail","7":"category-canal-salud","8":"category-ventana-ca","9":"category-infraestructuras-ca","10":"category-la-comarca-ca","11":"category-sin-categorizar-ca","12":"category-medio-ambiente-la-comarca-ca","13":"category-politica","14":"category-seccion-ca","15":"category-sucesos-la-comarca-ca","16":"tag-coronavirus","17":"tag-coronavirus-ca"},"_links":{"self":[{"href":"https:\/\/www.tucomarca.com\/wordpress\/segunda\/ca\/wp-json\/wp\/v2\/posts\/100296","targetHints":{"allow":["GET"]}}],"collection":[{"href":"https:\/\/www.tucomarca.com\/wordpress\/segunda\/ca\/wp-json\/wp\/v2\/posts"}],"about":[{"href":"https:\/\/www.tucomarca.com\/wordpress\/segunda\/ca\/wp-json\/wp\/v2\/types\/post"}],"author":[{"embeddable":true,"href":"https:\/\/www.tucomarca.com\/wordpress\/segunda\/ca\/wp-json\/wp\/v2\/users\/1"}],"replies":[{"embeddable":true,"href":"https:\/\/www.tucomarca.com\/wordpress\/segunda\/ca\/wp-json\/wp\/v2\/comments?post=100296"}],"version-history":[{"count":0,"href":"https:\/\/www.tucomarca.com\/wordpress\/segunda\/ca\/wp-json\/wp\/v2\/posts\/100296\/revisions"}],"wp:featuredmedia":[{"embeddable":true,"href":"https:\/\/www.tucomarca.com\/wordpress\/segunda\/ca\/wp-json\/wp\/v2\/media\/100294"}],"wp:attachment":[{"href":"https:\/\/www.tucomarca.com\/wordpress\/segunda\/ca\/wp-json\/wp\/v2\/media?parent=100296"}],"wp:term":[{"taxonomy":"category","embeddable":true,"href":"https:\/\/www.tucomarca.com\/wordpress\/segunda\/ca\/wp-json\/wp\/v2\/categories?post=100296"},{"taxonomy":"post_tag","embeddable":true,"href":"https:\/\/www.tucomarca.com\/wordpress\/segunda\/ca\/wp-json\/wp\/v2\/tags?post=100296"}],"curies":[{"name":"wp","href":"https:\/\/api.w.org\/{rel}","templated":true}]}}