{"id":100385,"date":"2020-03-04T10:21:55","date_gmt":"2020-03-04T08:21:55","guid":{"rendered":"http:\/\/www.tucomarca.com\/wordpress\/segunda\/?p=100385"},"modified":"2020-03-04T10:22:29","modified_gmt":"2020-03-04T08:22:29","slug":"utiel-programa-diferents-activitats-participatives-de-caracter-cultural-i-social-amb-motiu-del-dia-internacional-de-la-dona","status":"publish","type":"post","link":"https:\/\/www.tucomarca.com\/wordpress\/segunda\/ca\/utiel-programa-diferents-activitats-participatives-de-caracter-cultural-i-social-amb-motiu-del-dia-internacional-de-la-dona\/","title":{"rendered":"Utiel programa diferents activitats participatives de car\u00e0cter cultural i social amb motiu del Dia Internacional de la Dona"},"content":{"rendered":"\n<p><strong>Dimecres que ve , 4 de mar\u00e7 , donar\u00e0 comen\u00e7ament el programa d&#8217;actes que es desenrotllar\u00e0 fins al 21 de mar\u00e7<\/strong><\/p>\n\n\n\n<p>La Regidoria de la Dona de l&#8217;Ajuntament d&#8217;Utiel organitza diferents activitats de car\u00e0cter social i cultural amb motiu del Dia Internacional de la Dona que es commemora el dia 8 de Mar\u00e7.<\/p>\n\n\n\n<figure class=\"wp-block-image\"><img loading=\"lazy\" decoding=\"async\" width=\"591\" height=\"835\" src=\"http:\/\/www.tucomarca.com\/wordpress\/segunda\/wp-content\/uploads\/2020\/03\/mujer_Utiel02.jpg\" alt=\"\" class=\"wp-image-100380\" srcset=\"https:\/\/www.tucomarca.com\/wordpress\/segunda\/wp-content\/uploads\/2020\/03\/mujer_Utiel02.jpg 591w, https:\/\/www.tucomarca.com\/wordpress\/segunda\/wp-content\/uploads\/2020\/03\/mujer_Utiel02-212x300.jpg 212w\" sizes=\"auto, (max-width: 591px) 100vw, 591px\" \/><\/figure>\n","protected":false},"excerpt":{"rendered":"<div class=\"mh-excerpt\">Dimecres que ve , 4 de mar\u00e7 , donar\u00e0 comen\u00e7ament el programa d&#8217;actes que es desenrotllar\u00e0 fins al 21 de mar\u00e7 La Regidoria de la Dona de l&#8217;Ajuntament d&#8217;Utiel organitza diferents activitats de car\u00e0cter social <a class=\"mh-excerpt-more\" href=\"https:\/\/www.tucomarca.com\/wordpress\/segunda\/ca\/utiel-programa-diferents-activitats-participatives-de-caracter-cultural-i-social-amb-motiu-del-dia-internacional-de-la-dona\/\" title=\"Utiel programa diferents activitats participatives de car\u00e0cter cultural i social amb motiu del Dia Internacional de la Dona\">[+] <\/a><\/div>\n","protected":false},"author":12,"featured_media":100383,"comment_status":"open","ping_status":"open","sticky":false,"template":"","format":"standard","meta":{"footnotes":""},"categories":[11019,10894,10909,10896,11059],"tags":[10389],"class_list":{"0":"post-100385","1":"post","2":"type-post","3":"status-publish","4":"format-standard","5":"has-post-thumbnail","7":"category-agenda-ca","8":"category-la-comarca-ca","9":"category-requena-utiel-ca","10":"category-seccion-ca","11":"category-utiel-ca","12":"tag-utiel"},"_links":{"self":[{"href":"https:\/\/www.tucomarca.com\/wordpress\/segunda\/ca\/wp-json\/wp\/v2\/posts\/100385","targetHints":{"allow":["GET"]}}],"collection":[{"href":"https:\/\/www.tucomarca.com\/wordpress\/segunda\/ca\/wp-json\/wp\/v2\/posts"}],"about":[{"href":"https:\/\/www.tucomarca.com\/wordpress\/segunda\/ca\/wp-json\/wp\/v2\/types\/post"}],"author":[{"embeddable":true,"href":"https:\/\/www.tucomarca.com\/wordpress\/segunda\/ca\/wp-json\/wp\/v2\/users\/12"}],"replies":[{"embeddable":true,"href":"https:\/\/www.tucomarca.com\/wordpress\/segunda\/ca\/wp-json\/wp\/v2\/comments?post=100385"}],"version-history":[{"count":0,"href":"https:\/\/www.tucomarca.com\/wordpress\/segunda\/ca\/wp-json\/wp\/v2\/posts\/100385\/revisions"}],"wp:featuredmedia":[{"embeddable":true,"href":"https:\/\/www.tucomarca.com\/wordpress\/segunda\/ca\/wp-json\/wp\/v2\/media\/100383"}],"wp:attachment":[{"href":"https:\/\/www.tucomarca.com\/wordpress\/segunda\/ca\/wp-json\/wp\/v2\/media?parent=100385"}],"wp:term":[{"taxonomy":"category","embeddable":true,"href":"https:\/\/www.tucomarca.com\/wordpress\/segunda\/ca\/wp-json\/wp\/v2\/categories?post=100385"},{"taxonomy":"post_tag","embeddable":true,"href":"https:\/\/www.tucomarca.com\/wordpress\/segunda\/ca\/wp-json\/wp\/v2\/tags?post=100385"}],"curies":[{"name":"wp","href":"https:\/\/api.w.org\/{rel}","templated":true}]}}