{"id":100425,"date":"2020-03-03T20:43:47","date_gmt":"2020-03-03T18:43:47","guid":{"rendered":"http:\/\/www.tucomarca.com\/wordpress\/segunda\/?p=100425"},"modified":"2020-03-03T21:15:46","modified_gmt":"2020-03-03T19:15:46","slug":"la-tomatina-celebra-el-seu-75-aniversari-a-la-mascleta-de-valencia-daquest-dimecres","status":"publish","type":"post","link":"https:\/\/www.tucomarca.com\/wordpress\/segunda\/ca\/la-tomatina-celebra-el-seu-75-aniversari-a-la-mascleta-de-valencia-daquest-dimecres\/","title":{"rendered":"La Tomatina celebra el seu 75 aniversari a la masclet\u00e0 de Val\u00e8ncia d&#8217;aquest dimecres amb el sorteig de 10 entrades"},"content":{"rendered":"\n<p>Aquest dimecres, 4 de mar\u00e7, la internacionalment coneguda festa de la Tomatina de Bunyol estar\u00e0 molt present en la masclet\u00e0 de la pla\u00e7a de l&#8217;Ajuntament de Val\u00e8ncia. &#8220;Ja que des del balc\u00f3 de l&#8217;Ajuntament de Val\u00e8ncia celebrarem el 75 Aniversari de la festa m\u00e9s divertida de l&#8217;m\u00f3n&#8221;, com ha informat a l&#8217;alcaldessa del municipi, Juncal Carrascosa.<\/p>\n\n\n\n<p>&#8220;Si v\u00e9ns a la masclet\u00e0 vestit de blanc i vermell i envies una foto a Instagram amb els hashtag <em> #latomatinaoficial #mascletatomatina<\/em>  entrar\u00e0s en el sorteig de 10 entrades per a La Tomatina 2020 perqu\u00e8 vinguis amb els teus 9 millors amics &#8221; , ha afegit Jonquera Carrascosa.<\/p>\n\n\n\n<p>&#8220;Vinga, veu preparant! Gaudir\u00e0s el doble: Masclet\u00e0 i Tomatina. Qu\u00e8 m\u00e9s es pot demanar&#8221;.<\/p>\n\n\n\n<p>#latomatinaoficial #tomatina @bunol_turismo #bunol #tomatinafestival #fallasvalencia<\/p>\n","protected":false},"excerpt":{"rendered":"<div class=\"mh-excerpt\">Aquest dimecres, 4 de mar\u00e7, la internacionalment coneguda festa de la Tomatina de Bunyol estar\u00e0 molt present en la masclet\u00e0 de la pla\u00e7a de l&#8217;Ajuntament de Val\u00e8ncia. &#8220;Ja que des del balc\u00f3 de l&#8217;Ajuntament de <a class=\"mh-excerpt-more\" href=\"https:\/\/www.tucomarca.com\/wordpress\/segunda\/ca\/la-tomatina-celebra-el-seu-75-aniversari-a-la-mascleta-de-valencia-daquest-dimecres\/\" title=\"La Tomatina celebra el seu 75 aniversari a la masclet\u00e0 de Val\u00e8ncia d&#8217;aquest dimecres amb el sorteig de 10 entrades\">[+] <\/a><\/div>\n","protected":false},"author":12,"featured_media":100422,"comment_status":"open","ping_status":"open","sticky":false,"template":"","format":"standard","meta":{"footnotes":""},"categories":[11019,10911,10904,10912,11007,10896],"tags":[11944,7689,11943,96],"class_list":{"0":"post-100425","1":"post","2":"type-post","3":"status-publish","4":"format-standard","5":"has-post-thumbnail","7":"category-agenda-ca","8":"category-bunol-ca","9":"category-sin-categorizar-ca","10":"category-la-hoya-ca","11":"category-ocio-y-cultura-ca","12":"category-seccion-ca","13":"tag-75-aniversario-de-la-tomatina","14":"tag-la-tomatina","15":"tag-la-tomatina-2020","16":"tag-tomatina"},"_links":{"self":[{"href":"https:\/\/www.tucomarca.com\/wordpress\/segunda\/ca\/wp-json\/wp\/v2\/posts\/100425","targetHints":{"allow":["GET"]}}],"collection":[{"href":"https:\/\/www.tucomarca.com\/wordpress\/segunda\/ca\/wp-json\/wp\/v2\/posts"}],"about":[{"href":"https:\/\/www.tucomarca.com\/wordpress\/segunda\/ca\/wp-json\/wp\/v2\/types\/post"}],"author":[{"embeddable":true,"href":"https:\/\/www.tucomarca.com\/wordpress\/segunda\/ca\/wp-json\/wp\/v2\/users\/12"}],"replies":[{"embeddable":true,"href":"https:\/\/www.tucomarca.com\/wordpress\/segunda\/ca\/wp-json\/wp\/v2\/comments?post=100425"}],"version-history":[{"count":0,"href":"https:\/\/www.tucomarca.com\/wordpress\/segunda\/ca\/wp-json\/wp\/v2\/posts\/100425\/revisions"}],"wp:featuredmedia":[{"embeddable":true,"href":"https:\/\/www.tucomarca.com\/wordpress\/segunda\/ca\/wp-json\/wp\/v2\/media\/100422"}],"wp:attachment":[{"href":"https:\/\/www.tucomarca.com\/wordpress\/segunda\/ca\/wp-json\/wp\/v2\/media?parent=100425"}],"wp:term":[{"taxonomy":"category","embeddable":true,"href":"https:\/\/www.tucomarca.com\/wordpress\/segunda\/ca\/wp-json\/wp\/v2\/categories?post=100425"},{"taxonomy":"post_tag","embeddable":true,"href":"https:\/\/www.tucomarca.com\/wordpress\/segunda\/ca\/wp-json\/wp\/v2\/tags?post=100425"}],"curies":[{"name":"wp","href":"https:\/\/api.w.org\/{rel}","templated":true}]}}