{"id":100447,"date":"2020-03-03T21:08:26","date_gmt":"2020-03-03T19:08:26","guid":{"rendered":"http:\/\/www.tucomarca.com\/wordpress\/segunda\/?p=100447"},"modified":"2020-03-03T21:08:29","modified_gmt":"2020-03-03T19:08:29","slug":"fotogaleria-el-cim-la-armonica-de-bunyol-ofereix-el-seu-concert-en-homenatge-a-la-dona-litrera","status":"publish","type":"post","link":"https:\/\/www.tucomarca.com\/wordpress\/segunda\/ca\/fotogaleria-el-cim-la-armonica-de-bunyol-ofereix-el-seu-concert-en-homenatge-a-la-dona-litrera\/","title":{"rendered":"Fotogaleria: El CIM \u00abLa Arm\u00f2nica\u00bb de Bunyol ofereix el seu concert en homenatge a la dona &#8220;litrera&#8221;"},"content":{"rendered":"\n<ul class=\"wp-block-gallery columns-3 is-cropped wp-block-gallery-1 is-layout-flex wp-block-gallery-is-layout-flex\"><li class=\"blocks-gallery-item\"><figure><img loading=\"lazy\" decoding=\"async\" width=\"1024\" height=\"768\" src=\"http:\/\/www.tucomarca.com\/wordpress\/segunda\/wp-content\/uploads\/2020\/03\/LitroMujer01-1024x768.jpg\" alt=\"\" data-id=\"100432\" data-link=\"http:\/\/www.tucomarca.com\/wordpress\/segunda\/?attachment_id=100432\" class=\"wp-image-100432\" srcset=\"https:\/\/www.tucomarca.com\/wordpress\/segunda\/wp-content\/uploads\/2020\/03\/LitroMujer01-1024x768.jpg 1024w, https:\/\/www.tucomarca.com\/wordpress\/segunda\/wp-content\/uploads\/2020\/03\/LitroMujer01-300x225.jpg 300w, https:\/\/www.tucomarca.com\/wordpress\/segunda\/wp-content\/uploads\/2020\/03\/LitroMujer01-768x576.jpg 768w, https:\/\/www.tucomarca.com\/wordpress\/segunda\/wp-content\/uploads\/2020\/03\/LitroMujer01-678x509.jpg 678w, https:\/\/www.tucomarca.com\/wordpress\/segunda\/wp-content\/uploads\/2020\/03\/LitroMujer01-326x245.jpg 326w, https:\/\/www.tucomarca.com\/wordpress\/segunda\/wp-content\/uploads\/2020\/03\/LitroMujer01-80x60.jpg 80w, https:\/\/www.tucomarca.com\/wordpress\/segunda\/wp-content\/uploads\/2020\/03\/LitroMujer01.jpg 1600w\" sizes=\"auto, (max-width: 1024px) 100vw, 1024px\" \/><\/figure><\/li><li class=\"blocks-gallery-item\"><figure><img loading=\"lazy\" decoding=\"async\" width=\"1024\" height=\"739\" src=\"http:\/\/www.tucomarca.com\/wordpress\/segunda\/wp-content\/uploads\/2020\/03\/LitroMujer02-1024x739.jpg\" alt=\"\" data-id=\"100434\" data-link=\"http:\/\/www.tucomarca.com\/wordpress\/segunda\/?attachment_id=100434\" class=\"wp-image-100434\" srcset=\"https:\/\/www.tucomarca.com\/wordpress\/segunda\/wp-content\/uploads\/2020\/03\/LitroMujer02-1024x739.jpg 1024w, https:\/\/www.tucomarca.com\/wordpress\/segunda\/wp-content\/uploads\/2020\/03\/LitroMujer02-300x217.jpg 300w, https:\/\/www.tucomarca.com\/wordpress\/segunda\/wp-content\/uploads\/2020\/03\/LitroMujer02-768x554.jpg 768w, https:\/\/www.tucomarca.com\/wordpress\/segunda\/wp-content\/uploads\/2020\/03\/LitroMujer02.jpg 1600w\" sizes=\"auto, (max-width: 1024px) 100vw, 1024px\" \/><\/figure><\/li><li class=\"blocks-gallery-item\"><figure><img loading=\"lazy\" decoding=\"async\" width=\"1024\" height=\"941\" src=\"http:\/\/www.tucomarca.com\/wordpress\/segunda\/wp-content\/uploads\/2020\/03\/LitroMujer03-1024x941.jpg\" alt=\"\" data-id=\"100436\" data-link=\"http:\/\/www.tucomarca.com\/wordpress\/segunda\/?attachment_id=100436\" class=\"wp-image-100436\" srcset=\"https:\/\/www.tucomarca.com\/wordpress\/segunda\/wp-content\/uploads\/2020\/03\/LitroMujer03-1024x941.jpg 1024w, https:\/\/www.tucomarca.com\/wordpress\/segunda\/wp-content\/uploads\/2020\/03\/LitroMujer03-300x276.jpg 300w, https:\/\/www.tucomarca.com\/wordpress\/segunda\/wp-content\/uploads\/2020\/03\/LitroMujer03-768x706.jpg 768w, https:\/\/www.tucomarca.com\/wordpress\/segunda\/wp-content\/uploads\/2020\/03\/LitroMujer03.jpg 1600w\" sizes=\"auto, (max-width: 1024px) 100vw, 1024px\" \/><\/figure><\/li><li class=\"blocks-gallery-item\"><figure><img loading=\"lazy\" decoding=\"async\" width=\"1024\" height=\"768\" src=\"http:\/\/www.tucomarca.com\/wordpress\/segunda\/wp-content\/uploads\/2020\/03\/LitroMujer04-1024x768.jpg\" alt=\"\" data-id=\"100438\" data-link=\"http:\/\/www.tucomarca.com\/wordpress\/segunda\/?attachment_id=100438\" class=\"wp-image-100438\" srcset=\"https:\/\/www.tucomarca.com\/wordpress\/segunda\/wp-content\/uploads\/2020\/03\/LitroMujer04-1024x768.jpg 1024w, https:\/\/www.tucomarca.com\/wordpress\/segunda\/wp-content\/uploads\/2020\/03\/LitroMujer04-300x225.jpg 300w, https:\/\/www.tucomarca.com\/wordpress\/segunda\/wp-content\/uploads\/2020\/03\/LitroMujer04-768x576.jpg 768w, https:\/\/www.tucomarca.com\/wordpress\/segunda\/wp-content\/uploads\/2020\/03\/LitroMujer04-678x509.jpg 678w, https:\/\/www.tucomarca.com\/wordpress\/segunda\/wp-content\/uploads\/2020\/03\/LitroMujer04-326x245.jpg 326w, https:\/\/www.tucomarca.com\/wordpress\/segunda\/wp-content\/uploads\/2020\/03\/LitroMujer04-80x60.jpg 80w\" sizes=\"auto, (max-width: 1024px) 100vw, 1024px\" \/><\/figure><\/li><li class=\"blocks-gallery-item\"><figure><img loading=\"lazy\" decoding=\"async\" width=\"1024\" height=\"768\" src=\"http:\/\/www.tucomarca.com\/wordpress\/segunda\/wp-content\/uploads\/2020\/03\/LitroMujer05-1024x768.jpg\" alt=\"\" data-id=\"100440\" data-link=\"http:\/\/www.tucomarca.com\/wordpress\/segunda\/?attachment_id=100440\" class=\"wp-image-100440\" srcset=\"https:\/\/www.tucomarca.com\/wordpress\/segunda\/wp-content\/uploads\/2020\/03\/LitroMujer05-1024x768.jpg 1024w, https:\/\/www.tucomarca.com\/wordpress\/segunda\/wp-content\/uploads\/2020\/03\/LitroMujer05-300x225.jpg 300w, https:\/\/www.tucomarca.com\/wordpress\/segunda\/wp-content\/uploads\/2020\/03\/LitroMujer05-768x576.jpg 768w, https:\/\/www.tucomarca.com\/wordpress\/segunda\/wp-content\/uploads\/2020\/03\/LitroMujer05-678x509.jpg 678w, https:\/\/www.tucomarca.com\/wordpress\/segunda\/wp-content\/uploads\/2020\/03\/LitroMujer05-326x245.jpg 326w, https:\/\/www.tucomarca.com\/wordpress\/segunda\/wp-content\/uploads\/2020\/03\/LitroMujer05-80x60.jpg 80w\" sizes=\"auto, (max-width: 1024px) 100vw, 1024px\" \/><\/figure><\/li><li class=\"blocks-gallery-item\"><figure><img loading=\"lazy\" decoding=\"async\" width=\"1024\" height=\"768\" src=\"http:\/\/www.tucomarca.com\/wordpress\/segunda\/wp-content\/uploads\/2020\/03\/LitroMujer06-1024x768.jpg\" alt=\"\" data-id=\"100442\" data-link=\"http:\/\/www.tucomarca.com\/wordpress\/segunda\/?attachment_id=100442\" class=\"wp-image-100442\" srcset=\"https:\/\/www.tucomarca.com\/wordpress\/segunda\/wp-content\/uploads\/2020\/03\/LitroMujer06-1024x768.jpg 1024w, https:\/\/www.tucomarca.com\/wordpress\/segunda\/wp-content\/uploads\/2020\/03\/LitroMujer06-300x225.jpg 300w, https:\/\/www.tucomarca.com\/wordpress\/segunda\/wp-content\/uploads\/2020\/03\/LitroMujer06-768x576.jpg 768w, https:\/\/www.tucomarca.com\/wordpress\/segunda\/wp-content\/uploads\/2020\/03\/LitroMujer06-678x509.jpg 678w, https:\/\/www.tucomarca.com\/wordpress\/segunda\/wp-content\/uploads\/2020\/03\/LitroMujer06-326x245.jpg 326w, https:\/\/www.tucomarca.com\/wordpress\/segunda\/wp-content\/uploads\/2020\/03\/LitroMujer06-80x60.jpg 80w\" sizes=\"auto, (max-width: 1024px) 100vw, 1024px\" \/><\/figure><\/li><\/ul>\n\n\n\n<p>Diumenge que ve, 8 de mar\u00e7, se celebra el Dia Internacional de la Dona i el CIM \u00abL&#8217;Harm\u00f2nica\u00bb de Bunyol tamb\u00e9 s&#8217;uneix a la commemoraci\u00f3 ja des de fa alguns anys. En aquest cas, aquest any, la societat ha volgut &#8220;rendir homenatge no nom\u00e9s amb un concert, sin\u00f3 tamb\u00e9 amb un concurs de fotografia, on les dones litreras s\u00f3n les protagonistes&#8221;, com han informat fonts de l&#8217;entitat.<\/p>\n\n\n\n<p>&#8220;Les connotacions d&#8217;un concert homenatge sempre s\u00f3n positives, per\u00f2 no cal oblidar el motiu pel qual es porta a terme aquest concert i \u00e9s que les dones porten anys lluitant per igualar els seus drets als dels homes, drets que els han estat negats al llarg de la hist\u00f2ria, nom\u00e9s per no haver nascut homes. per aix\u00f2, \u00abl&#8217;Harm\u00f2nica\u00bb vol brindar el seu suport a les dones, especialment a les dones litreras, en reconeixement a la lloable i infatigable tasca que realitzen cada any per i per a El Litre &#8220;, han afegit des de l&#8217;entitat musical.<\/p>\n\n\n\n<p>El concert Homenatge a la Dona Litrera va tenir lloc el passat dissabte a les 19,00 hores al Palau de la M\u00fasica. Per a l&#8217;acte, el director de la Banda Simf\u00f2nica, Jos\u00e9 Tello, va preparar un programa compost per una sola obra, The Queen Symphony. Aquesta composici\u00f3 est\u00e0 pensada per integrar orquestra i cor. Amb aix\u00f2, el que el seu autor, Tolga Kashif, esperava era &#8220;expressar l&#8217;ess\u00e8ncia original de la gran m\u00fasica de el grup Queen. De manera que, per interpretar aquesta obra tan especial, la Banda Simf\u00f2nica va comptar amb la participaci\u00f3 de la Coral Polif\u00f2nica de\u00ab l&#8217;Harm\u00f2nica \u00bbi de el Cor de la Universitat Polit\u00e8cnica de Val\u00e8ncia, els qui es van encarregar de posar veu a aquesta fant\u00e0stica melodia. va ser un concert que no va deixar indiferent a ning\u00fa. Queen va ressonar en un Palau de l&#8217;Harm\u00f2nica ple de gom a gom. el punt final el va posar l&#8217;Himne Litrero, tamb\u00e9 interpretat per les veus dels coristes.<\/p>\n\n\n\n<p>Despr\u00e9s de la tarda musical, es va concloure l&#8217;homenatge amb un sopar al local social, que va reunir un gran grup de litreros, des socis i simpatitzants, fins a m\u00fasics i Junta Directiva.<\/p>\n","protected":false},"excerpt":{"rendered":"<div class=\"mh-excerpt\">Diumenge que ve, 8 de mar\u00e7, se celebra el Dia Internacional de la Dona i el CIM \u00abL&#8217;Harm\u00f2nica\u00bb de Bunyol tamb\u00e9 s&#8217;uneix a la commemoraci\u00f3 ja des de fa alguns anys. En aquest cas, aquest <a class=\"mh-excerpt-more\" href=\"https:\/\/www.tucomarca.com\/wordpress\/segunda\/ca\/fotogaleria-el-cim-la-armonica-de-bunyol-ofereix-el-seu-concert-en-homenatge-a-la-dona-litrera\/\" title=\"Fotogaleria: El CIM \u00abLa Arm\u00f2nica\u00bb de Bunyol ofereix el seu concert en homenatge a la dona &#8220;litrera&#8221;\">[+] <\/a><\/div>\n","protected":false},"author":1,"featured_media":100435,"comment_status":"open","ping_status":"open","sticky":false,"template":"","format":"gallery","meta":{"footnotes":""},"categories":[10911,11005,10912,11007,10896],"tags":[5952,10914],"class_list":{"0":"post-100447","1":"post","2":"type-post","3":"status-publish","4":"format-gallery","5":"has-post-thumbnail","7":"category-bunol-ca","8":"category-canal-musica","9":"category-la-hoya-ca","10":"category-ocio-y-cultura-ca","11":"category-seccion-ca","12":"tag-la-hoya-de-bunol-chiva","13":"tag-la-hoya-de-bunol-chiva-ca","14":"post_format-post-format-gallery"},"_links":{"self":[{"href":"https:\/\/www.tucomarca.com\/wordpress\/segunda\/ca\/wp-json\/wp\/v2\/posts\/100447","targetHints":{"allow":["GET"]}}],"collection":[{"href":"https:\/\/www.tucomarca.com\/wordpress\/segunda\/ca\/wp-json\/wp\/v2\/posts"}],"about":[{"href":"https:\/\/www.tucomarca.com\/wordpress\/segunda\/ca\/wp-json\/wp\/v2\/types\/post"}],"author":[{"embeddable":true,"href":"https:\/\/www.tucomarca.com\/wordpress\/segunda\/ca\/wp-json\/wp\/v2\/users\/1"}],"replies":[{"embeddable":true,"href":"https:\/\/www.tucomarca.com\/wordpress\/segunda\/ca\/wp-json\/wp\/v2\/comments?post=100447"}],"version-history":[{"count":0,"href":"https:\/\/www.tucomarca.com\/wordpress\/segunda\/ca\/wp-json\/wp\/v2\/posts\/100447\/revisions"}],"wp:featuredmedia":[{"embeddable":true,"href":"https:\/\/www.tucomarca.com\/wordpress\/segunda\/ca\/wp-json\/wp\/v2\/media\/100435"}],"wp:attachment":[{"href":"https:\/\/www.tucomarca.com\/wordpress\/segunda\/ca\/wp-json\/wp\/v2\/media?parent=100447"}],"wp:term":[{"taxonomy":"category","embeddable":true,"href":"https:\/\/www.tucomarca.com\/wordpress\/segunda\/ca\/wp-json\/wp\/v2\/categories?post=100447"},{"taxonomy":"post_tag","embeddable":true,"href":"https:\/\/www.tucomarca.com\/wordpress\/segunda\/ca\/wp-json\/wp\/v2\/tags?post=100447"}],"curies":[{"name":"wp","href":"https:\/\/api.w.org\/{rel}","templated":true}]}}