{"id":100515,"date":"2020-03-04T21:20:57","date_gmt":"2020-03-04T19:20:57","guid":{"rendered":"http:\/\/www.tucomarca.com\/wordpress\/segunda\/?p=100515"},"modified":"2020-03-04T21:21:00","modified_gmt":"2020-03-04T19:21:00","slug":"sanitat-detecta-quatre-nous-positius-per-coronavirus-a-la-comunitat-valenciana-cap-dells-a-lhospital-de-manises","status":"publish","type":"post","link":"https:\/\/www.tucomarca.com\/wordpress\/segunda\/ca\/sanitat-detecta-quatre-nous-positius-per-coronavirus-a-la-comunitat-valenciana-cap-dells-a-lhospital-de-manises\/","title":{"rendered":"Sanitat detecta quatre nous positius per coronavirus a la Comunitat Valenciana, cap d&#8217;ells a l&#8217;Hospital de Manises"},"content":{"rendered":"\n<p>La consellera de Sanitat Universal i Salut P\u00fablica, Ana Barcel\u00f3, ha comparegut a la vesprada d&#8217;aquest dimecres en roda de premsa per actualitzar les dades en relaci\u00f3 a l&#8217;coronavirus a la Comunitat Valenciana.<\/p>\n\n\n\n<p>En primer lloc, la consellera ha explicat que el cas a l&#8217;Hospital de Manises, de qu\u00e8 es va informar aquest dimarts, ha estat finalment descartat. &#8220;Les an\u00e0lisis de confirmaci\u00f3 de l&#8217;contagi han revelat que es tracta d&#8217;un altre tipus de coronavirus diferent a COVID-19, de manera que no guarda relaci\u00f3 amb els casos dels que els estem informant&#8221;, ha assenyalat.<\/p>\n\n\n\n<p>Un dels casos detectats aquest dimecres ha estat a l&#8217;Hospital de Sant Joan d&#8217;Alacant. Es tracta d&#8217;un home que no va viatjar a les zones de risc a It\u00e0lia i presenta simptomatologia lleu. A l&#8217;Hospital del Baix Segura, a Oriola, s&#8217;ha conegut un altre cas positiu en un empresari que s\u00ed que va viatjar a el nord d&#8217;It\u00e0lia. Un tercer cas s&#8217;ha confirmat a l&#8217;Hospital General d&#8217;Alacant. Es tracta d&#8217;un jove que no va viatjar a la zona de risc a It\u00e0lia, per\u00f2 el seu entorn s\u00ed que ho va fer. L&#8217;\u00faltim cas d&#8217;aquest dimecres s&#8217;ha detectat a l&#8217;Hospital General de Val\u00e8ncia. Es tracta d&#8217;un periodista que no ha viatjat a les zones de risc i \u00e9s contacte d&#8217;un pacient que va donar positiu amb anterioritat.<\/p>\n\n\n\n<p>D&#8217;aquesta manera, els casos positius a dia d&#8217;avui a la Comunitat Valenciana pugen a 22. Les proves realitzades que han donat negatiu s\u00f3n 481 fins a aquests moments.<\/p>\n\n\n\n<p>A el mateix temps, la consellera ha volgut recordar que el tel\u00e8fon 900 300 555 segueix a disposici\u00f3 de totes aquelles persones que han viatjat a zones de risc. Es hanatendido fins a les 8 hores del mat\u00ed d&#8217;aquest dimecres m\u00e9s de 4.300 trucades. Gaireb\u00e9 la meitat sol\u00b7licitaven informaci\u00f3 general i nom\u00e9s un 10% de l&#8217;total correspon a trucades de persones que presenten simptomatologia compatible amb la malaltia. La resta no compleix criteris cl\u00ednics.<\/p>\n","protected":false},"excerpt":{"rendered":"<div class=\"mh-excerpt\">La consellera de Sanitat Universal i Salut P\u00fablica, Ana Barcel\u00f3, ha comparegut a la vesprada d&#8217;aquest dimecres en roda de premsa per actualitzar les dades en relaci\u00f3 a l&#8217;coronavirus a la Comunitat Valenciana. En primer <a class=\"mh-excerpt-more\" href=\"https:\/\/www.tucomarca.com\/wordpress\/segunda\/ca\/sanitat-detecta-quatre-nous-positius-per-coronavirus-a-la-comunitat-valenciana-cap-dells-a-lhospital-de-manises\/\" title=\"Sanitat detecta quatre nous positius per coronavirus a la Comunitat Valenciana, cap d&#8217;ells a l&#8217;Hospital de Manises\">[+] <\/a><\/div>\n","protected":false},"author":1,"featured_media":93979,"comment_status":"open","ping_status":"open","sticky":false,"template":"","format":"standard","meta":{"footnotes":""},"categories":[11010,10898,10948,10894,10904,10912,10947,10896,10897],"tags":[5952,10914],"class_list":{"0":"post-100515","1":"post","2":"type-post","3":"status-publish","4":"format-standard","5":"has-post-thumbnail","7":"category-canal-salud","8":"category-ventana-ca","9":"category-infraestructuras-ca","10":"category-la-comarca-ca","11":"category-sin-categorizar-ca","12":"category-la-hoya-ca","13":"category-politica","14":"category-seccion-ca","15":"category-sucesos-la-comarca-ca","16":"tag-la-hoya-de-bunol-chiva","17":"tag-la-hoya-de-bunol-chiva-ca"},"_links":{"self":[{"href":"https:\/\/www.tucomarca.com\/wordpress\/segunda\/ca\/wp-json\/wp\/v2\/posts\/100515","targetHints":{"allow":["GET"]}}],"collection":[{"href":"https:\/\/www.tucomarca.com\/wordpress\/segunda\/ca\/wp-json\/wp\/v2\/posts"}],"about":[{"href":"https:\/\/www.tucomarca.com\/wordpress\/segunda\/ca\/wp-json\/wp\/v2\/types\/post"}],"author":[{"embeddable":true,"href":"https:\/\/www.tucomarca.com\/wordpress\/segunda\/ca\/wp-json\/wp\/v2\/users\/1"}],"replies":[{"embeddable":true,"href":"https:\/\/www.tucomarca.com\/wordpress\/segunda\/ca\/wp-json\/wp\/v2\/comments?post=100515"}],"version-history":[{"count":0,"href":"https:\/\/www.tucomarca.com\/wordpress\/segunda\/ca\/wp-json\/wp\/v2\/posts\/100515\/revisions"}],"wp:featuredmedia":[{"embeddable":true,"href":"https:\/\/www.tucomarca.com\/wordpress\/segunda\/ca\/wp-json\/wp\/v2\/media\/93979"}],"wp:attachment":[{"href":"https:\/\/www.tucomarca.com\/wordpress\/segunda\/ca\/wp-json\/wp\/v2\/media?parent=100515"}],"wp:term":[{"taxonomy":"category","embeddable":true,"href":"https:\/\/www.tucomarca.com\/wordpress\/segunda\/ca\/wp-json\/wp\/v2\/categories?post=100515"},{"taxonomy":"post_tag","embeddable":true,"href":"https:\/\/www.tucomarca.com\/wordpress\/segunda\/ca\/wp-json\/wp\/v2\/tags?post=100515"}],"curies":[{"name":"wp","href":"https:\/\/api.w.org\/{rel}","templated":true}]}}