{"id":100733,"date":"2020-03-09T16:22:10","date_gmt":"2020-03-09T14:22:10","guid":{"rendered":"http:\/\/www.tucomarca.com\/wordpress\/segunda\/?p=100733"},"modified":"2020-03-09T16:22:11","modified_gmt":"2020-03-09T14:22:11","slug":"fotogaleria-les-falles-ja-es-respiren-a-xest","status":"publish","type":"post","link":"https:\/\/www.tucomarca.com\/wordpress\/segunda\/ca\/fotogaleria-les-falles-ja-es-respiren-a-xest\/","title":{"rendered":"Fotogaleria: Les Falles ja es respiren a Xest"},"content":{"rendered":"\n<ul class=\"wp-block-gallery columns-3 is-cropped wp-block-gallery-1 is-layout-flex wp-block-gallery-is-layout-flex\"><li class=\"blocks-gallery-item\"><figure><img loading=\"lazy\" decoding=\"async\" width=\"1024\" height=\"683\" src=\"http:\/\/www.tucomarca.com\/wordpress\/segunda\/wp-content\/uploads\/2020\/03\/ChesteFallas01-1024x683.jpg\" alt=\"\" data-id=\"100714\" data-link=\"http:\/\/www.tucomarca.com\/wordpress\/segunda\/?attachment_id=100714\" class=\"wp-image-100714\" srcset=\"https:\/\/www.tucomarca.com\/wordpress\/segunda\/wp-content\/uploads\/2020\/03\/ChesteFallas01-1024x683.jpg 1024w, https:\/\/www.tucomarca.com\/wordpress\/segunda\/wp-content\/uploads\/2020\/03\/ChesteFallas01-300x200.jpg 300w, https:\/\/www.tucomarca.com\/wordpress\/segunda\/wp-content\/uploads\/2020\/03\/ChesteFallas01-768x512.jpg 768w\" sizes=\"auto, (max-width: 1024px) 100vw, 1024px\" \/><\/figure><\/li><li class=\"blocks-gallery-item\"><figure><img loading=\"lazy\" decoding=\"async\" width=\"1024\" height=\"683\" src=\"http:\/\/www.tucomarca.com\/wordpress\/segunda\/wp-content\/uploads\/2020\/03\/ChesteFallas02-1024x683.jpg\" alt=\"\" data-id=\"100716\" data-link=\"http:\/\/www.tucomarca.com\/wordpress\/segunda\/?attachment_id=100716\" class=\"wp-image-100716\" srcset=\"https:\/\/www.tucomarca.com\/wordpress\/segunda\/wp-content\/uploads\/2020\/03\/ChesteFallas02-1024x683.jpg 1024w, https:\/\/www.tucomarca.com\/wordpress\/segunda\/wp-content\/uploads\/2020\/03\/ChesteFallas02-300x200.jpg 300w, https:\/\/www.tucomarca.com\/wordpress\/segunda\/wp-content\/uploads\/2020\/03\/ChesteFallas02-768x512.jpg 768w\" sizes=\"auto, (max-width: 1024px) 100vw, 1024px\" \/><\/figure><\/li><li class=\"blocks-gallery-item\"><figure><img loading=\"lazy\" decoding=\"async\" width=\"1024\" height=\"683\" src=\"http:\/\/www.tucomarca.com\/wordpress\/segunda\/wp-content\/uploads\/2020\/03\/ChesteFallas03-1024x683.jpg\" alt=\"\" data-id=\"100718\" data-link=\"http:\/\/www.tucomarca.com\/wordpress\/segunda\/?attachment_id=100718\" class=\"wp-image-100718\" srcset=\"https:\/\/www.tucomarca.com\/wordpress\/segunda\/wp-content\/uploads\/2020\/03\/ChesteFallas03-1024x683.jpg 1024w, https:\/\/www.tucomarca.com\/wordpress\/segunda\/wp-content\/uploads\/2020\/03\/ChesteFallas03-300x200.jpg 300w, https:\/\/www.tucomarca.com\/wordpress\/segunda\/wp-content\/uploads\/2020\/03\/ChesteFallas03-768x512.jpg 768w\" sizes=\"auto, (max-width: 1024px) 100vw, 1024px\" \/><\/figure><\/li><li class=\"blocks-gallery-item\"><figure><img loading=\"lazy\" decoding=\"async\" width=\"1024\" height=\"683\" src=\"http:\/\/www.tucomarca.com\/wordpress\/segunda\/wp-content\/uploads\/2020\/03\/ChesteFallas04-1024x683.jpg\" alt=\"\" data-id=\"100720\" data-link=\"http:\/\/www.tucomarca.com\/wordpress\/segunda\/?attachment_id=100720\" class=\"wp-image-100720\" srcset=\"https:\/\/www.tucomarca.com\/wordpress\/segunda\/wp-content\/uploads\/2020\/03\/ChesteFallas04-1024x683.jpg 1024w, https:\/\/www.tucomarca.com\/wordpress\/segunda\/wp-content\/uploads\/2020\/03\/ChesteFallas04-300x200.jpg 300w, https:\/\/www.tucomarca.com\/wordpress\/segunda\/wp-content\/uploads\/2020\/03\/ChesteFallas04-768x512.jpg 768w\" sizes=\"auto, (max-width: 1024px) 100vw, 1024px\" \/><\/figure><\/li><li class=\"blocks-gallery-item\"><figure><img loading=\"lazy\" decoding=\"async\" width=\"1024\" height=\"683\" src=\"http:\/\/www.tucomarca.com\/wordpress\/segunda\/wp-content\/uploads\/2020\/03\/ChesteFallas05-1024x683.jpg\" alt=\"\" data-id=\"100722\" data-link=\"http:\/\/www.tucomarca.com\/wordpress\/segunda\/?attachment_id=100722\" class=\"wp-image-100722\" srcset=\"https:\/\/www.tucomarca.com\/wordpress\/segunda\/wp-content\/uploads\/2020\/03\/ChesteFallas05-1024x683.jpg 1024w, https:\/\/www.tucomarca.com\/wordpress\/segunda\/wp-content\/uploads\/2020\/03\/ChesteFallas05-300x200.jpg 300w, https:\/\/www.tucomarca.com\/wordpress\/segunda\/wp-content\/uploads\/2020\/03\/ChesteFallas05-768x512.jpg 768w\" sizes=\"auto, (max-width: 1024px) 100vw, 1024px\" \/><\/figure><\/li><li class=\"blocks-gallery-item\"><figure><img loading=\"lazy\" decoding=\"async\" width=\"1024\" height=\"683\" src=\"http:\/\/www.tucomarca.com\/wordpress\/segunda\/wp-content\/uploads\/2020\/03\/ChesteFallas06-1024x683.jpg\" alt=\"\" data-id=\"100724\" data-link=\"http:\/\/www.tucomarca.com\/wordpress\/segunda\/?attachment_id=100724\" class=\"wp-image-100724\" srcset=\"https:\/\/www.tucomarca.com\/wordpress\/segunda\/wp-content\/uploads\/2020\/03\/ChesteFallas06-1024x683.jpg 1024w, https:\/\/www.tucomarca.com\/wordpress\/segunda\/wp-content\/uploads\/2020\/03\/ChesteFallas06-300x200.jpg 300w, https:\/\/www.tucomarca.com\/wordpress\/segunda\/wp-content\/uploads\/2020\/03\/ChesteFallas06-768x512.jpg 768w\" sizes=\"auto, (max-width: 1024px) 100vw, 1024px\" \/><\/figure><\/li><li class=\"blocks-gallery-item\"><figure><img loading=\"lazy\" decoding=\"async\" width=\"1024\" height=\"683\" src=\"http:\/\/www.tucomarca.com\/wordpress\/segunda\/wp-content\/uploads\/2020\/03\/ChesteFallas08-1024x683.jpg\" alt=\"\" data-id=\"100726\" data-link=\"http:\/\/www.tucomarca.com\/wordpress\/segunda\/?attachment_id=100726\" class=\"wp-image-100726\" srcset=\"https:\/\/www.tucomarca.com\/wordpress\/segunda\/wp-content\/uploads\/2020\/03\/ChesteFallas08-1024x683.jpg 1024w, https:\/\/www.tucomarca.com\/wordpress\/segunda\/wp-content\/uploads\/2020\/03\/ChesteFallas08-300x200.jpg 300w, https:\/\/www.tucomarca.com\/wordpress\/segunda\/wp-content\/uploads\/2020\/03\/ChesteFallas08-768x512.jpg 768w\" sizes=\"auto, (max-width: 1024px) 100vw, 1024px\" \/><\/figure><\/li><li class=\"blocks-gallery-item\"><figure><img loading=\"lazy\" decoding=\"async\" width=\"1024\" height=\"683\" src=\"http:\/\/www.tucomarca.com\/wordpress\/segunda\/wp-content\/uploads\/2020\/03\/ChesteFallas10-1024x683.jpg\" alt=\"\" data-id=\"100728\" data-link=\"http:\/\/www.tucomarca.com\/wordpress\/segunda\/?attachment_id=100728\" class=\"wp-image-100728\" srcset=\"https:\/\/www.tucomarca.com\/wordpress\/segunda\/wp-content\/uploads\/2020\/03\/ChesteFallas10-1024x683.jpg 1024w, https:\/\/www.tucomarca.com\/wordpress\/segunda\/wp-content\/uploads\/2020\/03\/ChesteFallas10-300x200.jpg 300w, https:\/\/www.tucomarca.com\/wordpress\/segunda\/wp-content\/uploads\/2020\/03\/ChesteFallas10-768x512.jpg 768w\" sizes=\"auto, (max-width: 1024px) 100vw, 1024px\" \/><\/figure><\/li><li class=\"blocks-gallery-item\"><figure><img loading=\"lazy\" decoding=\"async\" width=\"1024\" height=\"683\" src=\"http:\/\/www.tucomarca.com\/wordpress\/segunda\/wp-content\/uploads\/2020\/03\/ChesteFallas11-1024x683.jpg\" alt=\"\" data-id=\"100730\" data-link=\"http:\/\/www.tucomarca.com\/wordpress\/segunda\/?attachment_id=100730\" class=\"wp-image-100730\" srcset=\"https:\/\/www.tucomarca.com\/wordpress\/segunda\/wp-content\/uploads\/2020\/03\/ChesteFallas11-1024x683.jpg 1024w, https:\/\/www.tucomarca.com\/wordpress\/segunda\/wp-content\/uploads\/2020\/03\/ChesteFallas11-300x200.jpg 300w, https:\/\/www.tucomarca.com\/wordpress\/segunda\/wp-content\/uploads\/2020\/03\/ChesteFallas11-768x512.jpg 768w\" sizes=\"auto, (max-width: 1024px) 100vw, 1024px\" \/><\/figure><\/li><\/ul>\n\n\n\n<p>Dissabte passat, 29 de febrer, Xest donava el tret de sortida a la celebraci\u00f3 de les Falles 2020 amb l&#8217;acte de l&#8217;preg\u00f3 i el concert ofert per l&#8217;Associaci\u00f3 Musical La Lira.<\/p>\n\n\n\n<p>El teatre Liceu es vestia de gala per donar la benvinguda a fallers, falleres, m\u00fasics, m\u00fasiques, ve\u00efns i ve\u00efnes en un acte que va arrencar amb l&#8217;actuaci\u00f3 de la Banda Juvenil La Lira, dirigida per Ra\u00fal Dom\u00e9nech. L&#8217;agrupaci\u00f3 va interpretar Above and Beyond, de James Swearingen, Star Wars, de John Williams, How to train your dragon, de John Powell i The Avengers, d&#8217;Alan Silvestri; a m\u00e9s de l&#8217;pasdoble El Faller, de Jos\u00e9 Serrano.<\/p>\n\n\n\n<p>Despr\u00e9s de la primera part del concert, van pujar a l&#8217;escenari les falleres majors i presidents de les dues falles locals: Falla Barri de l&#8217;Alegria i Falla Ind\u00fastria i Comer\u00e7, al costat de les falleres i presidents representants de la Junta Local Fallera, el regidor de Festes, Ra\u00fal Mota, i l&#8217;alcalde de Xest, Jos\u00e9 Morell.<\/p>\n\n\n\n<p>La comitiva va donar la benvinguda a el p\u00fablic assistent i els va animar a participar en cada un dels actes programats per a les Falles de Xest 2020. &#8220;\u00c9s l&#8217;hora de gaudir de la nostra festa i les nostres tradicions, de veure per fi al carrer les creacions de tants professionals que treballen durant tot l&#8217;any a l&#8217;ombra: aquests artistes fallers, m\u00fasics, pirot\u00e8cnics o indumentaristes que fan possible que visquem les nostres festes tan intensament &#8220;, manifestaven les falleres majors de la Falla Barri de l&#8217;Alegria, Carmen Herr\u00e1iz i Nerea Camps. &#8220;La nostra comesa com pregoneres \u00e9s convidar-vos a divertir-vos i a gaudir de les festes, esperem que ens acompanyeu en cada acte. Obriu els ulls i les orelles, estimeu la p\u00f3lvora, escolteu la m\u00fasica, gaudiu dels colors, els llums i de la vida &#8220;.<\/p>\n\n\n\n<p>Igualment, les falleres majors de la Falla Ind\u00fastria i Comer\u00e7, van convidar a tota la poblaci\u00f3 a participar en els actes festius. &#8220;Aquest any s&#8217;han programat multitud d&#8217;actes, alguns s\u00f3n els de tots els anys, per\u00f2 altres s\u00f3n especials per celebrar el nostre 75 aniversari&#8221;, apuntava Candela Llorens, la fallera major infantil.<br>\n&#8220;En aquesta data tan assenyalada hi haur\u00e0 una exposici\u00f3 fotogr\u00e0fica, una gran revetlla al carrer Chiva, despertades, mascletades i molt m\u00e9s&#8221;, afegia Marina Lleonard, la fallera major de la Falla Ind\u00fastria i Comer\u00e7. &#8220;Com es dir\u00e0 dem\u00e0 a la crid\u00e0 des de les torres de Serrano: Ja estem a Falles. A l&#8217;escoltar aquesta frase a falleres i fallers se&#8217;ns posa la pell de gallina i ens brillen els ulls i avui, en aquest preg\u00f3, vull convidar a tot el poble i a totes les persones que ens visiten aquests dies a viure a gaudir amb nosaltres &#8220;.<\/p>\n\n\n\n<p>Seguint la mateixa l\u00ednia, les falleres majors de la Junta Local, Laura Tar\u00edn i Luc\u00eda S\u00e1nchez, van convidar als i les assistents a participar en els actes programats durant aquests dies de Falles i van dedicar unes paraules d&#8217;agra\u00efment. &#8220;Representant a Xest a la Junta Local, volem donar les gr\u00e0cies a les dues falles locals, ja que, amb la col\u00b7laboraci\u00f3 del nostre Ajuntament, fan possible la celebraci\u00f3 d&#8217;aquestes festes tan estimades i admirades en el nostre poble. Avui celebrem el comen\u00e7ament de les Falles amb aquest acte tan emblem\u00e0tic que compta amb la Banda La Lira, una entitat tan unida a les falles que ja no s&#8217;entendrien ja sense la seva m\u00fasica &#8220;.<\/p>\n\n\n\n<p>Despr\u00e9s dels discursos de preg\u00f3, l&#8217;alcalde de Xest va lliurar les claus de la ciutat a les falleres majors de la Junta Local i va donar la benvinguda a les festes de Sant Josep, destacant el paper de la dona. &#8220;A trav\u00e9s de les falles dels valencians mostrem com vam celebrar la vida, s\u00f3n unes festes d&#8217;expressi\u00f3, de conviv\u00e8ncia i de treball en equip; uns trets que les han fet ser mereixedores de reconeixement internacional. Per\u00f2 avui vull destacar un altre aspecte d&#8217;aquesta festa i \u00e9s que Marina, Carme, Nerea, Candela, Laura i Lucia representeu una generaci\u00f3 de dones preparada i amb experi\u00e8ncia, un talent que poseu cada any en les vostres comissions, assumint responsabilitats executives i col\u00b7laborant en totes les activitats, tamb\u00e9 aportant una passi\u00f3 per aquesta festa heretada de les vostres fam\u00edlies. El 2020 assumiu la tasca de representar la nostra festa amb orgull i responsabilitat, sou una de les garanties de futur d&#8217;aquesta festa, que t\u00e9 arrels antigues per\u00f2 que es reinventa cada generaci\u00f3 mantenint la seva ess\u00e8ncia. Us desitjo uns dies inoblidables, especialment amb la celebraci\u00f3 de l&#8217;75 aniversari de la Falla Ind\u00fastria i Comer\u00e7, que s&#8217;uneix a el 75 aniversari de la falla d&#8217;Alegria, celebrat l&#8217;any passat. Tants anys demostren el arrelades que estan les falles al nostre poble &#8220;, declarava Morell.<\/p>\n\n\n\n<p>L&#8217;acte va acabar amb l&#8217;actuaci\u00f3 de la Banda Simf\u00f2nica La Lira, que va interpretar el pasdoble Valencianeta, de L. Mart\u00ed; el Preludi i Dansa Final de Suite en La, de J. G\u00f3mez i Poeme Montagnard, de J. Van de Roost, sota la batuta de Javier Engu\u00eddanos Morat\u00f3.<\/p>\n","protected":false},"excerpt":{"rendered":"<div class=\"mh-excerpt\">Dissabte passat, 29 de febrer, Xest donava el tret de sortida a la celebraci\u00f3 de les Falles 2020 amb l&#8217;acte de l&#8217;preg\u00f3 i el concert ofert per l&#8217;Associaci\u00f3 Musical La Lira. El teatre Liceu es <a class=\"mh-excerpt-more\" href=\"https:\/\/www.tucomarca.com\/wordpress\/segunda\/ca\/fotogaleria-les-falles-ja-es-respiren-a-xest\/\" title=\"Fotogaleria: Les Falles ja es respiren a Xest\">[+] <\/a><\/div>\n","protected":false},"author":1,"featured_media":100729,"comment_status":"open","ping_status":"open","sticky":false,"template":"","format":"gallery","meta":{"footnotes":""},"categories":[10898,10912,11004,11007,11008,10896,10974],"tags":[5952,10914],"class_list":{"0":"post-100733","1":"post","2":"type-post","3":"status-publish","4":"format-gallery","5":"has-post-thumbnail","7":"category-ventana-ca","8":"category-la-hoya-ca","9":"category-la-semana-en-imagenes-ca","10":"category-ocio-y-cultura-ca","11":"category-pueblos-en-fiestas-ca","12":"category-seccion-ca","13":"category-cheste-ca","14":"tag-la-hoya-de-bunol-chiva","15":"tag-la-hoya-de-bunol-chiva-ca","16":"post_format-post-format-gallery"},"_links":{"self":[{"href":"https:\/\/www.tucomarca.com\/wordpress\/segunda\/ca\/wp-json\/wp\/v2\/posts\/100733","targetHints":{"allow":["GET"]}}],"collection":[{"href":"https:\/\/www.tucomarca.com\/wordpress\/segunda\/ca\/wp-json\/wp\/v2\/posts"}],"about":[{"href":"https:\/\/www.tucomarca.com\/wordpress\/segunda\/ca\/wp-json\/wp\/v2\/types\/post"}],"author":[{"embeddable":true,"href":"https:\/\/www.tucomarca.com\/wordpress\/segunda\/ca\/wp-json\/wp\/v2\/users\/1"}],"replies":[{"embeddable":true,"href":"https:\/\/www.tucomarca.com\/wordpress\/segunda\/ca\/wp-json\/wp\/v2\/comments?post=100733"}],"version-history":[{"count":0,"href":"https:\/\/www.tucomarca.com\/wordpress\/segunda\/ca\/wp-json\/wp\/v2\/posts\/100733\/revisions"}],"wp:featuredmedia":[{"embeddable":true,"href":"https:\/\/www.tucomarca.com\/wordpress\/segunda\/ca\/wp-json\/wp\/v2\/media\/100729"}],"wp:attachment":[{"href":"https:\/\/www.tucomarca.com\/wordpress\/segunda\/ca\/wp-json\/wp\/v2\/media?parent=100733"}],"wp:term":[{"taxonomy":"category","embeddable":true,"href":"https:\/\/www.tucomarca.com\/wordpress\/segunda\/ca\/wp-json\/wp\/v2\/categories?post=100733"},{"taxonomy":"post_tag","embeddable":true,"href":"https:\/\/www.tucomarca.com\/wordpress\/segunda\/ca\/wp-json\/wp\/v2\/tags?post=100733"}],"curies":[{"name":"wp","href":"https:\/\/api.w.org\/{rel}","templated":true}]}}