{"id":100841,"date":"2020-03-10T19:32:57","date_gmt":"2020-03-10T17:32:57","guid":{"rendered":"http:\/\/www.tucomarca.com\/wordpress\/segunda\/?p=100841"},"modified":"2020-03-10T19:32:58","modified_gmt":"2020-03-10T17:32:58","slug":"el-gran-premi-de-la-comunitat-valenciana-a-test-canvia-la-seua-data-a-el-22-de-novembre","status":"publish","type":"post","link":"https:\/\/www.tucomarca.com\/wordpress\/segunda\/ca\/el-gran-premi-de-la-comunitat-valenciana-a-test-canvia-la-seua-data-a-el-22-de-novembre\/","title":{"rendered":"El Gran Premi de la Comunitat Valenciana a Test canvia la seua data a el 22 de novembre"},"content":{"rendered":"\n<p>El Gran Premi Motul de la Comunitat Valenciana se celebrar\u00e0 de l&#8217;20 a l&#8217;22 de novembre, una setmana despr\u00e9s del previst despr\u00e9s dels ajustos de l&#8217;calendari anunciats per l&#8217;organitzaci\u00f3 del Campionat de el M\u00f3n de Motociclisme.<\/p>\n\n\n\n<p>Segons ha informat Dorna Sports, organitzador de l&#8217;campionat, en un comunicat, &#8220;la Federaci\u00f3 Internacional de Motociclisme (FIM), l&#8217;Associaci\u00f3 Internacional d&#8217;Equips de Competici\u00f3 (IRTA) i Dorna Sports lamenten anunciar que el Gran Premi Red Bull de les Am\u00e8riques, programat per al 5 d&#8217;abril, es posposa a causa de la crisi de l&#8217;coronavirus fins al 15 de novembre &#8220;.<\/p>\n\n\n\n<p>D&#8217;aquesta manera, la data de celebraci\u00f3 del Gran Premi Motul de la Comunitat Valenciana s&#8217;ajorna una setmana per tancar un any m\u00e9s el calendari internacional de motociclisme els dies 20, 21 i 22 de novembre.<\/p>\n\n\n\n<p>Les persones aficionades que, a causa d&#8217;aquesta modificaci\u00f3 de l&#8217;calendari, vulguen tornar les seues entrades podran fer-ho fins al dia 15 d&#8217;abril.<\/p>\n","protected":false},"excerpt":{"rendered":"<div class=\"mh-excerpt\">El Gran Premi Motul de la Comunitat Valenciana se celebrar\u00e0 de l&#8217;20 a l&#8217;22 de novembre, una setmana despr\u00e9s del previst despr\u00e9s dels ajustos de l&#8217;calendari anunciats per l&#8217;organitzaci\u00f3 del Campionat de el M\u00f3n de <a class=\"mh-excerpt-more\" href=\"https:\/\/www.tucomarca.com\/wordpress\/segunda\/ca\/el-gran-premi-de-la-comunitat-valenciana-a-test-canvia-la-seua-data-a-el-22-de-novembre\/\" title=\"El Gran Premi de la Comunitat Valenciana a Test canvia la seua data a el 22 de novembre\">[+] <\/a><\/div>\n","protected":false},"author":1,"featured_media":100833,"comment_status":"open","ping_status":"open","sticky":false,"template":"","format":"standard","meta":{"footnotes":""},"categories":[11003,10898,10912,11011,10896,10974],"tags":[10379,11074,10661,11264],"class_list":{"0":"post-100841","1":"post","2":"type-post","3":"status-publish","4":"format-standard","5":"has-post-thumbnail","7":"category-sports","8":"category-ventana-ca","9":"category-la-hoya-ca","10":"category-motociclismo-ca","11":"category-seccion-ca","12":"category-cheste-ca","13":"tag-deportes","14":"tag-deportes-ca","15":"tag-esports","16":"tag-esports-ca"},"_links":{"self":[{"href":"https:\/\/www.tucomarca.com\/wordpress\/segunda\/ca\/wp-json\/wp\/v2\/posts\/100841","targetHints":{"allow":["GET"]}}],"collection":[{"href":"https:\/\/www.tucomarca.com\/wordpress\/segunda\/ca\/wp-json\/wp\/v2\/posts"}],"about":[{"href":"https:\/\/www.tucomarca.com\/wordpress\/segunda\/ca\/wp-json\/wp\/v2\/types\/post"}],"author":[{"embeddable":true,"href":"https:\/\/www.tucomarca.com\/wordpress\/segunda\/ca\/wp-json\/wp\/v2\/users\/1"}],"replies":[{"embeddable":true,"href":"https:\/\/www.tucomarca.com\/wordpress\/segunda\/ca\/wp-json\/wp\/v2\/comments?post=100841"}],"version-history":[{"count":0,"href":"https:\/\/www.tucomarca.com\/wordpress\/segunda\/ca\/wp-json\/wp\/v2\/posts\/100841\/revisions"}],"wp:featuredmedia":[{"embeddable":true,"href":"https:\/\/www.tucomarca.com\/wordpress\/segunda\/ca\/wp-json\/wp\/v2\/media\/100833"}],"wp:attachment":[{"href":"https:\/\/www.tucomarca.com\/wordpress\/segunda\/ca\/wp-json\/wp\/v2\/media?parent=100841"}],"wp:term":[{"taxonomy":"category","embeddable":true,"href":"https:\/\/www.tucomarca.com\/wordpress\/segunda\/ca\/wp-json\/wp\/v2\/categories?post=100841"},{"taxonomy":"post_tag","embeddable":true,"href":"https:\/\/www.tucomarca.com\/wordpress\/segunda\/ca\/wp-json\/wp\/v2\/tags?post=100841"}],"curies":[{"name":"wp","href":"https:\/\/api.w.org\/{rel}","templated":true}]}}