{"id":101039,"date":"2020-03-13T20:59:44","date_gmt":"2020-03-13T18:59:44","guid":{"rendered":"http:\/\/www.tucomarca.com\/wordpress\/segunda\/?p=101039"},"modified":"2020-03-13T20:59:47","modified_gmt":"2020-03-13T18:59:47","slug":"se-suspenen-les-classes-i-es-tanquen-espais-publics-a-utiel-per-prevenir-la-propagacio-de-lcoronavirus","status":"publish","type":"post","link":"https:\/\/www.tucomarca.com\/wordpress\/segunda\/ca\/se-suspenen-les-classes-i-es-tanquen-espais-publics-a-utiel-per-prevenir-la-propagacio-de-lcoronavirus\/","title":{"rendered":"Se suspenen les classes i es tanquen espais p\u00fablics a Utiel per prevenir la propagaci\u00f3 de l&#8217;coronavirus"},"content":{"rendered":"\n<p>Ahir la Conselleria de Sanitat Universal i Salut P\u00fablica determinava la suspensi\u00f3 temporal de l&#8217;activitat educativa presencial a tots els centres, etapes, cicles, graus, cursos i nivells d&#8217;ensenyament de la Comunitat Valenciana a partir de el dilluns 16 de mar\u00e7 com a conseq\u00fc\u00e8ncia de la situaci\u00f3 i evoluci\u00f3 de l&#8217;coronavirus<\/p>\n\n\n\n<p>Per tant, des del proper dilluns i fins a nou av\u00eds, tots els centres educatius d&#8217;Utiel suspendran les seves classes amb car\u00e0cter preventiu per frenar l&#8217;avan\u00e7 de l&#8217;COVID-19.<\/p>\n\n\n\n<p>A el tancament d&#8217;escoles i instituts tamb\u00e9 s&#8217;hi suma la cloenda d&#8217;espais culturals, socials i esportius de titularitat municipal per evitar la concentraci\u00f3 de poblaci\u00f3 davant l&#8217;alerta de coronavirus.<\/p>\n\n\n\n<p>Aix\u00ed, l&#8217;Ajuntament d&#8217;Utiel ha susp\u00e8s l&#8217;activitat a la Piscina Coberta, Pavell\u00f3 Cobert, Escoles Esportives, Poliesportiu, Complex Esportiu El Nogueral, Biblioteca Municipal, Telecentre, Teatre Rambal, Oficina de Turisme i Museu Municipal.<\/p>\n\n\n\n<p>De la mateixa manera, s&#8217;ha procedit a el tancament de parcs i jardins p\u00fablics per evitar la concentraci\u00f3 de la poblaci\u00f3.<\/p>\n\n\n\n<p>Responsabilitat social davant el coronavirus<\/p>\n\n\n\n<p>Per prevenir el contagi i propagaci\u00f3 de l&#8217;coronavirus \u00e9s imprescindible la col\u00b7laboraci\u00f3 de tota la ciutadania i tenir en compte un seguit de recomanacions b\u00e0siques:<\/p>\n\n\n\n<p>-Evitar reunions amb grups nombrosos (penyes, entitats, associacions \u2026)<\/p>\n\n\n\n<ul class=\"wp-block-list\"><li>Mantenir la dist\u00e0ncia m\u00ednima d&#8217;1 metre.<\/li><\/ul>\n\n\n\n<p>-No viatjar a menys que sigui totalment imprescindible.<\/p>\n\n\n\n<p>Realitzar tramitacions telem\u00e0tiques o telef\u00f2niques per a les gestions administratives que aix\u00ed ho permetin. En aquest sentit, l&#8217;Ajuntament d&#8217;Utiel gestionar\u00e0 el servei d&#8217;informaci\u00f3 ciutadana mitjan\u00e7ant cita pr\u00e8via (96.217 05 04) per garantir una atenci\u00f3 segura i de qualitat a la poblaci\u00f3 evitant aglomeracions.<\/p>\n\n\n\n<p>-En el cas de dubte davant s\u00edmptomes associats a l&#8217;coronavirus (tos, febre i sensaci\u00f3 de falta d&#8217;aire), no acudir directament a centre de salut, hospital o servei d&#8217;urg\u00e8ncies. Trucar a el tel\u00e8fon d&#8217;atenci\u00f3 telef\u00f2nica 900 300 555.<\/p>\n\n\n\n<p>-Lavarse les mans amb abundant aigua i sab\u00f3 amb freq\u00fc\u00e8ncia.<\/p>\n\n\n\n<p>-Cobrir la boca i el nas amb l&#8217;interior de el colze a l&#8217;tossir o esternudar.<\/p>\n\n\n\n<p>Usar mocadors d&#8217;un sol \u00fas i llen\u00e7ar-los a les escombraries.<\/p>\n\n\n\n<p>-Evitar tocar-se ulls, nas o boca ja que s\u00f3n les vies d&#8217;acc\u00e9s de l&#8217;coronavirus al nostre organisme.<\/p>\n\n\n\n<p>Informaci\u00f3 i autotest sobre coronavirus<\/p>\n\n\n\n<p>A m\u00e9s de el tel\u00e8fon d&#8217;informaci\u00f3 900 300 555, la consellera de Sanitat<br>\nha habilitat un autotest a la seva p\u00e0gina web www.san.gva.es perqu\u00e8 totes les persones que tinguin dubtes comprovin si presenten simptomatologia compatible amb el virus i s&#8217;informin dels passos a seguir.<\/p>\n\n\n\n<p>L&#8217;Ajuntament d&#8217;Utiel envia un missatge tranquil\u00b7litzador a la ciutadania i apel\u00b7la a la responsabilitat social i a la contenci\u00f3 i perman\u00e8ncia a casa per adoptar les mesures preventives recomanades per les autoritats sanit\u00e0ries que evitin la propagaci\u00f3 de virus.<\/p>\n","protected":false},"excerpt":{"rendered":"<div class=\"mh-excerpt\">Ahir la Conselleria de Sanitat Universal i Salut P\u00fablica determinava la suspensi\u00f3 temporal de l&#8217;activitat educativa presencial a tots els centres, etapes, cicles, graus, cursos i nivells d&#8217;ensenyament de la Comunitat Valenciana a partir de <a class=\"mh-excerpt-more\" href=\"https:\/\/www.tucomarca.com\/wordpress\/segunda\/ca\/se-suspenen-les-classes-i-es-tanquen-espais-publics-a-utiel-per-prevenir-la-propagacio-de-lcoronavirus\/\" title=\"Se suspenen les classes i es tanquen espais p\u00fablics a Utiel per prevenir la propagaci\u00f3 de l&#8217;coronavirus\">[+] <\/a><\/div>\n","protected":false},"author":1,"featured_media":101037,"comment_status":"open","ping_status":"open","sticky":false,"template":"","format":"standard","meta":{"footnotes":""},"categories":[10948,10894,10947,10909,10896,10897,11059],"tags":[10387,10910],"class_list":{"0":"post-101039","1":"post","2":"type-post","3":"status-publish","4":"format-standard","5":"has-post-thumbnail","7":"category-infraestructuras-ca","8":"category-la-comarca-ca","9":"category-politica","10":"category-requena-utiel-ca","11":"category-seccion-ca","12":"category-sucesos-la-comarca-ca","13":"category-utiel-ca","14":"tag-requena-utiel","15":"tag-requena-utiel-ca"},"_links":{"self":[{"href":"https:\/\/www.tucomarca.com\/wordpress\/segunda\/ca\/wp-json\/wp\/v2\/posts\/101039","targetHints":{"allow":["GET"]}}],"collection":[{"href":"https:\/\/www.tucomarca.com\/wordpress\/segunda\/ca\/wp-json\/wp\/v2\/posts"}],"about":[{"href":"https:\/\/www.tucomarca.com\/wordpress\/segunda\/ca\/wp-json\/wp\/v2\/types\/post"}],"author":[{"embeddable":true,"href":"https:\/\/www.tucomarca.com\/wordpress\/segunda\/ca\/wp-json\/wp\/v2\/users\/1"}],"replies":[{"embeddable":true,"href":"https:\/\/www.tucomarca.com\/wordpress\/segunda\/ca\/wp-json\/wp\/v2\/comments?post=101039"}],"version-history":[{"count":0,"href":"https:\/\/www.tucomarca.com\/wordpress\/segunda\/ca\/wp-json\/wp\/v2\/posts\/101039\/revisions"}],"wp:featuredmedia":[{"embeddable":true,"href":"https:\/\/www.tucomarca.com\/wordpress\/segunda\/ca\/wp-json\/wp\/v2\/media\/101037"}],"wp:attachment":[{"href":"https:\/\/www.tucomarca.com\/wordpress\/segunda\/ca\/wp-json\/wp\/v2\/media?parent=101039"}],"wp:term":[{"taxonomy":"category","embeddable":true,"href":"https:\/\/www.tucomarca.com\/wordpress\/segunda\/ca\/wp-json\/wp\/v2\/categories?post=101039"},{"taxonomy":"post_tag","embeddable":true,"href":"https:\/\/www.tucomarca.com\/wordpress\/segunda\/ca\/wp-json\/wp\/v2\/tags?post=101039"}],"curies":[{"name":"wp","href":"https:\/\/api.w.org\/{rel}","templated":true}]}}