{"id":101225,"date":"2020-03-16T22:34:58","date_gmt":"2020-03-16T20:34:58","guid":{"rendered":"http:\/\/www.tucomarca.com\/wordpress\/segunda\/?p=101225"},"modified":"2020-03-17T11:36:48","modified_gmt":"2020-03-17T09:36:48","slug":"lalcalde-de-requena-confirma-un-cas-de-coronavirus-a-la-localitat","status":"publish","type":"post","link":"https:\/\/www.tucomarca.com\/wordpress\/segunda\/ca\/lalcalde-de-requena-confirma-un-cas-de-coronavirus-a-la-localitat\/","title":{"rendered":"L&#8217;alcalde de Requena confirma un cas de coronavirus a la localitat"},"content":{"rendered":"\n<p>L&#8217;alcalde de Requena, Mario S\u00e1nchez, ha confirmat un primer cas de coronvirus a laloclaidad. <\/p>\n\n\n\n<p>La primera autoritat local ha fet p\u00fablic aquesta dada a trav\u00e9s del seu compte de twitter: &#8220;Ja tenim un cas confirmat de Covid19 a Requena. Es troba a\u00efllat i \u00e9s un cas importat. No s&#8217;ha contagiat a Requena&#8221;, ha escrit el primer edil. <\/p>\n\n\n\n<p>&#8220;Ara \u00e9s m\u00e9s important que mai seguir l&#8217;recomanacions dels experts sanitaris i mantenir la calma. No podem dir molt m\u00e9s perqu\u00e8 les dades oficials s&#8217;ofereixen per prov\u00edncies&#8221;, ha afegit el primer edil. <\/p>\n\n\n\n<p>&#8220;Estem davant d&#8217;una pand\u00e8mia i hem d&#8217;actuar com si tots estigu\u00e9ssim infectats encara que no presentem s\u00edmptomes&#8221;, de manera que &#8220;si alg\u00fa presenta els s\u00edmptomes, cal cridar a 900 300 555, evitant anar a urg\u00e8ncies. Gr\u00e0cies per la vostra col\u00b7laboraci\u00f3. Sortirem d&#8217;aquesta, #QuedateEnCasa &#8220;, ha finalitzat l&#8217;alcalde de Requena.<\/p>\n","protected":false},"excerpt":{"rendered":"<div class=\"mh-excerpt\">L&#8217;alcalde de Requena, Mario S\u00e1nchez, ha confirmat un primer cas de coronvirus a laloclaidad. La primera autoritat local ha fet p\u00fablic aquesta dada a trav\u00e9s del seu compte de twitter: &#8220;Ja tenim un cas confirmat <a class=\"mh-excerpt-more\" href=\"https:\/\/www.tucomarca.com\/wordpress\/segunda\/ca\/lalcalde-de-requena-confirma-un-cas-de-coronavirus-a-la-localitat\/\" title=\"L&#8217;alcalde de Requena confirma un cas de coronavirus a la localitat\">[+] <\/a><\/div>\n","protected":false},"author":1,"featured_media":101223,"comment_status":"open","ping_status":"open","sticky":false,"template":"","format":"standard","meta":{"footnotes":""},"categories":[11010,10898,10948,10894,10903,10947,10908,10909,10896,10897],"tags":[11937,11939,11938,11940,11951,11952,10387,10910],"class_list":{"0":"post-101225","1":"post","2":"type-post","3":"status-publish","4":"format-standard","5":"has-post-thumbnail","7":"category-canal-salud","8":"category-ventana-ca","9":"category-infraestructuras-ca","10":"category-la-comarca-ca","11":"category-medio-ambiente-la-comarca-ca","12":"category-politica","13":"category-requena-ca","14":"category-requena-utiel-ca","15":"category-seccion-ca","16":"category-sucesos-la-comarca-ca","17":"tag-coronavirus","18":"tag-coronavirus-ca","19":"tag-covid-19","20":"tag-covid-19-ca","21":"tag-covid2019","22":"tag-covid2019-ca","23":"tag-requena-utiel","24":"tag-requena-utiel-ca"},"_links":{"self":[{"href":"https:\/\/www.tucomarca.com\/wordpress\/segunda\/ca\/wp-json\/wp\/v2\/posts\/101225","targetHints":{"allow":["GET"]}}],"collection":[{"href":"https:\/\/www.tucomarca.com\/wordpress\/segunda\/ca\/wp-json\/wp\/v2\/posts"}],"about":[{"href":"https:\/\/www.tucomarca.com\/wordpress\/segunda\/ca\/wp-json\/wp\/v2\/types\/post"}],"author":[{"embeddable":true,"href":"https:\/\/www.tucomarca.com\/wordpress\/segunda\/ca\/wp-json\/wp\/v2\/users\/1"}],"replies":[{"embeddable":true,"href":"https:\/\/www.tucomarca.com\/wordpress\/segunda\/ca\/wp-json\/wp\/v2\/comments?post=101225"}],"version-history":[{"count":0,"href":"https:\/\/www.tucomarca.com\/wordpress\/segunda\/ca\/wp-json\/wp\/v2\/posts\/101225\/revisions"}],"wp:featuredmedia":[{"embeddable":true,"href":"https:\/\/www.tucomarca.com\/wordpress\/segunda\/ca\/wp-json\/wp\/v2\/media\/101223"}],"wp:attachment":[{"href":"https:\/\/www.tucomarca.com\/wordpress\/segunda\/ca\/wp-json\/wp\/v2\/media?parent=101225"}],"wp:term":[{"taxonomy":"category","embeddable":true,"href":"https:\/\/www.tucomarca.com\/wordpress\/segunda\/ca\/wp-json\/wp\/v2\/categories?post=101225"},{"taxonomy":"post_tag","embeddable":true,"href":"https:\/\/www.tucomarca.com\/wordpress\/segunda\/ca\/wp-json\/wp\/v2\/tags?post=101225"}],"curies":[{"name":"wp","href":"https:\/\/api.w.org\/{rel}","templated":true}]}}