{"id":101355,"date":"2020-03-19T21:08:31","date_gmt":"2020-03-19T19:08:31","guid":{"rendered":"http:\/\/www.tucomarca.com\/wordpress\/segunda\/?p=101355"},"modified":"2020-03-19T21:15:44","modified_gmt":"2020-03-19T19:15:44","slug":"la-generalitat-encarrega-la-construccio-de-tres-hospitals-de-campanya-amb-capacitat-per-a-1-100-llits-a-valencia-alacant-i-castello-per-a-atendre-lemergencia-del-coronavirus","status":"publish","type":"post","link":"https:\/\/www.tucomarca.com\/wordpress\/segunda\/ca\/la-generalitat-encarrega-la-construccio-de-tres-hospitals-de-campanya-amb-capacitat-per-a-1-100-llits-a-valencia-alacant-i-castello-per-a-atendre-lemergencia-del-coronavirus\/","title":{"rendered":"La Generalitat encarrega la construcci\u00f3 de tres hospitals de campanya amb capacitat per a 1.100 llits a Val\u00e8ncia, Alacant i Castell\u00f3 per a atendre l&#8217;emerg\u00e8ncia del coronavirus"},"content":{"rendered":"\n<figure class=\"wp-block-image\"><img loading=\"lazy\" decoding=\"async\" width=\"690\" height=\"230\" src=\"http:\/\/www.tucomarca.com\/wordpress\/segunda\/wp-content\/uploads\/2020\/03\/HospitalCampanaCoro2.jpg\" alt=\"\" class=\"wp-image-101361\" srcset=\"https:\/\/www.tucomarca.com\/wordpress\/segunda\/wp-content\/uploads\/2020\/03\/HospitalCampanaCoro2.jpg 690w, https:\/\/www.tucomarca.com\/wordpress\/segunda\/wp-content\/uploads\/2020\/03\/HospitalCampanaCoro2-300x100.jpg 300w\" sizes=\"auto, (max-width: 690px) 100vw, 690px\" \/><\/figure>\n\n\n\n<p>El president de la Generalitat, Ximo Puig, ha anunciat aquest dijous la contractaci\u00f3 de la construcci\u00f3 de tres hospitals de campanya, un a cada capital de prov\u00edncia, amb capacitat per a 1.100 llits en total, de les quals 500 llits estaran ja disponibles en 15 dies , per si resultessin necess\u00e0ries per fer front a l&#8217;emerg\u00e8ncia sanit\u00e0ria de l&#8217;coronavirus.<\/p>\n\n\n\n<p>El responsable de el Consell ha realitzat aquestes declaracions despr\u00e9s de mantenir al Palau de la Generalitat, acompanyat de l&#8217;conseller de Pol\u00edtica Territorial, Arcadi Espanya, una reuni\u00f3 per videoconfer\u00e8ncia amb la consellera de Sanitat Universal i Salut P\u00fablica, Ana Barcel\u00f3, per analitzar la situaci\u00f3 de la atenci\u00f3 sanit\u00e0ria a la Comunitat Valenciana.<\/p>\n\n\n\n<p>Els tres hospitals de campanya, que s&#8217;ubicaran al costat de hospitals de refer\u00e8ncia en les tres capitals de prov\u00edncia, suposaran un increment de 1.100 nous llits a sistema hospitalari, que es distribuiran de la seg\u00fcent manera: 500 a Val\u00e8ncia, 400 a Alacant i 200 a Castell\u00f3. La meitat d&#8217;aquests llits estaran disponibles en un termini de 15 dies.<\/p>\n\n\n\n<p>Tal com ha avan\u00e7at, la Generalitat, mitjan\u00e7ant la Conselleria de Just\u00edcia, ha contractat la construcci\u00f3 d&#8217;aquests hospitals de campanya, una mesura que t\u00e9 per objectiu &#8220;dotar de la m\u00e0xima seguretat a tot el sistema sanitari valenci\u00e0&#8221;. &#8220;Fins al moment, els recursos s\u00f3n suficients per atendre la demanda assistencial, per\u00f2 cal tenir planificats tots els escenaris per anticipar-nos a les necessitats&#8221;, ha assegurat.<\/p>\n\n\n\n<p>El president ha afegit que la Generalitat &#8220;est\u00e0 treballant per posar tots els mitjans necessaris&#8221; per tal d&#8217;anticipar-se &#8220;a qualsevol situaci\u00f3 que pogu\u00e9s presentar-se&#8221; davant d&#8217;un previsible increment de la pressi\u00f3 assistencial.<\/p>\n\n\n\n<p>A m\u00e9s, s&#8217;est\u00e0 negociant amb el sector hoteler i ja s&#8217;han tancat els dos primers acords per comptar amb sengles hotels a Val\u00e8ncia ia Alacant, per atendre pacients afectats pel coronavirus.<\/p>\n\n\n\n<p>Centres adaptats a les necessitats de l&#8217;emerg\u00e8ncia<\/p>\n\n\n\n<p>Els hospitals de campanya que la Generalitat posar\u00e0 en marxa s&#8217;instal\u00b7laran prop d&#8217;hospitals de refer\u00e8ncia i seran centres assistencials dotats d&#8217;interoperabilitat amb l&#8217;hospital central de refer\u00e8ncia gr\u00e0cies un sistema de comunicacions, a m\u00e9s de modulables d&#8217;acord amb les necessitats operatives i climatitzats.<\/p>\n\n\n\n<p>Cadascun dels hospitals de campanya estar\u00e0 dotat dels elements cl\u00ednics i log\u00edstics necessaris i disposar\u00e0 de serveis com ara unitats d&#8217;a\u00efllament, zones independents de recepci\u00f3, triatge i \u00e0rees de banys i serveis i de descans per al personal sanitari.<\/p>\n\n\n\n<p>Aquestes infraestructures sanit\u00e0ries, el proc\u00e9s constructiu i disseny es va a adaptar a les necessitats produ\u00efdes per l&#8217;emerg\u00e8ncia de l&#8217;coronavirus, tindran les mateixes prestacions que un hospital de construcci\u00f3, ja que, per la seva posada en funcionament, s&#8217;empraran materials que permeten un a\u00efllament complet de l&#8217;exterior.<\/p>\n\n\n\n<p>Es tracta, a m\u00e9s, d&#8217;hospitals de campanya dissenyats per al seu funcionament durant grans per\u00edodes de temps, formats per contenidors desplegables connectats entre si mitjan\u00e7ant t\u00fanels.<\/p>\n","protected":false},"excerpt":{"rendered":"<div class=\"mh-excerpt\">El president de la Generalitat, Ximo Puig, ha anunciat aquest dijous la contractaci\u00f3 de la construcci\u00f3 de tres hospitals de campanya, un a cada capital de prov\u00edncia, amb capacitat per a 1.100 llits en total, <a class=\"mh-excerpt-more\" href=\"https:\/\/www.tucomarca.com\/wordpress\/segunda\/ca\/la-generalitat-encarrega-la-construccio-de-tres-hospitals-de-campanya-amb-capacitat-per-a-1-100-llits-a-valencia-alacant-i-castello-per-a-atendre-lemergencia-del-coronavirus\/\" title=\"La Generalitat encarrega la construcci\u00f3 de tres hospitals de campanya amb capacitat per a 1.100 llits a Val\u00e8ncia, Alacant i Castell\u00f3 per a atendre l&#8217;emerg\u00e8ncia del coronavirus\">[+] <\/a><\/div>\n","protected":false},"author":1,"featured_media":101357,"comment_status":"open","ping_status":"open","sticky":false,"template":"","format":"standard","meta":{"footnotes":""},"categories":[11010,10898,10948,10894,10904,10903,10947,10896,10897],"tags":[11937,11938,11951],"class_list":{"0":"post-101355","1":"post","2":"type-post","3":"status-publish","4":"format-standard","5":"has-post-thumbnail","7":"category-canal-salud","8":"category-ventana-ca","9":"category-infraestructuras-ca","10":"category-la-comarca-ca","11":"category-sin-categorizar-ca","12":"category-medio-ambiente-la-comarca-ca","13":"category-politica","14":"category-seccion-ca","15":"category-sucesos-la-comarca-ca","16":"tag-coronavirus","17":"tag-covid-19","18":"tag-covid2019"},"_links":{"self":[{"href":"https:\/\/www.tucomarca.com\/wordpress\/segunda\/ca\/wp-json\/wp\/v2\/posts\/101355","targetHints":{"allow":["GET"]}}],"collection":[{"href":"https:\/\/www.tucomarca.com\/wordpress\/segunda\/ca\/wp-json\/wp\/v2\/posts"}],"about":[{"href":"https:\/\/www.tucomarca.com\/wordpress\/segunda\/ca\/wp-json\/wp\/v2\/types\/post"}],"author":[{"embeddable":true,"href":"https:\/\/www.tucomarca.com\/wordpress\/segunda\/ca\/wp-json\/wp\/v2\/users\/1"}],"replies":[{"embeddable":true,"href":"https:\/\/www.tucomarca.com\/wordpress\/segunda\/ca\/wp-json\/wp\/v2\/comments?post=101355"}],"version-history":[{"count":0,"href":"https:\/\/www.tucomarca.com\/wordpress\/segunda\/ca\/wp-json\/wp\/v2\/posts\/101355\/revisions"}],"wp:featuredmedia":[{"embeddable":true,"href":"https:\/\/www.tucomarca.com\/wordpress\/segunda\/ca\/wp-json\/wp\/v2\/media\/101357"}],"wp:attachment":[{"href":"https:\/\/www.tucomarca.com\/wordpress\/segunda\/ca\/wp-json\/wp\/v2\/media?parent=101355"}],"wp:term":[{"taxonomy":"category","embeddable":true,"href":"https:\/\/www.tucomarca.com\/wordpress\/segunda\/ca\/wp-json\/wp\/v2\/categories?post=101355"},{"taxonomy":"post_tag","embeddable":true,"href":"https:\/\/www.tucomarca.com\/wordpress\/segunda\/ca\/wp-json\/wp\/v2\/tags?post=101355"}],"curies":[{"name":"wp","href":"https:\/\/api.w.org\/{rel}","templated":true}]}}