{"id":101389,"date":"2020-03-19T21:24:38","date_gmt":"2020-03-19T19:24:38","guid":{"rendered":"http:\/\/www.tucomarca.com\/wordpress\/segunda\/?p=101389"},"modified":"2020-03-20T20:55:53","modified_gmt":"2020-03-20T18:55:53","slug":"festivaldelsbalcons-saca-la-musica-dels-nostres-musics-als-carrers-en-sant-josep","status":"publish","type":"post","link":"https:\/\/www.tucomarca.com\/wordpress\/segunda\/ca\/festivaldelsbalcons-saca-la-musica-dels-nostres-musics-als-carrers-en-sant-josep\/","title":{"rendered":"#FestivaldelsBalcons saca la m\u00fasica dels nostres m\u00fasics als carrers en Sant Josep"},"content":{"rendered":"\n<ul class=\"wp-block-gallery columns-3 is-cropped wp-block-gallery-1 is-layout-flex wp-block-gallery-is-layout-flex\"><li class=\"blocks-gallery-item\"><figure><img loading=\"lazy\" decoding=\"async\" width=\"411\" height=\"332\" src=\"http:\/\/www.tucomarca.com\/wordpress\/segunda\/wp-content\/uploads\/2020\/03\/musicos01.jpg\" alt=\"\" data-id=\"101376\" data-link=\"http:\/\/www.tucomarca.com\/wordpress\/segunda\/?attachment_id=101376\" class=\"wp-image-101376\" srcset=\"https:\/\/www.tucomarca.com\/wordpress\/segunda\/wp-content\/uploads\/2020\/03\/musicos01.jpg 411w, https:\/\/www.tucomarca.com\/wordpress\/segunda\/wp-content\/uploads\/2020\/03\/musicos01-300x242.jpg 300w\" sizes=\"auto, (max-width: 411px) 100vw, 411px\" \/><\/figure><\/li><li class=\"blocks-gallery-item\"><figure><img loading=\"lazy\" decoding=\"async\" width=\"646\" height=\"370\" src=\"http:\/\/www.tucomarca.com\/wordpress\/segunda\/wp-content\/uploads\/2020\/03\/musicos02.jpg\" alt=\"\" data-id=\"101378\" data-link=\"http:\/\/www.tucomarca.com\/wordpress\/segunda\/?attachment_id=101378\" class=\"wp-image-101378\" srcset=\"https:\/\/www.tucomarca.com\/wordpress\/segunda\/wp-content\/uploads\/2020\/03\/musicos02.jpg 646w, https:\/\/www.tucomarca.com\/wordpress\/segunda\/wp-content\/uploads\/2020\/03\/musicos02-300x172.jpg 300w\" sizes=\"auto, (max-width: 646px) 100vw, 646px\" \/><\/figure><\/li><li class=\"blocks-gallery-item\"><figure><img loading=\"lazy\" decoding=\"async\" width=\"360\" height=\"296\" src=\"http:\/\/www.tucomarca.com\/wordpress\/segunda\/wp-content\/uploads\/2020\/03\/musicos03.jpg\" alt=\"\" data-id=\"101380\" data-link=\"http:\/\/www.tucomarca.com\/wordpress\/segunda\/?attachment_id=101380\" class=\"wp-image-101380\" srcset=\"https:\/\/www.tucomarca.com\/wordpress\/segunda\/wp-content\/uploads\/2020\/03\/musicos03.jpg 360w, https:\/\/www.tucomarca.com\/wordpress\/segunda\/wp-content\/uploads\/2020\/03\/musicos03-300x247.jpg 300w\" sizes=\"auto, (max-width: 360px) 100vw, 360px\" \/><\/figure><\/li><li class=\"blocks-gallery-item\"><figure><img loading=\"lazy\" decoding=\"async\" width=\"414\" height=\"526\" src=\"http:\/\/www.tucomarca.com\/wordpress\/segunda\/wp-content\/uploads\/2020\/03\/musicos04.jpg\" alt=\"\" data-id=\"101382\" data-link=\"http:\/\/www.tucomarca.com\/wordpress\/segunda\/?attachment_id=101382\" class=\"wp-image-101382\" srcset=\"https:\/\/www.tucomarca.com\/wordpress\/segunda\/wp-content\/uploads\/2020\/03\/musicos04.jpg 414w, https:\/\/www.tucomarca.com\/wordpress\/segunda\/wp-content\/uploads\/2020\/03\/musicos04-236x300.jpg 236w\" sizes=\"auto, (max-width: 414px) 100vw, 414px\" \/><\/figure><\/li><li class=\"blocks-gallery-item\"><figure><img loading=\"lazy\" decoding=\"async\" width=\"417\" height=\"387\" src=\"http:\/\/www.tucomarca.com\/wordpress\/segunda\/wp-content\/uploads\/2020\/03\/musicos05.jpg\" alt=\"\" data-id=\"101384\" data-link=\"http:\/\/www.tucomarca.com\/wordpress\/segunda\/?attachment_id=101384\" class=\"wp-image-101384\" srcset=\"https:\/\/www.tucomarca.com\/wordpress\/segunda\/wp-content\/uploads\/2020\/03\/musicos05.jpg 417w, https:\/\/www.tucomarca.com\/wordpress\/segunda\/wp-content\/uploads\/2020\/03\/musicos05-300x278.jpg 300w\" sizes=\"auto, (max-width: 417px) 100vw, 417px\" \/><\/figure><\/li><li class=\"blocks-gallery-item\"><figure><img loading=\"lazy\" decoding=\"async\" width=\"596\" height=\"346\" src=\"http:\/\/www.tucomarca.com\/wordpress\/segunda\/wp-content\/uploads\/2020\/03\/musicos06-1.jpg\" alt=\"\" data-id=\"101386\" data-link=\"http:\/\/www.tucomarca.com\/wordpress\/segunda\/?attachment_id=101386\" class=\"wp-image-101386\" srcset=\"https:\/\/www.tucomarca.com\/wordpress\/segunda\/wp-content\/uploads\/2020\/03\/musicos06-1.jpg 596w, https:\/\/www.tucomarca.com\/wordpress\/segunda\/wp-content\/uploads\/2020\/03\/musicos06-1-300x174.jpg 300w\" sizes=\"auto, (max-width: 596px) 100vw, 596px\" \/><\/figure><\/li><\/ul>\n\n\n\n<p>Hui, dia de Sant Josep, a les dotze del mat\u00ed, milers de m\u00fasics de totes parts de la Comunitat Valenciana han participat en el #FestivaldelsBalcons organitzat per la Federaci\u00f3 de Societats Musicals de la Comunitat Valencina (FSMCV) en col\u00b7laboraci\u00f3 amb Eugeni Alemany per a omplir els carrers de m\u00fasica, entre ells molts dels nostres pobles.<\/p>\n\n\n\n<p>S&#8217;ha convocat a tots els m\u00fasics als seus balcons i finestres per a interpretar els pasdobles &#8220;Paquito el Chocolatero&#8221; i &#8220;Amparito Roca&#8221; i omplir aix\u00ed els carrers de m\u00fasica, en una acci\u00f3 conjunta com a mostra de solidaritat i col\u00b7laboraci\u00f3 enfront d&#8217;esta situaci\u00f3 de crisi sanit\u00e0ria.<\/p>\n","protected":false},"excerpt":{"rendered":"<div class=\"mh-excerpt\">Hui, dia de Sant Josep, a les dotze del mat\u00ed, milers de m\u00fasics de totes parts de la Comunitat Valenciana han participat en el #FestivaldelsBalcons organitzat per la Federaci\u00f3 de Societats Musicals de la Comunitat <a class=\"mh-excerpt-more\" href=\"https:\/\/www.tucomarca.com\/wordpress\/segunda\/ca\/festivaldelsbalcons-saca-la-musica-dels-nostres-musics-als-carrers-en-sant-josep\/\" title=\"#FestivaldelsBalcons saca la m\u00fasica dels nostres m\u00fasics als carrers en Sant Josep\">[+] <\/a><\/div>\n","protected":false},"author":12,"featured_media":101375,"comment_status":"open","ping_status":"open","sticky":false,"template":"","format":"gallery","meta":{"footnotes":""},"categories":[10911,11005,11010,10948,10894,10912,10903,11007,10947,10896,10897],"tags":[11953,11954,11937,11939,11938,11940,11951,11952],"class_list":{"0":"post-101389","1":"post","2":"type-post","3":"status-publish","4":"format-gallery","5":"has-post-thumbnail","7":"category-bunol-ca","8":"category-canal-musica","9":"category-canal-salud","10":"category-infraestructuras-ca","11":"category-la-comarca-ca","12":"category-la-hoya-ca","13":"category-medio-ambiente-la-comarca-ca","14":"category-ocio-y-cultura-ca","15":"category-politica","16":"category-seccion-ca","17":"category-sucesos-la-comarca-ca","18":"tag-festivaldelsbalcons","19":"tag-festivaldelsbalcons-ca","20":"tag-coronavirus","21":"tag-coronavirus-ca","22":"tag-covid-19","23":"tag-covid-19-ca","24":"tag-covid2019","25":"tag-covid2019-ca","26":"post_format-post-format-gallery"},"_links":{"self":[{"href":"https:\/\/www.tucomarca.com\/wordpress\/segunda\/ca\/wp-json\/wp\/v2\/posts\/101389","targetHints":{"allow":["GET"]}}],"collection":[{"href":"https:\/\/www.tucomarca.com\/wordpress\/segunda\/ca\/wp-json\/wp\/v2\/posts"}],"about":[{"href":"https:\/\/www.tucomarca.com\/wordpress\/segunda\/ca\/wp-json\/wp\/v2\/types\/post"}],"author":[{"embeddable":true,"href":"https:\/\/www.tucomarca.com\/wordpress\/segunda\/ca\/wp-json\/wp\/v2\/users\/12"}],"replies":[{"embeddable":true,"href":"https:\/\/www.tucomarca.com\/wordpress\/segunda\/ca\/wp-json\/wp\/v2\/comments?post=101389"}],"version-history":[{"count":0,"href":"https:\/\/www.tucomarca.com\/wordpress\/segunda\/ca\/wp-json\/wp\/v2\/posts\/101389\/revisions"}],"wp:featuredmedia":[{"embeddable":true,"href":"https:\/\/www.tucomarca.com\/wordpress\/segunda\/ca\/wp-json\/wp\/v2\/media\/101375"}],"wp:attachment":[{"href":"https:\/\/www.tucomarca.com\/wordpress\/segunda\/ca\/wp-json\/wp\/v2\/media?parent=101389"}],"wp:term":[{"taxonomy":"category","embeddable":true,"href":"https:\/\/www.tucomarca.com\/wordpress\/segunda\/ca\/wp-json\/wp\/v2\/categories?post=101389"},{"taxonomy":"post_tag","embeddable":true,"href":"https:\/\/www.tucomarca.com\/wordpress\/segunda\/ca\/wp-json\/wp\/v2\/tags?post=101389"}],"curies":[{"name":"wp","href":"https:\/\/api.w.org\/{rel}","templated":true}]}}