{"id":101481,"date":"2020-03-20T21:58:59","date_gmt":"2020-03-20T19:58:59","guid":{"rendered":"http:\/\/www.tucomarca.com\/wordpress\/segunda\/?p=101481"},"modified":"2020-03-20T21:59:01","modified_gmt":"2020-03-20T19:59:01","slug":"lajuntament-de-turis-neteja-les-zones-comunes-i-espais-proxims-als-locals-que-presten-serveis-de-primera-necessitat","status":"publish","type":"post","link":"https:\/\/www.tucomarca.com\/wordpress\/segunda\/ca\/lajuntament-de-turis-neteja-les-zones-comunes-i-espais-proxims-als-locals-que-presten-serveis-de-primera-necessitat\/","title":{"rendered":"L\u2019Ajuntament de Tur\u00eds neteja les zones comunes i espais pr\u00f2xims als locals que presten serveis de primera necessitat"},"content":{"rendered":"\n<figure class=\"wp-block-image\"><img loading=\"lazy\" decoding=\"async\" width=\"787\" height=\"559\" src=\"http:\/\/www.tucomarca.com\/wordpress\/segunda\/wp-content\/uploads\/2020\/03\/turis-limpieza2.jpg\" alt=\"\" class=\"wp-image-101478\" srcset=\"https:\/\/www.tucomarca.com\/wordpress\/segunda\/wp-content\/uploads\/2020\/03\/turis-limpieza2.jpg 787w, https:\/\/www.tucomarca.com\/wordpress\/segunda\/wp-content\/uploads\/2020\/03\/turis-limpieza2-300x213.jpg 300w, https:\/\/www.tucomarca.com\/wordpress\/segunda\/wp-content\/uploads\/2020\/03\/turis-limpieza2-768x546.jpg 768w\" sizes=\"auto, (max-width: 787px) 100vw, 787px\" \/><\/figure>\n\n\n\n<p>La Comissi\u00f3 de Seguretat local de&nbsp;Tur\u00eds&nbsp;ha concretat les diferents mesures que afecten m\u00e9s directament a la poblaci\u00f3, i que es duran a terme durant la situaci\u00f3 d\u2019alarma en la qual ens trobem per part de la Policia Local de&nbsp;Tur\u00eds&nbsp;i Protecci\u00f3 civil. I sempre amb comunicaci\u00f3 amb el centre de salut.<\/p>\n\n\n\n<p>La brigada municipal est\u00e0 duent a terme tasques de neteja i desinfecci\u00f3 de les zones d\u2019\u00fas comunitari i la&nbsp;rodalia dels locals que&nbsp;estos&nbsp;dies presten serveis de primera necessitat a la poblaci\u00f3. Igualment es&nbsp;prestaran serveis b\u00e0sics per a col\u00b7lectius vulnerables amb l\u2019assist\u00e8ncia domiciliaria, la urg\u00e8ncia de la qual deu estar justificada.<\/p>\n\n\n\n<p>L\u2019alcalde,&nbsp;Eugenio&nbsp;Forta\u00f1a, tamb\u00e9 est\u00e0 en contacte amb la comand\u00e0ncia de la Gu\u00e0rdia Civil de&nbsp;Chiva&nbsp;per tal de coordinar les diferents actuacions en l&#8217;\u00e0mbit local en mat\u00e8ria de seguretat ciutadana junt amb la Policia Local i Protecci\u00f3 Civil. En&nbsp;este&nbsp;aspecte s\u2019han transm\u00e9s instruccions per a garantir la seguretat de la poblaci\u00f3, protegir les propietats privades i garantir el compliment de les normes.<\/p>\n\n\n\n<p>Per altra banda, el consistori mant\u00e9 comunicaci\u00f3 constant i directa amb el centre de salut.<\/p>\n","protected":false},"excerpt":{"rendered":"<div class=\"mh-excerpt\">La Comissi\u00f3 de Seguretat local de&nbsp;Tur\u00eds&nbsp;ha concretat les diferents mesures que afecten m\u00e9s directament a la poblaci\u00f3, i que es duran a terme durant la situaci\u00f3 d\u2019alarma en la qual ens trobem per part de <a class=\"mh-excerpt-more\" href=\"https:\/\/www.tucomarca.com\/wordpress\/segunda\/ca\/lajuntament-de-turis-neteja-les-zones-comunes-i-espais-proxims-als-locals-que-presten-serveis-de-primera-necessitat\/\" title=\"L\u2019Ajuntament de Tur\u00eds neteja les zones comunes i espais pr\u00f2xims als locals que presten serveis de primera necessitat\">[+] <\/a><\/div>\n","protected":false},"author":12,"featured_media":101477,"comment_status":"open","ping_status":"open","sticky":false,"template":"","format":"standard","meta":{"footnotes":""},"categories":[11010,10898,10948,10894,10902,10903,10947,10896,10897,11047],"tags":[11937,11938,11951,3640,10394],"class_list":{"0":"post-101481","1":"post","2":"type-post","3":"status-publish","4":"format-standard","5":"has-post-thumbnail","7":"category-canal-salud","8":"category-ventana-ca","9":"category-infraestructuras-ca","10":"category-la-comarca-ca","11":"category-la-ribera-ca","12":"category-medio-ambiente-la-comarca-ca","13":"category-politica","14":"category-seccion-ca","15":"category-sucesos-la-comarca-ca","16":"category-turis-ca","17":"tag-coronavirus","18":"tag-covid-19","19":"tag-covid2019","20":"tag-la-ribera-alta","21":"tag-turis"},"_links":{"self":[{"href":"https:\/\/www.tucomarca.com\/wordpress\/segunda\/ca\/wp-json\/wp\/v2\/posts\/101481","targetHints":{"allow":["GET"]}}],"collection":[{"href":"https:\/\/www.tucomarca.com\/wordpress\/segunda\/ca\/wp-json\/wp\/v2\/posts"}],"about":[{"href":"https:\/\/www.tucomarca.com\/wordpress\/segunda\/ca\/wp-json\/wp\/v2\/types\/post"}],"author":[{"embeddable":true,"href":"https:\/\/www.tucomarca.com\/wordpress\/segunda\/ca\/wp-json\/wp\/v2\/users\/12"}],"replies":[{"embeddable":true,"href":"https:\/\/www.tucomarca.com\/wordpress\/segunda\/ca\/wp-json\/wp\/v2\/comments?post=101481"}],"version-history":[{"count":0,"href":"https:\/\/www.tucomarca.com\/wordpress\/segunda\/ca\/wp-json\/wp\/v2\/posts\/101481\/revisions"}],"wp:featuredmedia":[{"embeddable":true,"href":"https:\/\/www.tucomarca.com\/wordpress\/segunda\/ca\/wp-json\/wp\/v2\/media\/101477"}],"wp:attachment":[{"href":"https:\/\/www.tucomarca.com\/wordpress\/segunda\/ca\/wp-json\/wp\/v2\/media?parent=101481"}],"wp:term":[{"taxonomy":"category","embeddable":true,"href":"https:\/\/www.tucomarca.com\/wordpress\/segunda\/ca\/wp-json\/wp\/v2\/categories?post=101481"},{"taxonomy":"post_tag","embeddable":true,"href":"https:\/\/www.tucomarca.com\/wordpress\/segunda\/ca\/wp-json\/wp\/v2\/tags?post=101481"}],"curies":[{"name":"wp","href":"https:\/\/api.w.org\/{rel}","templated":true}]}}