{"id":101521,"date":"2020-03-20T21:55:03","date_gmt":"2020-03-20T19:55:03","guid":{"rendered":"http:\/\/www.tucomarca.com\/wordpress\/segunda\/?p=101521"},"modified":"2020-03-20T21:55:05","modified_gmt":"2020-03-20T19:55:05","slug":"la-guardia-civil-desmantella-un-punt-de-venda-de-droga-a-ldetall-a-la-localitat-de-villar-de-larquebisbe","status":"publish","type":"post","link":"https:\/\/www.tucomarca.com\/wordpress\/segunda\/ca\/la-guardia-civil-desmantella-un-punt-de-venda-de-droga-a-ldetall-a-la-localitat-de-villar-de-larquebisbe\/","title":{"rendered":"La Gu\u00e0rdia Civil desmantella un punt de venda de droga a l&#8217;detall a la localitat de Villar de l&#8217;Arquebisbe"},"content":{"rendered":"\n<p>Amb l&#8217;objectiu de perseguir el tr\u00e0fic de drogues, abans de decretar-se l&#8217;estat d&#8217;alerta a Espanya s&#8217;ha desenvolupat l&#8217;operaci\u00f3 CINECO, procedint a la desarticulaci\u00f3 d&#8217;un punt de venda de coca\u00efna de la localitat de Villar de l&#8217;Arquebisbe, a la confiscaci\u00f3 de gran quantitat de subst\u00e0ncies estupefaents i efectes relacionats amb l&#8217;activitat il\u00b7l\u00edcita aclarida, segons han informat fonts policials.<\/p>\n\n\n\n<p>Com a conseq\u00fc\u00e8ncia d&#8217;aquesta operaci\u00f3, els agents han procedit a la detenci\u00f3 d&#8217;un home de 55 anys d&#8217;edat, ve\u00ed de la localitat de Villar de l&#8217;Arquebisbe ia la confiscaci\u00f3 de d&#8217;un total de 24 grams de coca\u00efna, aix\u00ed com material per a la seua &#8221; tall &#8220;i dosificaci\u00f3.<\/p>\n\n\n\n<p>Les investigacions es van iniciar arran de la detecci\u00f3 d&#8217;un punt de venda de coca\u00efna situat al centre de la localitat de Villar de l&#8217;Arquebisbe, observant-se un elevat nombre de persones que acudien constantment al dit domicili, aquests fets havien generat una gran alarma social entre els ve\u00efns d&#8217;aquesta localitat.<\/p>\n\n\n\n<p>De les tasques operatives desenvolupades, es va poder identificar als habitants de l&#8217;habitatge, aix\u00ed com constatar que l&#8217;esmentat domicili era utilitzat com a punt de venda de drogues i amb un gran nombre de &#8220;clients&#8221;. Un cop obtinguts els indicis necessaris, pr\u00e8via autoritzaci\u00f3 judicial.<\/p>\n\n\n\n<p>Agents de la Gu\u00e0rdia Civil de Ll\u00edria van dur a terme la fase d&#8217;explotaci\u00f3 de l&#8217;operaci\u00f3, dispositiu compost per m\u00e9s d&#8217;una vintena d&#8217;agents, en la qual es va efectuar l&#8217;entrada i registre en l&#8217;habitatge objecte de la investigaci\u00f3 i la detenci\u00f3 d&#8217;un home de 55 anys nacionalitat espanyola, com a presumpte autor d&#8217;un delicte contra la salut p\u00fablica, per tr\u00e0fic de drogues.<\/p>\n\n\n\n<p>En el registre de l&#8217;habitatge a m\u00e9s de les subst\u00e0ncies estupefaents, van confiscar material i elements emprats per al &#8220;tall&#8221; i la dosificaci\u00f3 de la coca\u00efna, aix\u00ed com nombrosos efectes procedents dels beneficis econ\u00f2mics obtinguts de l&#8217;il\u00b7l\u00edcit penal.<\/p>\n\n\n\n<p><strong>Efectos intervenidos:<\/strong><\/p>\n\n\n\n<p>Vint i quatre 24 grams de coca\u00efna, balan\u00e7a digital de precisi\u00f3. Instruments per a la dosificaci\u00f3 de la droga (filferro, retalls de pl\u00e0stic), elements de &#8220;tall&#8221; de la droga (pols de talc per a peus i alcohol de 96\u00ba), dos tel\u00e8fons m\u00f2bils amb tres targetes sim, 2780 (2780) euros en bitllets fraccionats, un turisme, una motocicleta i dos televisors de 40 i 55 polzades.<\/p>\n\n\n\n<p>La Gu\u00e0rdia Civil d\u00f3na per desmantellat un important punt de venda de subst\u00e0ncies estupefaents a la localitat de Villar de l&#8217;Arquebisbe.<\/p>\n\n\n\n<p>Les dilig\u00e8ncies han estat lliurades al jutjat de 1r Inst\u00e0ncia i Instrucci\u00f3 n\u00ba 5 de Llir\u00eda.<\/p>\n","protected":false},"excerpt":{"rendered":"<div class=\"mh-excerpt\">Amb l&#8217;objectiu de perseguir el tr\u00e0fic de drogues, abans de decretar-se l&#8217;estat d&#8217;alerta a Espanya s&#8217;ha desenvolupat l&#8217;operaci\u00f3 CINECO, procedint a la desarticulaci\u00f3 d&#8217;un punt de venda de coca\u00efna de la localitat de Villar de <a class=\"mh-excerpt-more\" href=\"https:\/\/www.tucomarca.com\/wordpress\/segunda\/ca\/la-guardia-civil-desmantella-un-punt-de-venda-de-droga-a-ldetall-a-la-localitat-de-villar-de-larquebisbe\/\" title=\"La Gu\u00e0rdia Civil desmantella un punt de venda de droga a l&#8217;detall a la localitat de Villar de l&#8217;Arquebisbe\">[+] <\/a><\/div>\n","protected":false},"author":1,"featured_media":101519,"comment_status":"open","ping_status":"open","sticky":false,"template":"","format":"standard","meta":{"footnotes":""},"categories":[11046,10894,10896,10897,11029],"tags":[10400,11080],"class_list":{"0":"post-101521","1":"post","2":"type-post","3":"status-publish","4":"format-standard","5":"has-post-thumbnail","7":"category-los-serranos-ca","8":"category-la-comarca-ca","9":"category-seccion-ca","10":"category-sucesos-la-comarca-ca","11":"category-villar-del-arzobispo-ca","12":"tag-los-serranos","13":"tag-los-serranos-ca"},"_links":{"self":[{"href":"https:\/\/www.tucomarca.com\/wordpress\/segunda\/ca\/wp-json\/wp\/v2\/posts\/101521","targetHints":{"allow":["GET"]}}],"collection":[{"href":"https:\/\/www.tucomarca.com\/wordpress\/segunda\/ca\/wp-json\/wp\/v2\/posts"}],"about":[{"href":"https:\/\/www.tucomarca.com\/wordpress\/segunda\/ca\/wp-json\/wp\/v2\/types\/post"}],"author":[{"embeddable":true,"href":"https:\/\/www.tucomarca.com\/wordpress\/segunda\/ca\/wp-json\/wp\/v2\/users\/1"}],"replies":[{"embeddable":true,"href":"https:\/\/www.tucomarca.com\/wordpress\/segunda\/ca\/wp-json\/wp\/v2\/comments?post=101521"}],"version-history":[{"count":0,"href":"https:\/\/www.tucomarca.com\/wordpress\/segunda\/ca\/wp-json\/wp\/v2\/posts\/101521\/revisions"}],"wp:featuredmedia":[{"embeddable":true,"href":"https:\/\/www.tucomarca.com\/wordpress\/segunda\/ca\/wp-json\/wp\/v2\/media\/101519"}],"wp:attachment":[{"href":"https:\/\/www.tucomarca.com\/wordpress\/segunda\/ca\/wp-json\/wp\/v2\/media?parent=101521"}],"wp:term":[{"taxonomy":"category","embeddable":true,"href":"https:\/\/www.tucomarca.com\/wordpress\/segunda\/ca\/wp-json\/wp\/v2\/categories?post=101521"},{"taxonomy":"post_tag","embeddable":true,"href":"https:\/\/www.tucomarca.com\/wordpress\/segunda\/ca\/wp-json\/wp\/v2\/tags?post=101521"}],"curies":[{"name":"wp","href":"https:\/\/api.w.org\/{rel}","templated":true}]}}