{"id":101532,"date":"2020-03-20T22:22:42","date_gmt":"2020-03-20T20:22:42","guid":{"rendered":"http:\/\/www.tucomarca.com\/wordpress\/segunda\/?p=101532"},"modified":"2020-03-20T22:24:13","modified_gmt":"2020-03-20T20:24:13","slug":"proteccion-civil-lanza-la-campana-yohagoporti-con-las-10-conductas-imprescindibles-para-ayudar-a-tus-vecinos-mayores-enfermos-o-con-discapacidad","status":"publish","type":"post","link":"https:\/\/www.tucomarca.com\/wordpress\/segunda\/ca\/proteccion-civil-lanza-la-campana-yohagoporti-con-las-10-conductas-imprescindibles-para-ayudar-a-tus-vecinos-mayores-enfermos-o-con-discapacidad\/","title":{"rendered":"Protecci\u00f3 Civil llan\u00e7a la Campanya #YoHagoPorTi amb les 10 conductes imprescindibles per ajudar als teus ve\u00efns majors, malalts o amb discapacitat"},"content":{"rendered":"\n<p>La Direcci\u00f3 General de Protecci\u00f3 Civil i Emerg\u00e8ncies, en col\u00b7laboraci\u00f3 amb Creu Roja Espanyola, ha llan\u00e7at la Campanya #YoHagoPorTi, dirigida a impulsar conductes que fomentin la solidaritat amb els ve\u00efns que m\u00e9s ens necessiten: gent gran, persones malaltes o amb discapacitat.<\/p>\n\n\n\n<p>En aquesta Campanya se&#8217;ns anima a mobilitzar-nos per ells i se&#8217;ns proposen 10 actuacions imprescindibles per protegir-nos i protegir-los.<\/p>\n\n\n\n<p>S\u00f3n accions molt senzilles, com preguntar-los si necessiten alguna cosa, saber com es troben, portar-los menjar o medicines. A m\u00e9s, hem de denunciar possibles estafes i enganys que puguem detectar en el seu entorn.<\/p>\n\n\n\n<p>De nosaltres dep\u00e8n tamb\u00e9 complir amb les mesures b\u00e0siques d&#8217;higiene i dist\u00e0ncia social que hem de seguir quan ens relacionem amb ells, per protegir-los d&#8217;el contacte amb l&#8217;exterior. Gestos petits, per\u00f2 que els ajudaran a suportar millor aquesta situaci\u00f3.<\/p>\n\n\n\n<p>Es tracta, en definitiva, de transmetre afecte i suport als nostres ve\u00efns m\u00e9s vulnerables en aquests moments d&#8217;adversitat. Ells agrairan saber que ens preocupem per ells i estem disposats a donar-los suport.<\/p>\n\n\n\n<p>perqu\u00e8 #EsteVirusLoParamosUnidos<\/p>\n\n\n\n<p>#QuedateEnCasa.<\/p>\n","protected":false},"excerpt":{"rendered":"<div class=\"mh-excerpt\">La Direcci\u00f3 General de Protecci\u00f3 Civil i Emerg\u00e8ncies, en col\u00b7laboraci\u00f3 amb Creu Roja Espanyola, ha llan\u00e7at la Campanya #YoHagoPorTi, dirigida a impulsar conductes que fomentin la solidaritat amb els ve\u00efns que m\u00e9s ens necessiten: gent <a class=\"mh-excerpt-more\" href=\"https:\/\/www.tucomarca.com\/wordpress\/segunda\/ca\/proteccion-civil-lanza-la-campana-yohagoporti-con-las-10-conductas-imprescindibles-para-ayudar-a-tus-vecinos-mayores-enfermos-o-con-discapacidad\/\" title=\"Protecci\u00f3 Civil llan\u00e7a la Campanya #YoHagoPorTi amb les 10 conductes imprescindibles per ajudar als teus ve\u00efns majors, malalts o amb discapacitat\">[+] <\/a><\/div>\n","protected":false},"author":1,"featured_media":101530,"comment_status":"open","ping_status":"open","sticky":false,"template":"","format":"standard","meta":{"footnotes":""},"categories":[11010,10898,10948,10894,10904,10903,10947,10896,10897],"tags":[11937,11938,11951],"class_list":{"0":"post-101532","1":"post","2":"type-post","3":"status-publish","4":"format-standard","5":"has-post-thumbnail","7":"category-canal-salud","8":"category-ventana-ca","9":"category-infraestructuras-ca","10":"category-la-comarca-ca","11":"category-sin-categorizar-ca","12":"category-medio-ambiente-la-comarca-ca","13":"category-politica","14":"category-seccion-ca","15":"category-sucesos-la-comarca-ca","16":"tag-coronavirus","17":"tag-covid-19","18":"tag-covid2019"},"_links":{"self":[{"href":"https:\/\/www.tucomarca.com\/wordpress\/segunda\/ca\/wp-json\/wp\/v2\/posts\/101532","targetHints":{"allow":["GET"]}}],"collection":[{"href":"https:\/\/www.tucomarca.com\/wordpress\/segunda\/ca\/wp-json\/wp\/v2\/posts"}],"about":[{"href":"https:\/\/www.tucomarca.com\/wordpress\/segunda\/ca\/wp-json\/wp\/v2\/types\/post"}],"author":[{"embeddable":true,"href":"https:\/\/www.tucomarca.com\/wordpress\/segunda\/ca\/wp-json\/wp\/v2\/users\/1"}],"replies":[{"embeddable":true,"href":"https:\/\/www.tucomarca.com\/wordpress\/segunda\/ca\/wp-json\/wp\/v2\/comments?post=101532"}],"version-history":[{"count":0,"href":"https:\/\/www.tucomarca.com\/wordpress\/segunda\/ca\/wp-json\/wp\/v2\/posts\/101532\/revisions"}],"wp:featuredmedia":[{"embeddable":true,"href":"https:\/\/www.tucomarca.com\/wordpress\/segunda\/ca\/wp-json\/wp\/v2\/media\/101530"}],"wp:attachment":[{"href":"https:\/\/www.tucomarca.com\/wordpress\/segunda\/ca\/wp-json\/wp\/v2\/media?parent=101532"}],"wp:term":[{"taxonomy":"category","embeddable":true,"href":"https:\/\/www.tucomarca.com\/wordpress\/segunda\/ca\/wp-json\/wp\/v2\/categories?post=101532"},{"taxonomy":"post_tag","embeddable":true,"href":"https:\/\/www.tucomarca.com\/wordpress\/segunda\/ca\/wp-json\/wp\/v2\/tags?post=101532"}],"curies":[{"name":"wp","href":"https:\/\/api.w.org\/{rel}","templated":true}]}}