{"id":101820,"date":"2020-03-26T12:42:37","date_gmt":"2020-03-26T10:42:37","guid":{"rendered":"http:\/\/www.tucomarca.com\/wordpress\/segunda\/?p=101820"},"modified":"2020-03-26T12:49:53","modified_gmt":"2020-03-26T10:49:53","slug":"tucomarca-com-interromp-la-seua-edicio-impresa-per-a-la-foia-de-bunyol-xiva-mentre-es-mantenga-la-quarantena-pel-coronavirus","status":"publish","type":"post","link":"https:\/\/www.tucomarca.com\/wordpress\/segunda\/ca\/tucomarca-com-interromp-la-seua-edicio-impresa-per-a-la-foia-de-bunyol-xiva-mentre-es-mantenga-la-quarantena-pel-coronavirus\/","title":{"rendered":"tucomarca.com interromp la seua edici\u00f3 impresa per a La Foia de Bunyol-Xiva mentre es mantenga la quarantena pel coronavirus"},"content":{"rendered":"\n<p>Despr\u00e9s de prop de 17 anys ininterrompudament disponible en els habituals punts de distribuci\u00f3 des que fes la seua aparici\u00f3 el 18 de setembre de 2003, el setmanari impr\u00e8s en paper <strong>tucomarca.com<\/strong> no estar\u00e0 aquest dijous a les seues habituals punts de venda a la Foia de Bunyol i localitats lim\u00edtrofes.<\/p>\n\n\n\n<p>Despr\u00e9s de valorar detingudament la situaci\u00f3 i no sense certa recan\u00e7a, tots els que elaborem cada setmana l&#8217;edici\u00f3 impresa hem decidit contribuir a evitar riscos innecessaris als lectors per haver d&#8217;abandonar els seus domicilis per adquirir els seus exemplars; aix\u00ed com contribuir a reduir els riscos tamb\u00e9 entre la nostra plantilla i col\u00b7laboradors.<\/p>\n\n\n\n<p>Es tracta d&#8217;un par\u00e8ntesi; d&#8217;una situaci\u00f3 conjuntural motivada per la situaci\u00f3 tan extrema en qu\u00e8 ens estem veient embolicats no nom\u00e9s el nostre pa\u00eds sin\u00f3 tot el m\u00f3n. El nostre desig, com l&#8217;Au F\u00e8nix, \u00e9s en unes setmanes ren\u00e9ixer de les nostres cendres, com d&#8217;altra banda molts, des de particulars a empreses, aut\u00f2noms, treballadors o comerciants, hauran de fer quan puguem tornar a trepitjar el carrer amb llibertat i ens trobem, molt probablement, amb un m\u00f3n molt diferent all\u00e0 fora.<\/p>\n\n\n\n<p>Aix\u00f2 s\u00ed, sumant-nos a la crida de les autoritats perqu\u00e8 ens quedem a casa, <strong>tucomarca.com <\/strong>seguir\u00e0 portant-los fins als seus llars i empreses mitjan\u00e7ant la nostra edici\u00f3 digital tot el que actualment m\u00e9s pr\u00f2xima ens ofereixi. Una edici\u00f3 digital que des del 18 de setembre de 2003 tamb\u00e9 va iniciar, convertint-nos en un dels mitjans de comunicaci\u00f3 de proximitat pioners en la utilitzaci\u00f3 de les noves tecnologies i Internet.<\/p>\n\n\n\n<p>I en una jornada terrible i descoratjadora en qu\u00e8 les xifres oficials superen els 50.000 contagiats i els 4.000 morts al nostre pa\u00eds, no volem acabar aquestes l\u00ednies recordant d&#8217;altres professionals que, a l&#8217;igual que els periodistes, estan compartint trinxera en aquesta guerra mundial que s&#8217;est\u00e0 lliurant contra el coronavirus. El nostre reconeixement i homenatge especialment per a aquells que com els sanitaris, forces policials o militars estan en plena primera l\u00ednia de batalla exposant no nom\u00e9s la seva salut, sin\u00f3 tamb\u00e9 la seua vida per lluitar contra aquesta amena\u00e7a per a tots nosaltres. Cadascun des del nostre lloc (i ara el nostre ha de ser la llar) estem obligats a contribuir en aquesta lluita. I nosaltres aix\u00ed ho farem.<\/p>\n\n\n\n<p>Per tant nom\u00e9s ens queda pregar-los que es quedin a casa i que segueixin informats, minut a minut, mitjan\u00e7ant la nostra edici\u00f3 digital disponible a <strong>www.tucomarca.com<\/strong> i a trav\u00e9s de les xarxes socials en qu\u00e8 <strong>tucomarca.com<\/strong> est\u00e0 disponible. Aquests canals s\u00f3n en aquest moment els mitjans d&#8217;informaci\u00f3 m\u00e9s segurs, fiables i socialment m\u00e9s solidaris. Per favor cu\u00eddense; i, si no \u00e9s imprescindible, #QuedateEnCasa\u2026 nosaltres t&#8217;acompanyem.<\/p>\n","protected":false},"excerpt":{"rendered":"<div class=\"mh-excerpt\">Despr\u00e9s de prop de 17 anys ininterrompudament disponible en els habituals punts de distribuci\u00f3 des que fes la seua aparici\u00f3 el 18 de setembre de 2003, el setmanari impr\u00e8s en paper tucomarca.com no estar\u00e0 aquest <a class=\"mh-excerpt-more\" href=\"https:\/\/www.tucomarca.com\/wordpress\/segunda\/ca\/tucomarca-com-interromp-la-seua-edicio-impresa-per-a-la-foia-de-bunyol-xiva-mentre-es-mantenga-la-quarantena-pel-coronavirus\/\" title=\"tucomarca.com interromp la seua edici\u00f3 impresa per a La Foia de Bunyol-Xiva mentre es mantenga la quarantena pel coronavirus\">[+] <\/a><\/div>\n","protected":false},"author":1,"featured_media":101271,"comment_status":"open","ping_status":"open","sticky":false,"template":"","format":"standard","meta":{"footnotes":""},"categories":[11019,10951,10973,10911,11005,11010,10953,10976,11003,10898,10977,10980,10948,10963,10894,10904,10912,10902,11004,10978,10903,10970,11007,11008,10896,10979,10897,11047,10974,10975],"tags":[11937,11938,11951,5952],"class_list":{"0":"post-101820","1":"post","2":"type-post","3":"status-publish","4":"format-standard","5":"has-post-thumbnail","7":"category-agenda-ca","8":"category-ayora-cofrentes-ca","9":"category-alborache-ca","10":"category-bunol-ca","11":"category-canal-musica","12":"category-canal-salud","13":"category-cortes-de-pallas-ca","14":"category-dos-aguas-ca","15":"category-sports","16":"category-ventana-ca","17":"category-godelleta-ca","18":"category-yatova-ca","19":"category-infraestructuras-ca","20":"category-la-canal-de-navarres-ca","21":"category-la-comarca-ca","22":"category-sin-categorizar-ca","23":"category-la-hoya-ca","24":"category-la-ribera-ca","25":"category-la-semana-en-imagenes-ca","26":"category-macastre-ca","27":"category-medio-ambiente-la-comarca-ca","28":"category-millares-ca","29":"category-ocio-y-cultura-ca","30":"category-pueblos-en-fiestas-ca","31":"category-seccion-ca","32":"category-siete-aguas-ca","33":"category-sucesos-la-comarca-ca","34":"category-turis-ca","35":"category-cheste-ca","36":"category-chiva-ca","37":"tag-coronavirus","38":"tag-covid-19","39":"tag-covid2019","40":"tag-la-hoya-de-bunol-chiva"},"_links":{"self":[{"href":"https:\/\/www.tucomarca.com\/wordpress\/segunda\/ca\/wp-json\/wp\/v2\/posts\/101820","targetHints":{"allow":["GET"]}}],"collection":[{"href":"https:\/\/www.tucomarca.com\/wordpress\/segunda\/ca\/wp-json\/wp\/v2\/posts"}],"about":[{"href":"https:\/\/www.tucomarca.com\/wordpress\/segunda\/ca\/wp-json\/wp\/v2\/types\/post"}],"author":[{"embeddable":true,"href":"https:\/\/www.tucomarca.com\/wordpress\/segunda\/ca\/wp-json\/wp\/v2\/users\/1"}],"replies":[{"embeddable":true,"href":"https:\/\/www.tucomarca.com\/wordpress\/segunda\/ca\/wp-json\/wp\/v2\/comments?post=101820"}],"version-history":[{"count":0,"href":"https:\/\/www.tucomarca.com\/wordpress\/segunda\/ca\/wp-json\/wp\/v2\/posts\/101820\/revisions"}],"wp:featuredmedia":[{"embeddable":true,"href":"https:\/\/www.tucomarca.com\/wordpress\/segunda\/ca\/wp-json\/wp\/v2\/media\/101271"}],"wp:attachment":[{"href":"https:\/\/www.tucomarca.com\/wordpress\/segunda\/ca\/wp-json\/wp\/v2\/media?parent=101820"}],"wp:term":[{"taxonomy":"category","embeddable":true,"href":"https:\/\/www.tucomarca.com\/wordpress\/segunda\/ca\/wp-json\/wp\/v2\/categories?post=101820"},{"taxonomy":"post_tag","embeddable":true,"href":"https:\/\/www.tucomarca.com\/wordpress\/segunda\/ca\/wp-json\/wp\/v2\/tags?post=101820"}],"curies":[{"name":"wp","href":"https:\/\/api.w.org\/{rel}","templated":true}]}}