{"id":102274,"date":"2020-04-02T15:22:21","date_gmt":"2020-04-02T13:22:21","guid":{"rendered":"http:\/\/www.tucomarca.com\/wordpress\/segunda\/?p=102274"},"modified":"2020-04-02T15:23:17","modified_gmt":"2020-04-02T13:23:17","slug":"sanitat-confirma-386-nous-casos-de-coronavirus-a-la-comunitat-i-48-morts-mes-en-el-dia-en-que-a-espanya-registra-950-morts-en-24-hores-i-supera-els-10-000-morts","status":"publish","type":"post","link":"https:\/\/www.tucomarca.com\/wordpress\/segunda\/ca\/sanitat-confirma-386-nous-casos-de-coronavirus-a-la-comunitat-i-48-morts-mes-en-el-dia-en-que-a-espanya-registra-950-morts-en-24-hores-i-supera-els-10-000-morts\/","title":{"rendered":"Sanitat confirma 386 nous casos de coronavirus a la Comunitat i 48 morts m\u00e9s en el dia en qu\u00e8 a Espanya registra 950 morts en 24 hores i supera els 10.000"},"content":{"rendered":"\n<p>La consellera de Sanitat Universal i Salut P\u00fablica, Ana Barcel\u00f3, ha comparegut aquest dijous per actualitzar la informaci\u00f3 sobre la incid\u00e8ncia de coronavirus a la Comunitat Valenciana. Barcel\u00f3 ha celebrat que s&#8217;han donat 432 altes, 192 des de l&#8217;actualitzaci\u00f3 de dimecres: 28 a la prov\u00edncia de Castell\u00f3, 172 a la d&#8217;Alacant i 232 a la prov\u00edncia de Val\u00e8ncia.<\/p>\n\n\n\n<p>A m\u00e9s, s&#8217;han detectat 386 nous casos positius, que eleven a 6.308 el total de casos positius, dels quals 2.175 es troben ingressats a l&#8217;hospital i 379 d&#8217;ells a l&#8217;UCI.<\/p>\n\n\n\n<p>Unes dades que se sumen a una jornada nefasta en qu\u00e8 Espanya ha registrat un nou r\u00e8cord de morts amb coronavirus amb un total de 950 persones en 24 hores el que ha fet superar la xifra psicol\u00f2gica dels 10.000 morts, concretament els 10.003. En total s&#8217;han comptabilitzat 110.238 contagis, enfront dels 102.136 de dimecres; 443 d&#8217;ells a la Comunitat Valenciana.<\/p>\n\n\n\n<p>Dels 386 nous casos positius, 37 es troben a la prov\u00edncia de Castell\u00f3, 147 a la prov\u00edncia d&#8217;Alacant i 202 a la de Val\u00e8ncia.<\/p>\n\n\n\n<p>Per prov\u00edncies, el nombre total de casos positius \u00e9s de 697 a la prov\u00edncia de Castell\u00f3 (214 hospitalitzats, 42 d&#8217;ells a l&#8217;UCI), 2.320 a la prov\u00edncia d&#8217;Alacant (772 hospitalitzats i 141 d&#8217;ells a l&#8217;UCI), i 3.291 en la prov\u00edncia de Val\u00e8ncia (1.189 hospitalitzats i 196 d&#8217;ells a l&#8217;UCI). El nombre de professionals sanitaris que ha donat positiu en total \u00e9s de 1.048 (126 a la prov\u00edncia de Castell\u00f3, 446 a la d&#8217;Alacant i 476 a la prov\u00edncia de Val\u00e8ncia).<\/p>\n\n\n\n<p>Fins aquest dijous, s&#8217;han produ\u00eft 443 morts a la Comunitat Valenciana: 45 a la prov\u00edncia de Castell\u00f3, 188 a la Alacant i 210 a la de Val\u00e8ncia.<\/p>\n\n\n\n<p>Les proves que han donat un resultat negatiu fins al moment s\u00f3n 17.382<\/p>\n\n\n\n<p>Fins a la data, 2.173 professionals sanitaris s&#8217;han inscrit a la borsa de treball habilitada per la Conselleria de Sanitat perqu\u00e8 metges, metgesses i infermeres jubilats fins als 70 anys i metges i metgesses que encara no tenen especialitat puguin ajudar a combatre el coronavirus.<\/p>\n\n\n\n<p>\u00b7 Personal facultatiu jubilat de menys de 70 anys: 99<\/p>\n\n\n\n<p>\u00b7 Personal graduat en Medicina sense especialitat: 948<\/p>\n\n\n\n<p>\u00b7 Personal graduat en Infermeria: 1.073<\/p>\n\n\n\n<p>\u00b7 Personal jubilat Infermeria de menys de 70 anys: 53<\/p>\n\n\n\n<p><strong>Actualitzaci\u00f3 de la situaci\u00f3 en resid\u00e8ncies de gent gran<\/strong><\/p>\n\n\n\n<p>La consellera ha actualitzat tamb\u00e9 la situaci\u00f3 de les resid\u00e8ncies de persones majors de la Comunitat Valenciana. Fins al moment, s&#8217;han detectat casos positius en 84 centres (10 a la prov\u00edncia de Castell\u00f3, 22 a la prov\u00edncia d&#8217;Alacant, 52 a la prov\u00edncia de Val\u00e8ncia):<\/p>\n\n\n\n<p>\u00b7 Residents que han donat positiu: 536<\/p>\n\n\n\n<p>\u00b7 Personal treballador que ha donat positiu: 166<\/p>\n\n\n\n<p>\u00b7 Residents morts: 118<\/p>\n\n\n\n<p>A hores d&#8217;ara, es troben sota vigil\u00e0ncia activa de control sanitari juliol resid\u00e8ncies a la Comunitat Valenciana: 2 a la prov\u00edncia de Castell\u00f3, 2 a la d&#8217;Alacant i 3 a la prov\u00edncia de Val\u00e8ncia.<\/p>\n\n\n\n<p><strong>Servei de farm\u00e0cia a domicili<\/strong><\/p>\n\n\n\n<p>La consellera ha explicat que les persones que necessitin els seus medicaments i no han de sortir de casa per anar a la farm\u00e0cia perqu\u00e8 tenen s\u00edmptomes de coronavirus o perqu\u00e8 pertanyen a grups de risc (persones majors de 60 anys, embarassades o amb patologies com hipertensi\u00f3 arterial, diabetis , malalties cardiovasculars i pulmonars, c\u00e0ncer o immunodefici\u00e8ncies), poden trucar a el tel\u00e8fon 900 36 22 36 o enviar un correu electr\u00f2nic a medicamentsadomicili@gva.es.<\/p>\n\n\n\n<p>D&#8217;aquesta manera, la farm\u00e0cia m\u00e9s propera els portar\u00e0 les seves medicines a casa, evitant despla\u00e7aments i reduint aix\u00ed el risc de contagi. Tamb\u00e9 poden sol\u00b7licitar-les a trav\u00e9s dels serveis municipals de la seua localitat.<\/p>\n\n\n\n<p>Tota la informaci\u00f3 actualitzada:&nbsp;<a rel=\"noreferrer noopener\" href=\"http:\/\/www.san.gva.es\/web_estatica\/coronavirus\/coronavirus_es.html\" target=\"_blank\">consultar aqu\u00ed<\/a><\/p>\n","protected":false},"excerpt":{"rendered":"<div class=\"mh-excerpt\">La consellera de Sanitat Universal i Salut P\u00fablica, Ana Barcel\u00f3, ha comparegut aquest dijous per actualitzar la informaci\u00f3 sobre la incid\u00e8ncia de coronavirus a la Comunitat Valenciana. Barcel\u00f3 ha celebrat que s&#8217;han donat 432 altes, <a class=\"mh-excerpt-more\" href=\"https:\/\/www.tucomarca.com\/wordpress\/segunda\/ca\/sanitat-confirma-386-nous-casos-de-coronavirus-a-la-comunitat-i-48-morts-mes-en-el-dia-en-que-a-espanya-registra-950-morts-en-24-hores-i-supera-els-10-000-morts\/\" title=\"Sanitat confirma 386 nous casos de coronavirus a la Comunitat i 48 morts m\u00e9s en el dia en qu\u00e8 a Espanya registra 950 morts en 24 hores i supera els 10.000\">[+] <\/a><\/div>\n","protected":false},"author":1,"featured_media":102271,"comment_status":"open","ping_status":"open","sticky":false,"template":"","format":"standard","meta":{"footnotes":""},"categories":[11010,10898,10948,10894,10904,10903,10947,10896,10897],"tags":[11937,11938,11951],"class_list":{"0":"post-102274","1":"post","2":"type-post","3":"status-publish","4":"format-standard","5":"has-post-thumbnail","7":"category-canal-salud","8":"category-ventana-ca","9":"category-infraestructuras-ca","10":"category-la-comarca-ca","11":"category-sin-categorizar-ca","12":"category-medio-ambiente-la-comarca-ca","13":"category-politica","14":"category-seccion-ca","15":"category-sucesos-la-comarca-ca","16":"tag-coronavirus","17":"tag-covid-19","18":"tag-covid2019"},"_links":{"self":[{"href":"https:\/\/www.tucomarca.com\/wordpress\/segunda\/ca\/wp-json\/wp\/v2\/posts\/102274","targetHints":{"allow":["GET"]}}],"collection":[{"href":"https:\/\/www.tucomarca.com\/wordpress\/segunda\/ca\/wp-json\/wp\/v2\/posts"}],"about":[{"href":"https:\/\/www.tucomarca.com\/wordpress\/segunda\/ca\/wp-json\/wp\/v2\/types\/post"}],"author":[{"embeddable":true,"href":"https:\/\/www.tucomarca.com\/wordpress\/segunda\/ca\/wp-json\/wp\/v2\/users\/1"}],"replies":[{"embeddable":true,"href":"https:\/\/www.tucomarca.com\/wordpress\/segunda\/ca\/wp-json\/wp\/v2\/comments?post=102274"}],"version-history":[{"count":0,"href":"https:\/\/www.tucomarca.com\/wordpress\/segunda\/ca\/wp-json\/wp\/v2\/posts\/102274\/revisions"}],"wp:featuredmedia":[{"embeddable":true,"href":"https:\/\/www.tucomarca.com\/wordpress\/segunda\/ca\/wp-json\/wp\/v2\/media\/102271"}],"wp:attachment":[{"href":"https:\/\/www.tucomarca.com\/wordpress\/segunda\/ca\/wp-json\/wp\/v2\/media?parent=102274"}],"wp:term":[{"taxonomy":"category","embeddable":true,"href":"https:\/\/www.tucomarca.com\/wordpress\/segunda\/ca\/wp-json\/wp\/v2\/categories?post=102274"},{"taxonomy":"post_tag","embeddable":true,"href":"https:\/\/www.tucomarca.com\/wordpress\/segunda\/ca\/wp-json\/wp\/v2\/tags?post=102274"}],"curies":[{"name":"wp","href":"https:\/\/api.w.org\/{rel}","templated":true}]}}