{"id":102361,"date":"2020-04-03T10:56:55","date_gmt":"2020-04-03T08:56:55","guid":{"rendered":"http:\/\/www.tucomarca.com\/wordpress\/segunda\/?p=102361"},"modified":"2020-04-03T10:56:58","modified_gmt":"2020-04-03T08:56:58","slug":"lajuntament-de-godelleta-recull-aliments-destinats-als-mes-necessitats-mentre-continua-les-tasques-de-desinfeccio-amb-la-collaboracio-dels-seus-agricultors","status":"publish","type":"post","link":"https:\/\/www.tucomarca.com\/wordpress\/segunda\/ca\/lajuntament-de-godelleta-recull-aliments-destinats-als-mes-necessitats-mentre-continua-les-tasques-de-desinfeccio-amb-la-collaboracio-dels-seus-agricultors\/","title":{"rendered":"L&#8217;Ajuntament de Godelleta recull aliments destinats als m\u00e9s necessitats mentre cont\u00ednua les tasques de desinfecci\u00f3 amb la col\u00b7laboraci\u00f3 dels seus agricultors"},"content":{"rendered":"\n<p>L&#8217;Ajuntament de Godelleta ha posat en marxa una iniciativa a nivell municipal per crear un banc solidari d&#8217;aliments destinat a les fam\u00edlies m\u00e9s necessitades de la localitat. Els interessats a participar poden fer-ho deixant les seves donacions d&#8217;aliments a les caixes habilitades per l&#8217;Ajuntament en els comer\u00e7os de la localitat. &#8220;Posarem una caixa a cada botiga de poble i la gent, a l&#8217;sortir, podr\u00e0 deixar aqu\u00ed els aliments que vulgui que sempre aniran destinats a fam\u00edlies sense recursos&#8221;, tal com ha explicat la regidora d&#8217;Urbanisme, Administraci\u00f3 General, Benestar Social i Sanitat, Mar\u00eda Amparo Pardo.<\/p>\n\n\n\n<p>Des de l&#8217;Ajuntament tamb\u00e9 s&#8217;ha mobilitzat els agricultors de la localitat, at\u00e8s que Godelleta \u00e9s un dels pobles de la comarca en qu\u00e8 el teixit agr\u00edcola \u00e9s m\u00e9s important. &#8220;Tenim als nostres agricultors treballant desinteressadament pel poble. Passen, gaireb\u00e9 cada dia, desinfectant carrers de casc urb\u00e0 i dels disseminats. Ens tenen cura produint els aliments que ens mengem i ara, tamb\u00e9, desinfectant nostres carrers&#8221;, tal com ha destacat Mar\u00eda Amparo Pardo.<\/p>\n\n\n\n<ul class=\"wp-block-gallery columns-3 is-cropped wp-block-gallery-1 is-layout-flex wp-block-gallery-is-layout-flex\"><li class=\"blocks-gallery-item\"><figure><img loading=\"lazy\" decoding=\"async\" width=\"1024\" height=\"768\" src=\"http:\/\/www.tucomarca.com\/wordpress\/segunda\/wp-content\/uploads\/2020\/04\/GodelletaCoronaDesinfeccion1-1024x768.jpg\" alt=\"\" data-id=\"102348\" data-link=\"http:\/\/www.tucomarca.com\/wordpress\/segunda\/?attachment_id=102348\" class=\"wp-image-102348\" srcset=\"https:\/\/www.tucomarca.com\/wordpress\/segunda\/wp-content\/uploads\/2020\/04\/GodelletaCoronaDesinfeccion1-1024x768.jpg 1024w, https:\/\/www.tucomarca.com\/wordpress\/segunda\/wp-content\/uploads\/2020\/04\/GodelletaCoronaDesinfeccion1-300x225.jpg 300w, https:\/\/www.tucomarca.com\/wordpress\/segunda\/wp-content\/uploads\/2020\/04\/GodelletaCoronaDesinfeccion1-768x576.jpg 768w, https:\/\/www.tucomarca.com\/wordpress\/segunda\/wp-content\/uploads\/2020\/04\/GodelletaCoronaDesinfeccion1-678x509.jpg 678w, https:\/\/www.tucomarca.com\/wordpress\/segunda\/wp-content\/uploads\/2020\/04\/GodelletaCoronaDesinfeccion1-326x245.jpg 326w, https:\/\/www.tucomarca.com\/wordpress\/segunda\/wp-content\/uploads\/2020\/04\/GodelletaCoronaDesinfeccion1-80x60.jpg 80w, https:\/\/www.tucomarca.com\/wordpress\/segunda\/wp-content\/uploads\/2020\/04\/GodelletaCoronaDesinfeccion1.jpg 1080w\" sizes=\"auto, (max-width: 1024px) 100vw, 1024px\" \/><\/figure><\/li><li class=\"blocks-gallery-item\"><figure><img loading=\"lazy\" decoding=\"async\" width=\"936\" height=\"1024\" src=\"http:\/\/www.tucomarca.com\/wordpress\/segunda\/wp-content\/uploads\/2020\/04\/GodelletaCoronaDesinfeccion2-936x1024.jpg\" alt=\"\" data-id=\"102350\" data-link=\"http:\/\/www.tucomarca.com\/wordpress\/segunda\/?attachment_id=102350\" class=\"wp-image-102350\" srcset=\"https:\/\/www.tucomarca.com\/wordpress\/segunda\/wp-content\/uploads\/2020\/04\/GodelletaCoronaDesinfeccion2-936x1024.jpg 936w, https:\/\/www.tucomarca.com\/wordpress\/segunda\/wp-content\/uploads\/2020\/04\/GodelletaCoronaDesinfeccion2-274x300.jpg 274w, https:\/\/www.tucomarca.com\/wordpress\/segunda\/wp-content\/uploads\/2020\/04\/GodelletaCoronaDesinfeccion2-768x840.jpg 768w, https:\/\/www.tucomarca.com\/wordpress\/segunda\/wp-content\/uploads\/2020\/04\/GodelletaCoronaDesinfeccion2.jpg 1080w\" sizes=\"auto, (max-width: 936px) 100vw, 936px\" \/><\/figure><\/li><li class=\"blocks-gallery-item\"><figure><img loading=\"lazy\" decoding=\"async\" width=\"819\" height=\"1024\" src=\"http:\/\/www.tucomarca.com\/wordpress\/segunda\/wp-content\/uploads\/2020\/04\/GodelletaCoronaDesinfeccion3-819x1024.jpg\" alt=\"\" data-id=\"102352\" data-link=\"http:\/\/www.tucomarca.com\/wordpress\/segunda\/?attachment_id=102352\" class=\"wp-image-102352\" srcset=\"https:\/\/www.tucomarca.com\/wordpress\/segunda\/wp-content\/uploads\/2020\/04\/GodelletaCoronaDesinfeccion3-819x1024.jpg 819w, https:\/\/www.tucomarca.com\/wordpress\/segunda\/wp-content\/uploads\/2020\/04\/GodelletaCoronaDesinfeccion3-240x300.jpg 240w, https:\/\/www.tucomarca.com\/wordpress\/segunda\/wp-content\/uploads\/2020\/04\/GodelletaCoronaDesinfeccion3-768x961.jpg 768w, https:\/\/www.tucomarca.com\/wordpress\/segunda\/wp-content\/uploads\/2020\/04\/GodelletaCoronaDesinfeccion3.jpg 1080w\" sizes=\"auto, (max-width: 819px) 100vw, 819px\" \/><\/figure><\/li><li class=\"blocks-gallery-item\"><figure><img loading=\"lazy\" decoding=\"async\" width=\"819\" height=\"1024\" src=\"http:\/\/www.tucomarca.com\/wordpress\/segunda\/wp-content\/uploads\/2020\/04\/GodelletaCoronaDesinfeccion4-819x1024.jpg\" alt=\"\" data-id=\"102354\" data-link=\"http:\/\/www.tucomarca.com\/wordpress\/segunda\/?attachment_id=102354\" class=\"wp-image-102354\" srcset=\"https:\/\/www.tucomarca.com\/wordpress\/segunda\/wp-content\/uploads\/2020\/04\/GodelletaCoronaDesinfeccion4-819x1024.jpg 819w, https:\/\/www.tucomarca.com\/wordpress\/segunda\/wp-content\/uploads\/2020\/04\/GodelletaCoronaDesinfeccion4-240x300.jpg 240w, https:\/\/www.tucomarca.com\/wordpress\/segunda\/wp-content\/uploads\/2020\/04\/GodelletaCoronaDesinfeccion4-768x961.jpg 768w, https:\/\/www.tucomarca.com\/wordpress\/segunda\/wp-content\/uploads\/2020\/04\/GodelletaCoronaDesinfeccion4.jpg 1080w\" sizes=\"auto, (max-width: 819px) 100vw, 819px\" \/><\/figure><\/li><li class=\"blocks-gallery-item\"><figure><img loading=\"lazy\" decoding=\"async\" width=\"1024\" height=\"1024\" src=\"http:\/\/www.tucomarca.com\/wordpress\/segunda\/wp-content\/uploads\/2020\/04\/GodelletaCoronaDesinfeccion5-1024x1024.jpg\" alt=\"\" data-id=\"102356\" data-link=\"http:\/\/www.tucomarca.com\/wordpress\/segunda\/?attachment_id=102356\" class=\"wp-image-102356\" srcset=\"https:\/\/www.tucomarca.com\/wordpress\/segunda\/wp-content\/uploads\/2020\/04\/GodelletaCoronaDesinfeccion5-1024x1024.jpg 1024w, https:\/\/www.tucomarca.com\/wordpress\/segunda\/wp-content\/uploads\/2020\/04\/GodelletaCoronaDesinfeccion5-290x290.jpg 290w, https:\/\/www.tucomarca.com\/wordpress\/segunda\/wp-content\/uploads\/2020\/04\/GodelletaCoronaDesinfeccion5-300x300.jpg 300w, https:\/\/www.tucomarca.com\/wordpress\/segunda\/wp-content\/uploads\/2020\/04\/GodelletaCoronaDesinfeccion5-768x768.jpg 768w, https:\/\/www.tucomarca.com\/wordpress\/segunda\/wp-content\/uploads\/2020\/04\/GodelletaCoronaDesinfeccion5.jpg 1080w\" sizes=\"auto, (max-width: 1024px) 100vw, 1024px\" \/><\/figure><\/li><li class=\"blocks-gallery-item\"><figure><img loading=\"lazy\" decoding=\"async\" width=\"1024\" height=\"768\" src=\"http:\/\/www.tucomarca.com\/wordpress\/segunda\/wp-content\/uploads\/2020\/04\/GodelletaCoronaDesinfeccion6-1024x768.jpg\" alt=\"\" data-id=\"102358\" data-link=\"http:\/\/www.tucomarca.com\/wordpress\/segunda\/?attachment_id=102358\" class=\"wp-image-102358\" srcset=\"https:\/\/www.tucomarca.com\/wordpress\/segunda\/wp-content\/uploads\/2020\/04\/GodelletaCoronaDesinfeccion6-1024x768.jpg 1024w, https:\/\/www.tucomarca.com\/wordpress\/segunda\/wp-content\/uploads\/2020\/04\/GodelletaCoronaDesinfeccion6-300x225.jpg 300w, https:\/\/www.tucomarca.com\/wordpress\/segunda\/wp-content\/uploads\/2020\/04\/GodelletaCoronaDesinfeccion6-768x576.jpg 768w, https:\/\/www.tucomarca.com\/wordpress\/segunda\/wp-content\/uploads\/2020\/04\/GodelletaCoronaDesinfeccion6-678x509.jpg 678w, https:\/\/www.tucomarca.com\/wordpress\/segunda\/wp-content\/uploads\/2020\/04\/GodelletaCoronaDesinfeccion6-326x245.jpg 326w, https:\/\/www.tucomarca.com\/wordpress\/segunda\/wp-content\/uploads\/2020\/04\/GodelletaCoronaDesinfeccion6-80x60.jpg 80w, https:\/\/www.tucomarca.com\/wordpress\/segunda\/wp-content\/uploads\/2020\/04\/GodelletaCoronaDesinfeccion6.jpg 1080w\" sizes=\"auto, (max-width: 1024px) 100vw, 1024px\" \/><\/figure><\/li><\/ul>\n\n\n\n<p><\/p>\n","protected":false},"excerpt":{"rendered":"<div class=\"mh-excerpt\">L&#8217;Ajuntament de Godelleta ha posat en marxa una iniciativa a nivell municipal per crear un banc solidari d&#8217;aliments destinat a les fam\u00edlies m\u00e9s necessitades de la localitat. Els interessats a participar poden fer-ho deixant les <a class=\"mh-excerpt-more\" href=\"https:\/\/www.tucomarca.com\/wordpress\/segunda\/ca\/lajuntament-de-godelleta-recull-aliments-destinats-als-mes-necessitats-mentre-continua-les-tasques-de-desinfeccio-amb-la-collaboracio-dels-seus-agricultors\/\" title=\"L&#8217;Ajuntament de Godelleta recull aliments destinats als m\u00e9s necessitats mentre cont\u00ednua les tasques de desinfecci\u00f3 amb la col\u00b7laboraci\u00f3 dels seus agricultors\">[+] <\/a><\/div>\n","protected":false},"author":1,"featured_media":102346,"comment_status":"open","ping_status":"open","sticky":false,"template":"","format":"gallery","meta":{"footnotes":""},"categories":[11010,10977,10948,10894,10912,10947,10896,10897],"tags":[11937,11939,11938,11940,11951,11952],"class_list":{"0":"post-102361","1":"post","2":"type-post","3":"status-publish","4":"format-gallery","5":"has-post-thumbnail","7":"category-canal-salud","8":"category-godelleta-ca","9":"category-infraestructuras-ca","10":"category-la-comarca-ca","11":"category-la-hoya-ca","12":"category-politica","13":"category-seccion-ca","14":"category-sucesos-la-comarca-ca","15":"tag-coronavirus","16":"tag-coronavirus-ca","17":"tag-covid-19","18":"tag-covid-19-ca","19":"tag-covid2019","20":"tag-covid2019-ca","21":"post_format-post-format-gallery"},"_links":{"self":[{"href":"https:\/\/www.tucomarca.com\/wordpress\/segunda\/ca\/wp-json\/wp\/v2\/posts\/102361","targetHints":{"allow":["GET"]}}],"collection":[{"href":"https:\/\/www.tucomarca.com\/wordpress\/segunda\/ca\/wp-json\/wp\/v2\/posts"}],"about":[{"href":"https:\/\/www.tucomarca.com\/wordpress\/segunda\/ca\/wp-json\/wp\/v2\/types\/post"}],"author":[{"embeddable":true,"href":"https:\/\/www.tucomarca.com\/wordpress\/segunda\/ca\/wp-json\/wp\/v2\/users\/1"}],"replies":[{"embeddable":true,"href":"https:\/\/www.tucomarca.com\/wordpress\/segunda\/ca\/wp-json\/wp\/v2\/comments?post=102361"}],"version-history":[{"count":0,"href":"https:\/\/www.tucomarca.com\/wordpress\/segunda\/ca\/wp-json\/wp\/v2\/posts\/102361\/revisions"}],"wp:featuredmedia":[{"embeddable":true,"href":"https:\/\/www.tucomarca.com\/wordpress\/segunda\/ca\/wp-json\/wp\/v2\/media\/102346"}],"wp:attachment":[{"href":"https:\/\/www.tucomarca.com\/wordpress\/segunda\/ca\/wp-json\/wp\/v2\/media?parent=102361"}],"wp:term":[{"taxonomy":"category","embeddable":true,"href":"https:\/\/www.tucomarca.com\/wordpress\/segunda\/ca\/wp-json\/wp\/v2\/categories?post=102361"},{"taxonomy":"post_tag","embeddable":true,"href":"https:\/\/www.tucomarca.com\/wordpress\/segunda\/ca\/wp-json\/wp\/v2\/tags?post=102361"}],"curies":[{"name":"wp","href":"https:\/\/api.w.org\/{rel}","templated":true}]}}