{"id":103151,"date":"2020-04-14T11:37:15","date_gmt":"2020-04-14T09:37:15","guid":{"rendered":"http:\/\/www.tucomarca.com\/wordpress\/segunda\/?p=103151"},"modified":"2020-04-14T14:55:30","modified_gmt":"2020-04-14T12:55:30","slug":"lenquesta-de-la-generalitat-sobre-covid-19-revela-que-una-de-cada-quatre-persones-no-podria-aillar-se-en-el-seu-domicili-en-cas-de-necessitat-per-protegir-la-seua-familia","status":"publish","type":"post","link":"https:\/\/www.tucomarca.com\/wordpress\/segunda\/ca\/lenquesta-de-la-generalitat-sobre-covid-19-revela-que-una-de-cada-quatre-persones-no-podria-aillar-se-en-el-seu-domicili-en-cas-de-necessitat-per-protegir-la-seua-familia\/","title":{"rendered":"L&#8217;enquesta de la Generalitat sobre Covid-19 revela que una de cada quatre persones no podria a\u00efllar-se en el seu domicili en cas de necessitat per protegir la seua fam\u00edlia"},"content":{"rendered":"\n<p>Una de cada quatre persones no tindria capacitat per a\u00efllar-dins del seu propi domicili per complir una quarantena efectiva, protegint la seva fam\u00edlia, en cas de contraure el coronavirus, segons una de les principals conclusions de l&#8217;enquesta realitzada pel grup de treball Data Science for COVID-19, l&#8217;objectiu \u00e9s l&#8217;aplicaci\u00f3 de t\u00e8cniques d&#8217;Intel\u00b7lig\u00e8ncia Artificial (IA) i l&#8217;an\u00e0lisi de dades per ajudar en la presa de decisions p\u00fabliques en el context de la pand\u00e8mia de coronavirus.<\/p>\n\n\n\n<p>El q\u00fcestionari ha estat dissenyat pel grup de treball liderat per la comissionada de la Presid\u00e8ncia de la Generalitat per a l&#8217;Estrat\u00e8gia Valenciana per a la Intel\u00b7lig\u00e8ncia Artificial, N\u00faria Oliver, centrat especialment en la coordinaci\u00f3 de la intel\u00b7lig\u00e8ncia de dades davant l&#8217;epid\u00e8mia COVID-19 a la Comunitat Valenciana, i de qu\u00e8 formen part persones expertes de la Universitat Jaume i, Universitat de Val\u00e8ncia, Universitat Polit\u00e8cnica de Val\u00e8ncia, Universitat Miguel Hern\u00e1ndez, Universitat d&#8217;Alacant, CEU Cardenal Herrera i FISABIO.<\/p>\n\n\n\n<p>El fet que el 23,3% de les persones enquestades no pugui a\u00efllar-se en el seu domicili de forma efectiva, ve a confirmar, segons assenyala la directora general d&#8217;An\u00e0lisi i Pol\u00edtiques P\u00fabliques de la Generalitat Valenciana, Ana Berenguer, la necessitat d&#8217;abordar iniciatives com la impulsada pel president de la Generalitat, Ximo Puig, en col\u00b7laboraci\u00f3 amb el sector privat, &#8220;per habilitar espais on els valencians i les valencianes que ho necessitin puguin asilarse i passar la quarantena, el projecte conegut com &#8216;arques de No\u00e8'&#8221; .<\/p>\n\n\n\n<p>resili\u00e8ncia<\/p>\n\n\n\n<p>El 45,7% de les persones participants afirma que podria perllongar el confinament un mes m\u00e9s i el 35,5% diu estar disposat a prolongar-lo fins a sis mesos. El fet que el 81,2% de la poblaci\u00f3 es mostri disposada a continuar amb les mesures imposades confirma la resili\u00e8ncia dels ciutadans davant de la pand\u00e8mia. &#8220;\u00c9s molt significatiu que les dades sobre la capacitat de mantenir el confinament segueixin sent tan alts despr\u00e9s de gaireb\u00e9 un mes d&#8217;adopci\u00f3 de les mesures. \u00c9s el reflex de la fortalesa dels ciutadans davant unes circumst\u00e0ncies excepcionals per tal de derrotar el coronavirus&#8221; , afegeix Ana Berenguer.<\/p>\n\n\n\n<p>Les dades tamb\u00e9 reflecteixen que tan sols el 2,8% qualifica les mesures adoptades pel Govern com a molt estrictes. En paral\u00b7lel, ha baixat un 10% la xifra de ciutadans que reclama m\u00e9s mesures.<\/p>\n\n\n\n<p>Pel que fa a mobilitat laboral, el 26,1% de les persones treballadores enquestades ha seguit acudint al seu lloc de treball i el 32,2% ha teletrabajado. S&#8217;observa una reducci\u00f3 de gaireb\u00e9 el 6% en la xifra de persones que ha acudit al seu lloc de treball respecte a les dades de la primera enquesta realitzada una setmana abans.<\/p>\n\n\n\n<p>A m\u00e9s, pel que fa a el contacte social, el 10% de les persones enquestades no ha sortit del seu domicili, el 54% ho ha fet per cobrir les seves necessitats b\u00e0siques i nom\u00e9s el 4% ha utilitzat transport compartit en els seus despla\u00e7aments.<\/p>\n\n\n\n<p>D&#8217;altra banda, els indicadors de salut es mantenen. El 15,6% de les persones enquestades s&#8217;ha referit haver tingut a l&#8217;almenys un dels s\u00edmptomes rellevants de la COVID-19 i el 6,8% ha indicat haver presentat al menys un dels s\u00edmptomes m\u00e9s severs com febre, tos i dificultat per respirar.<\/p>\n\n\n\n<p>En l&#8217;\u00e0mbit de les interaccions socials, el 64,4% dels positius ha confirmat haver estat en contacte amb un amic, familiar, client o pacient infectat.<\/p>\n\n\n\n<p>La segona ronda de l&#8217;enquesta sobre la COVID-19 es va realitzar entre el 3 i el 7 d&#8217;abril i es van obtenir 17.047 respostes v\u00e0lides, el 54% de les quals se situen a la Comunitat Valenciana. &#8220;La participaci\u00f3 ciutadana aquests dies continua sent extraordin\u00e0ria: nom\u00e9s entre el 7 i el 9 d&#8217;abril hem rebut m\u00e9s 9.000 respostes valides addicionals que estem ja analitzant&#8221;, indica la directora general d&#8217;An\u00e0lisi i Pol\u00edtiques P\u00fabliques.<\/p>\n","protected":false},"excerpt":{"rendered":"<div class=\"mh-excerpt\">Una de cada quatre persones no tindria capacitat per a\u00efllar-dins del seu propi domicili per complir una quarantena efectiva, protegint la seva fam\u00edlia, en cas de contraure el coronavirus, segons una de les principals conclusions <a class=\"mh-excerpt-more\" href=\"https:\/\/www.tucomarca.com\/wordpress\/segunda\/ca\/lenquesta-de-la-generalitat-sobre-covid-19-revela-que-una-de-cada-quatre-persones-no-podria-aillar-se-en-el-seu-domicili-en-cas-de-necessitat-per-protegir-la-seua-familia\/\" title=\"L&#8217;enquesta de la Generalitat sobre Covid-19 revela que una de cada quatre persones no podria a\u00efllar-se en el seu domicili en cas de necessitat per protegir la seua fam\u00edlia\">[+] <\/a><\/div>\n","protected":false},"author":1,"featured_media":103149,"comment_status":"open","ping_status":"open","sticky":false,"template":"","format":"standard","meta":{"footnotes":""},"categories":[11010,10898,10948,10894,10904,10903,10947,10896,10897],"tags":[11937,11938,11951],"class_list":{"0":"post-103151","1":"post","2":"type-post","3":"status-publish","4":"format-standard","5":"has-post-thumbnail","7":"category-canal-salud","8":"category-ventana-ca","9":"category-infraestructuras-ca","10":"category-la-comarca-ca","11":"category-sin-categorizar-ca","12":"category-medio-ambiente-la-comarca-ca","13":"category-politica","14":"category-seccion-ca","15":"category-sucesos-la-comarca-ca","16":"tag-coronavirus","17":"tag-covid-19","18":"tag-covid2019"},"_links":{"self":[{"href":"https:\/\/www.tucomarca.com\/wordpress\/segunda\/ca\/wp-json\/wp\/v2\/posts\/103151","targetHints":{"allow":["GET"]}}],"collection":[{"href":"https:\/\/www.tucomarca.com\/wordpress\/segunda\/ca\/wp-json\/wp\/v2\/posts"}],"about":[{"href":"https:\/\/www.tucomarca.com\/wordpress\/segunda\/ca\/wp-json\/wp\/v2\/types\/post"}],"author":[{"embeddable":true,"href":"https:\/\/www.tucomarca.com\/wordpress\/segunda\/ca\/wp-json\/wp\/v2\/users\/1"}],"replies":[{"embeddable":true,"href":"https:\/\/www.tucomarca.com\/wordpress\/segunda\/ca\/wp-json\/wp\/v2\/comments?post=103151"}],"version-history":[{"count":0,"href":"https:\/\/www.tucomarca.com\/wordpress\/segunda\/ca\/wp-json\/wp\/v2\/posts\/103151\/revisions"}],"wp:featuredmedia":[{"embeddable":true,"href":"https:\/\/www.tucomarca.com\/wordpress\/segunda\/ca\/wp-json\/wp\/v2\/media\/103149"}],"wp:attachment":[{"href":"https:\/\/www.tucomarca.com\/wordpress\/segunda\/ca\/wp-json\/wp\/v2\/media?parent=103151"}],"wp:term":[{"taxonomy":"category","embeddable":true,"href":"https:\/\/www.tucomarca.com\/wordpress\/segunda\/ca\/wp-json\/wp\/v2\/categories?post=103151"},{"taxonomy":"post_tag","embeddable":true,"href":"https:\/\/www.tucomarca.com\/wordpress\/segunda\/ca\/wp-json\/wp\/v2\/tags?post=103151"}],"curies":[{"name":"wp","href":"https:\/\/api.w.org\/{rel}","templated":true}]}}