{"id":103156,"date":"2020-04-14T14:50:42","date_gmt":"2020-04-14T12:50:42","guid":{"rendered":"http:\/\/www.tucomarca.com\/wordpress\/segunda\/?p=103156"},"modified":"2020-04-14T14:50:44","modified_gmt":"2020-04-14T12:50:44","slug":"els-veins-i-veines-de-xest-poden-sollicitar-assistencia-per-covid-19-a-traves-dun-formulari-en-linia-que-els-connecta-amb-proteccio-civil","status":"publish","type":"post","link":"https:\/\/www.tucomarca.com\/wordpress\/segunda\/ca\/els-veins-i-veines-de-xest-poden-sollicitar-assistencia-per-covid-19-a-traves-dun-formulari-en-linia-que-els-connecta-amb-proteccio-civil\/","title":{"rendered":"Els ve\u00efns i ve\u00efnes de Xest poden sol\u00b7licitar assist\u00e8ncia per Covid-19 a trav\u00e9s d&#8217;un formulari en l\u00ednia que els connecta amb Protecci\u00f3 Civil"},"content":{"rendered":"\n<p>L&#8217;Ajuntament de Xest posa a disposici\u00f3 de la poblaci\u00f3 un formulari online per sol\u00b7licitar assist\u00e8ncia davant l&#8217;emerg\u00e8ncia sanit\u00e0ria de l&#8217;Covid-19. A trav\u00e9s d&#8217;aquest enlla\u00e7 <em>https:\/\/arcg.is\/1aC45K<\/em> els ve\u00efns i ve\u00efnes que es troben en situaci\u00f3 de vulnerabilitat podran traslladar a Protecci\u00f3 Civil Xest les seues necessitats, com sol\u00b7licitar assist\u00e8ncia en cas de persones dependents o ajuda amb les compres de primera necessitat. Per a aix\u00f2 s&#8217;ha d&#8217;omplir el formulari amb les dades de contacte i marcar les opcions desitjades i, despr\u00e9s d&#8217;enviar la petici\u00f3, Protecci\u00f3 Civil es posar\u00e0 en contacte amb la persona sol\u00b7licitant. El formulari ofereix l&#8217;opci\u00f3 de demanar ajuda per a una altra persona de la fam\u00edlia o coneguda.<\/p>\n\n\n\n<p>L&#8217;enlla\u00e7 directe est\u00e0 disponible al web municipal <em>cheste.es<\/em> a l&#8217;apartat de Bans mitjan\u00e7ant el bot\u00f3 &#8220;Formulari de sol\u00b7licitud d&#8217;ajuda &#8211; Covid19\u201d.<\/p>\n\n\n\n<p>Aquesta eina s&#8217;ha pogut posar en marxa gr\u00e0cies a l&#8217;oferiment voluntari de la Comunitat Geodevelopers, formada per desenvolupadors professionals que estan oferint els seus servicis de manera altruista per a la posada en marxa d&#8217;eines que ajuden en la gesti\u00f3 de l&#8217;emerg\u00e8ncia de l&#8217;Covid-19. En el cas de Xest han creat el formulari per a la poblaci\u00f3 i un panell de control a trav\u00e9s del qual Protecci\u00f3 Civil pot rebre i gestionar totes les sol\u00b7licituds de servicis que li arriben.<br><\/p>\n","protected":false},"excerpt":{"rendered":"<div class=\"mh-excerpt\">L&#8217;Ajuntament de Xest posa a disposici\u00f3 de la poblaci\u00f3 un formulari online per sol\u00b7licitar assist\u00e8ncia davant l&#8217;emerg\u00e8ncia sanit\u00e0ria de l&#8217;Covid-19. A trav\u00e9s d&#8217;aquest enlla\u00e7 https:\/\/arcg.is\/1aC45K els ve\u00efns i ve\u00efnes que es troben en situaci\u00f3 de <a class=\"mh-excerpt-more\" href=\"https:\/\/www.tucomarca.com\/wordpress\/segunda\/ca\/els-veins-i-veines-de-xest-poden-sollicitar-assistencia-per-covid-19-a-traves-dun-formulari-en-linia-que-els-connecta-amb-proteccio-civil\/\" title=\"Els ve\u00efns i ve\u00efnes de Xest poden sol\u00b7licitar assist\u00e8ncia per Covid-19 a trav\u00e9s d&#8217;un formulari en l\u00ednia que els connecta amb Protecci\u00f3 Civil\">[+] <\/a><\/div>\n","protected":false},"author":12,"featured_media":89187,"comment_status":"open","ping_status":"open","sticky":false,"template":"","format":"standard","meta":{"footnotes":""},"categories":[11010,10948,10894,10912,10947,10896,10897,10974],"tags":[10470,11937,11938,11951,5952],"class_list":{"0":"post-103156","1":"post","2":"type-post","3":"status-publish","4":"format-standard","5":"has-post-thumbnail","7":"category-canal-salud","8":"category-infraestructuras-ca","9":"category-la-comarca-ca","10":"category-la-hoya-ca","11":"category-politica","12":"category-seccion-ca","13":"category-sucesos-la-comarca-ca","14":"category-cheste-ca","15":"tag-ayuntamiento-de-cheste","16":"tag-coronavirus","17":"tag-covid-19","18":"tag-covid2019","19":"tag-la-hoya-de-bunol-chiva"},"_links":{"self":[{"href":"https:\/\/www.tucomarca.com\/wordpress\/segunda\/ca\/wp-json\/wp\/v2\/posts\/103156","targetHints":{"allow":["GET"]}}],"collection":[{"href":"https:\/\/www.tucomarca.com\/wordpress\/segunda\/ca\/wp-json\/wp\/v2\/posts"}],"about":[{"href":"https:\/\/www.tucomarca.com\/wordpress\/segunda\/ca\/wp-json\/wp\/v2\/types\/post"}],"author":[{"embeddable":true,"href":"https:\/\/www.tucomarca.com\/wordpress\/segunda\/ca\/wp-json\/wp\/v2\/users\/12"}],"replies":[{"embeddable":true,"href":"https:\/\/www.tucomarca.com\/wordpress\/segunda\/ca\/wp-json\/wp\/v2\/comments?post=103156"}],"version-history":[{"count":0,"href":"https:\/\/www.tucomarca.com\/wordpress\/segunda\/ca\/wp-json\/wp\/v2\/posts\/103156\/revisions"}],"wp:featuredmedia":[{"embeddable":true,"href":"https:\/\/www.tucomarca.com\/wordpress\/segunda\/ca\/wp-json\/wp\/v2\/media\/89187"}],"wp:attachment":[{"href":"https:\/\/www.tucomarca.com\/wordpress\/segunda\/ca\/wp-json\/wp\/v2\/media?parent=103156"}],"wp:term":[{"taxonomy":"category","embeddable":true,"href":"https:\/\/www.tucomarca.com\/wordpress\/segunda\/ca\/wp-json\/wp\/v2\/categories?post=103156"},{"taxonomy":"post_tag","embeddable":true,"href":"https:\/\/www.tucomarca.com\/wordpress\/segunda\/ca\/wp-json\/wp\/v2\/tags?post=103156"}],"curies":[{"name":"wp","href":"https:\/\/api.w.org\/{rel}","templated":true}]}}