{"id":103256,"date":"2020-04-12T12:48:07","date_gmt":"2020-04-12T10:48:07","guid":{"rendered":"http:\/\/www.tucomarca.com\/wordpress\/segunda\/?p=103256"},"modified":"2020-04-12T12:48:09","modified_gmt":"2020-04-12T10:48:09","slug":"la-pandemia-es-desaccelera-a-la-comunitat-en-un-dia-de-pasqua-que-sanitat-confirma-2-624-altes-i-263-nous-casos-de-coronavirus","status":"publish","type":"post","link":"https:\/\/www.tucomarca.com\/wordpress\/segunda\/ca\/la-pandemia-es-desaccelera-a-la-comunitat-en-un-dia-de-pasqua-que-sanitat-confirma-2-624-altes-i-263-nous-casos-de-coronavirus\/","title":{"rendered":"La pand\u00e8mia es desaccelera a la Comunitat en un dia de Pasqua que Sanitat confirma 2.624 altes i 263 nous casos de coronavirus"},"content":{"rendered":"\n<p>En el dia en qu\u00e8 Espanya pateix un repunt en la xifra de morts per coronavirus i suma altres 619, un centenar m\u00e9s que ahir, la Comunitat ha comen\u00e7at a donar mostres esperan\u00e7adores aquesta jornada de Diumenge de Pasqua.<\/p>\n\n\n\n<p>La Comunitat Valenciana ha registrat fins aquest diumenge un total de 2.624 altes a persones amb coronavirus (335 m\u00e9s des de l&#8217;actualitzaci\u00f3 d&#8217;aquest dissabte): 246 a la prov\u00edncia de Castell\u00f3, 990 a la d&#8217;Alacant i 1.388 a la prov\u00edncia de Val\u00e8ncia.<\/p>\n\n\n\n<p>A m\u00e9s, s&#8217;han detectat 263 nous casos positius, que eleven a 8.841 el total de casos positius, dels quals 1.447 es troben ingressats a l&#8217;hospital i 320 d&#8217;ells a l&#8217;UCI.<\/p>\n\n\n\n<p>Dels 263 nous casos positius, 35 es troben a la prov\u00edncia de Castell\u00f3, 140 a la d&#8217;Alacant i 88 a la de Val\u00e8ncia.<\/p>\n\n\n\n<p>Per prov\u00edncies, el nombre total de casos positius \u00e9s de 1.089 a la prov\u00edncia de Castell\u00f3 (232 hospitalitzats, 41 d&#8217;ells a l&#8217;UCI), 3.133 a la prov\u00edncia d&#8217;Alacant (420 hospitalitzats i 121 d&#8217;ells a l&#8217;UCI), i 4.614 en la prov\u00edncia de Val\u00e8ncia (795 hospitalitzats i 158 d&#8217;ells a l&#8217;UCI). A m\u00e9s, hi ha 5 casos que no s&#8217;han assignat encara.<\/p>\n\n\n\n<p>El nombre de professionals de la Sanitat que han donat positiu en total \u00e9s de 1.476 (182 a la prov\u00edncia de Castell\u00f3, 591 a la d&#8217;Alacant i 703 a la prov\u00edncia de Val\u00e8ncia). De tots ells, han rebut ja l&#8217;alta 385 persones.<\/p>\n\n\n\n<p>Fins a l&#8217;actualitat s&#8217;han produ\u00eft un total de 838 morts a la Comunitat Valenciana: 103 a la prov\u00edncia de Castell\u00f3, 331 a la Alacant i 404 a la de Val\u00e8ncia.<\/p>\n\n\n\n<p>Les proves que han donat un resultat negatiu fins al moment s\u00f3n 28.885.<\/p>\n\n\n\n<p>Fins al moment, 2.361 professionals de la Sanitat s&#8217;han inscrit a la borsa de treball habilitada per la Conselleria de Sanitat perqu\u00e8 personal m\u00e8dic i d&#8217;Infermeria jubilat amb edats fins als 70 anys i personal facultatiu que encara no t\u00e9 especialitat puguin ajudar a combatre el coronavirus.<\/p>\n\n\n\n<p>\u00b7 Personal m\u00e8dic jubilat amb menys de 70 anys: 104<\/p>\n\n\n\n<p>\u00b7 Persones graduades en Medicina sense especialitat: 1.038<\/p>\n\n\n\n<p>\u00b7 Persones graduades en Infermeria: 1.165<\/p>\n\n\n\n<p>\u00b7 Personal d&#8217;Infermeria jubilat amb menys de 70 anys: 54<\/p>\n\n\n\n<p>Actualitzaci\u00f3 de la situaci\u00f3 en resid\u00e8ncies<\/p>\n\n\n\n<p>En aquests moments hi ha casos positius en 101 centres (14 a la prov\u00edncia de Castell\u00f3, 24 a la d&#8217;Alacant i 63 a la prov\u00edncia de Val\u00e8ncia).<\/p>\n\n\n\n<p>\u00b7 Residents que han donat positiu: 1.138<\/p>\n\n\n\n<p>\u00b7 Personal treballador positiu en aquests moments: 267<\/p>\n\n\n\n<p>\u00b7 Residents que han mort: 259<\/p>\n\n\n\n<p>A dia d&#8217;avui, es troben sota vigil\u00e0ncia activa de control sanitari 18 resid\u00e8ncies a la Comunitat Valenciana: 4 a la prov\u00edncia de Castell\u00f3, 5 a la d&#8217;Alacant i 9 a la prov\u00edncia de Val\u00e8ncia.<\/p>\n\n\n\n<p>Tota la informaci\u00f3 actualitzada:&nbsp;<a rel=\"noreferrer noopener\" href=\"http:\/\/coronavirus.san.gva.es\/ca\/inicio\" target=\"_blank\">consultar aqu\u00ed<\/a><\/p>\n","protected":false},"excerpt":{"rendered":"<div class=\"mh-excerpt\">En el dia en qu\u00e8 Espanya pateix un repunt en la xifra de morts per coronavirus i suma altres 619, un centenar m\u00e9s que ahir, la Comunitat ha comen\u00e7at a donar mostres esperan\u00e7adores aquesta jornada <a class=\"mh-excerpt-more\" href=\"https:\/\/www.tucomarca.com\/wordpress\/segunda\/ca\/la-pandemia-es-desaccelera-a-la-comunitat-en-un-dia-de-pasqua-que-sanitat-confirma-2-624-altes-i-263-nous-casos-de-coronavirus\/\" title=\"La pand\u00e8mia es desaccelera a la Comunitat en un dia de Pasqua que Sanitat confirma 2.624 altes i 263 nous casos de coronavirus\">[+] <\/a><\/div>\n","protected":false},"author":1,"featured_media":103145,"comment_status":"open","ping_status":"open","sticky":false,"template":"","format":"standard","meta":{"footnotes":""},"categories":[10905,11010,10898,10948,10894,10904,10903,10947,10896,10897],"tags":[11937,11939,11955,11956,11951,11952],"class_list":{"0":"post-103256","1":"post","2":"type-post","3":"status-publish","4":"format-standard","5":"has-post-thumbnail","7":"category-agricultura-la-comarca-ca","8":"category-canal-salud","9":"category-ventana-ca","10":"category-infraestructuras-ca","11":"category-la-comarca-ca","12":"category-sin-categorizar-ca","13":"category-medio-ambiente-la-comarca-ca","14":"category-politica","15":"category-seccion-ca","16":"category-sucesos-la-comarca-ca","17":"tag-coronavirus","18":"tag-coronavirus-ca","19":"tag-covid19","20":"tag-covid19-ca","21":"tag-covid2019","22":"tag-covid2019-ca"},"_links":{"self":[{"href":"https:\/\/www.tucomarca.com\/wordpress\/segunda\/ca\/wp-json\/wp\/v2\/posts\/103256","targetHints":{"allow":["GET"]}}],"collection":[{"href":"https:\/\/www.tucomarca.com\/wordpress\/segunda\/ca\/wp-json\/wp\/v2\/posts"}],"about":[{"href":"https:\/\/www.tucomarca.com\/wordpress\/segunda\/ca\/wp-json\/wp\/v2\/types\/post"}],"author":[{"embeddable":true,"href":"https:\/\/www.tucomarca.com\/wordpress\/segunda\/ca\/wp-json\/wp\/v2\/users\/1"}],"replies":[{"embeddable":true,"href":"https:\/\/www.tucomarca.com\/wordpress\/segunda\/ca\/wp-json\/wp\/v2\/comments?post=103256"}],"version-history":[{"count":0,"href":"https:\/\/www.tucomarca.com\/wordpress\/segunda\/ca\/wp-json\/wp\/v2\/posts\/103256\/revisions"}],"wp:featuredmedia":[{"embeddable":true,"href":"https:\/\/www.tucomarca.com\/wordpress\/segunda\/ca\/wp-json\/wp\/v2\/media\/103145"}],"wp:attachment":[{"href":"https:\/\/www.tucomarca.com\/wordpress\/segunda\/ca\/wp-json\/wp\/v2\/media?parent=103256"}],"wp:term":[{"taxonomy":"category","embeddable":true,"href":"https:\/\/www.tucomarca.com\/wordpress\/segunda\/ca\/wp-json\/wp\/v2\/categories?post=103256"},{"taxonomy":"post_tag","embeddable":true,"href":"https:\/\/www.tucomarca.com\/wordpress\/segunda\/ca\/wp-json\/wp\/v2\/tags?post=103256"}],"curies":[{"name":"wp","href":"https:\/\/api.w.org\/{rel}","templated":true}]}}