{"id":103388,"date":"2020-04-14T14:46:34","date_gmt":"2020-04-14T12:46:34","guid":{"rendered":"http:\/\/www.tucomarca.com\/wordpress\/segunda\/?p=103388"},"modified":"2020-04-14T14:46:36","modified_gmt":"2020-04-14T12:46:36","slug":"les-persones-mortes-per-coronavirus-a-la-comunitat-arriben-les-907-despres-daugmentar-en-31-les-ultimes-24-hores","status":"publish","type":"post","link":"https:\/\/www.tucomarca.com\/wordpress\/segunda\/ca\/les-persones-mortes-per-coronavirus-a-la-comunitat-arriben-les-907-despres-daugmentar-en-31-les-ultimes-24-hores\/","title":{"rendered":"Les persones mortes per coronavirus a la Comunitat arriben les 907 despr\u00e9s d&#8217;augmentar en 31 les \u00faltimes 24 hores"},"content":{"rendered":"\n<p>La consellera de Sanitat Universal i Salut P\u00fablica, Ana Barcel\u00f3, ha comparegut aquest dimarts per actualitzar la informaci\u00f3 sobre la incid\u00e8ncia de l&#8217;coronavirus a la Comunitat Valenciana, on la xifra de morts ha superat la xifra de les 900 persones despr\u00e9s dels 31 morts registrats des del diumenge a la tarda a dilluns a la tarda. A data d&#8217;aquest dimarts, les persones mortes pel coronavirus s&#8217;eleven a 907.<\/p>\n\n\n\n<p>Ana Barcel\u00f3 ha destacat que s&#8217;han donat un total de 3.069 altes (266 des de l&#8217;actualitzaci\u00f3 d&#8217;aquest dilluns): 284 a la prov\u00edncia de Castell\u00f3, 1.198 a la d&#8217;Alacant i 1.587 a la prov\u00edncia de Val\u00e8ncia.<\/p>\n\n\n\n<p>A m\u00e9s, s&#8217;han detectat 153 nous casos positius, que eleven a 9.213 el total de casos positius, dels quals 1.412 es troben ingressats a l&#8217;hospital i 305 d&#8217;ells a l&#8217;UCI.<\/p>\n\n\n\n<p>Dels 153 nous casos positius, 17 es troben a la prov\u00edncia de Castell\u00f3, 111 a la d&#8217;Alacant i 25 a la de Val\u00e8ncia.<\/p>\n\n\n\n<p>Per prov\u00edncies, el nombre total de casos positius \u00e9s de 1.133 a la prov\u00edncia de Castell\u00f3 (217 hospitalitzats, 37 d&#8217;ells a l&#8217;UCI), 3.323 a la prov\u00edncia d&#8217;Alacant (417 hospitalitzats i 115 d&#8217;ells a l&#8217;UCI), i 4.752 en la prov\u00edncia de Val\u00e8ncia (778 hospitalitzats i 153 d&#8217;ells a l&#8217;UCI). A m\u00e9s, hi ha 5 casos que no s&#8217;han assignat encara.<\/p>\n\n\n\n<p>El nombre de professionals de la Sanitat que han donat positiu en total \u00e9s de 1.492 (186 a la prov\u00edncia de Castell\u00f3, 594 a la d&#8217;Alacant i 712 a la prov\u00edncia de Val\u00e8ncia). De tots ells, han rebut ja l&#8217;alta 428 persones.<\/p>\n\n\n\n<p>De l&#8217;total de 907 morts a la Comunitat Valenciana, 113 s\u00f3n a la prov\u00edncia de Castell\u00f3, 347 a la Alacant i 447 a la de Val\u00e8ncia. Les proves que han donat un resultat negatiu fins al moment s\u00f3n 30.758.<\/p>\n\n\n\n<p>Fins al moment, 2.369 professionals de la Sanitat s&#8217;han inscrit a la borsa de treball habilitada per la Conselleria de Sanitat perqu\u00e8 personal m\u00e8dic i d&#8217;Infermeria jubilat amb edats fins als 70 anys i personal facultatiu que encara no t\u00e9 especialitat puguin ajudar a combatre el coronavirus: Personal m\u00e8dic jubilat amb menys de 70 anys: 104. Persones graduades en Medicina sense especialitat: 1.044. Persones graduades en Infermeria: 1.167. Personal d&#8217;Infermeria jubilat amb menys de 70 anys: 54<\/p>\n\n\n\n<p>D&#8217;altra banda, la consellera ha donat a con\u00e8ixer que s&#8217;han rebut 2.612 trucades al n\u00famero 900 36 22 36, habilitat perqu\u00e8 persones de grups de risc o amb s\u00edmptomes de coronavirus puguin sol\u00b7licitar medicaments a domicili. En total, s&#8217;han tramitat 1.575 sol\u00b7licituds (158 a la prov\u00edncia de Castell\u00f3, 929 a la de Val\u00e8ncia i 488 a la prov\u00edncia d&#8217;Alacant).<\/p>\n\n\n\n<p><strong>Actualitzaci\u00f3 de la situaci\u00f3 en resid\u00e8ncies<\/strong><\/p>\n\n\n\n<p>La consellera ha actualitzat tamb\u00e9 la situaci\u00f3 de les resid\u00e8ncies de la Comunitat Valenciana. En aquests moments, hi ha casos positius en 98 centres (15 a la prov\u00edncia de Castell\u00f3, 22 a la d&#8217;Alacant i 61 a la prov\u00edncia de Val\u00e8ncia): Residents que han donat positiu: 1.197. Personal treballador que ha donat positiu: 271. residents que han mort: 295.<\/p>\n\n\n\n<p>A hores d&#8217;ara, es troben sota vigil\u00e0ncia activa de control sanitari 23 resid\u00e8ncies a la Comunitat Valenciana: 4 a la prov\u00edncia de Castell\u00f3: 1 en el departament de Vinar\u00f2s, 1 en el departament de l&#8217;Hospital General de Castell\u00f3 i 1 en el departament de la Plana . La quarta resid\u00e8ncia pertany a el departament de salut de Sagunt, tot i que est\u00e0 situada en un municipi de la prov\u00edncia de Castell\u00f3.<\/p>\n\n\n\n<p>Sis a la prov\u00edncia d&#8217;Alacant: 2 al departament d&#8217;Alcoi, 1 en el departament de la Marina Baixa, 1 en el departament de Sant Joan, 1 en el departament d&#8217;Elda i 1 en el departament de l&#8217;Alacant- Hospital General.<\/p>\n\n\n\n<p>Un total de 13 a la prov\u00edncia de Val\u00e8ncia: 1 en el departament de Sagunt, 2 al departament Cl\u00ednic-Malva-rosa, 4 al departament de La Fe, 5 al departament de Requena i 1 en el departament de l&#8217;Hospital General de Val\u00e8ncia.<\/p>\n\n\n\n<p>Tota la informaci\u00f3 actualitzada:\u00a0<a rel=\"noreferrer noopener\" href=\"http:\/\/coronavirus.san.gva.es\/ca\/inicio\" target=\"_blank\">consultar aqu\u00ed<\/a><\/p>\n","protected":false},"excerpt":{"rendered":"<div class=\"mh-excerpt\">La consellera de Sanitat Universal i Salut P\u00fablica, Ana Barcel\u00f3, ha comparegut aquest dimarts per actualitzar la informaci\u00f3 sobre la incid\u00e8ncia de l&#8217;coronavirus a la Comunitat Valenciana, on la xifra de morts ha superat la <a class=\"mh-excerpt-more\" href=\"https:\/\/www.tucomarca.com\/wordpress\/segunda\/ca\/les-persones-mortes-per-coronavirus-a-la-comunitat-arriben-les-907-despres-daugmentar-en-31-les-ultimes-24-hores\/\" title=\"Les persones mortes per coronavirus a la Comunitat arriben les 907 despr\u00e9s d&#8217;augmentar en 31 les \u00faltimes 24 hores\">[+] <\/a><\/div>\n","protected":false},"author":1,"featured_media":102185,"comment_status":"open","ping_status":"open","sticky":false,"template":"","format":"standard","meta":{"footnotes":""},"categories":[10905,11010,10898,10948,10894,10904,10903,10947,10896,10897],"tags":[11937,11939,11955,11956,11951,11952],"class_list":{"0":"post-103388","1":"post","2":"type-post","3":"status-publish","4":"format-standard","5":"has-post-thumbnail","7":"category-agricultura-la-comarca-ca","8":"category-canal-salud","9":"category-ventana-ca","10":"category-infraestructuras-ca","11":"category-la-comarca-ca","12":"category-sin-categorizar-ca","13":"category-medio-ambiente-la-comarca-ca","14":"category-politica","15":"category-seccion-ca","16":"category-sucesos-la-comarca-ca","17":"tag-coronavirus","18":"tag-coronavirus-ca","19":"tag-covid19","20":"tag-covid19-ca","21":"tag-covid2019","22":"tag-covid2019-ca"},"_links":{"self":[{"href":"https:\/\/www.tucomarca.com\/wordpress\/segunda\/ca\/wp-json\/wp\/v2\/posts\/103388","targetHints":{"allow":["GET"]}}],"collection":[{"href":"https:\/\/www.tucomarca.com\/wordpress\/segunda\/ca\/wp-json\/wp\/v2\/posts"}],"about":[{"href":"https:\/\/www.tucomarca.com\/wordpress\/segunda\/ca\/wp-json\/wp\/v2\/types\/post"}],"author":[{"embeddable":true,"href":"https:\/\/www.tucomarca.com\/wordpress\/segunda\/ca\/wp-json\/wp\/v2\/users\/1"}],"replies":[{"embeddable":true,"href":"https:\/\/www.tucomarca.com\/wordpress\/segunda\/ca\/wp-json\/wp\/v2\/comments?post=103388"}],"version-history":[{"count":0,"href":"https:\/\/www.tucomarca.com\/wordpress\/segunda\/ca\/wp-json\/wp\/v2\/posts\/103388\/revisions"}],"wp:featuredmedia":[{"embeddable":true,"href":"https:\/\/www.tucomarca.com\/wordpress\/segunda\/ca\/wp-json\/wp\/v2\/media\/102185"}],"wp:attachment":[{"href":"https:\/\/www.tucomarca.com\/wordpress\/segunda\/ca\/wp-json\/wp\/v2\/media?parent=103388"}],"wp:term":[{"taxonomy":"category","embeddable":true,"href":"https:\/\/www.tucomarca.com\/wordpress\/segunda\/ca\/wp-json\/wp\/v2\/categories?post=103388"},{"taxonomy":"post_tag","embeddable":true,"href":"https:\/\/www.tucomarca.com\/wordpress\/segunda\/ca\/wp-json\/wp\/v2\/tags?post=103388"}],"curies":[{"name":"wp","href":"https:\/\/api.w.org\/{rel}","templated":true}]}}