{"id":103470,"date":"2020-04-14T20:50:53","date_gmt":"2020-04-14T18:50:53","guid":{"rendered":"http:\/\/www.tucomarca.com\/wordpress\/segunda\/?p=103470"},"modified":"2020-04-14T20:53:49","modified_gmt":"2020-04-14T18:53:49","slug":"el-departament-de-salut-de-requena-registra-oficialment-352-positius-i-37-morts-per-covid-19-fins-aquest-dimarts","status":"publish","type":"post","link":"https:\/\/www.tucomarca.com\/wordpress\/segunda\/ca\/el-departament-de-salut-de-requena-registra-oficialment-352-positius-i-37-morts-per-covid-19-fins-aquest-dimarts\/","title":{"rendered":"El Departament de Salut de Requena registra oficialment 352 positius i 37 morts per coronavirus fins aquest dimarts"},"content":{"rendered":"\n<p>El Departament de Requena cobreix la demanda sanit\u00e0ria de 51.489 persones procedents dels municipis adscrits de les comarques de Requena-Utiel i de la Vall d&#8217;Aiora-Cofrents, a m\u00e9s d&#8217;altres municipis lim\u00edtrofs de la Foia de Bunyol-Xiva com Setaig\u00fces o dels Serrans com Benag\u00e9ber o Xera.<\/p>\n\n\n\n<p>En aquesta esmentada \u00e0rea geogr\u00e0fica, les dades de qu\u00e8 disposa la Generalitat Valenciana a data de el 14 de mar\u00e7 (corresponents als facilitades pels centres sanitaris un dia abans) s\u00f3n d&#8217;un total de 352 positius, amb 37 morts, el que ofereix una taxa de positius de l&#8217;683,60 i una taxa de mortalitat de l&#8217;71,90. Unes dades que, segons la comparativa amb altres departaments situen el de Requena en el grup dels que estan al capdavant pel que fa a afecci\u00f3 de la pand\u00e8mia; amb comparatives fins i tot superiors a alguns centres de la ciutat de Val\u00e8ncia.<\/p>\n\n\n\n<p>Despr\u00e9s de l&#8217;estudi del les dades disponibles fins aquest dimarts, l&#8217;\u00e0rea metropolitana de Val\u00e8ncia reuneix el major nombre de contagis de la la Comunitat Valenciana. De fet, els departaments de salut dels hospitals de refer\u00e8ncia de la capital se situen entre els primers llocs pel que fa a nombre de contagis i morts; tot i que destaca tamb\u00e9, pel que fa a la major taxa de contagis per cada cent mil habitants, el Departament de Requena (683,60), que at\u00e9n 51.489 ciutadans.<\/p>\n","protected":false},"excerpt":{"rendered":"<div class=\"mh-excerpt\">El Departament de Requena cobreix la demanda sanit\u00e0ria de 51.489 persones procedents dels municipis adscrits de les comarques de Requena-Utiel i de la Vall d&#8217;Aiora-Cofrents, a m\u00e9s d&#8217;altres municipis lim\u00edtrofs de la Foia de Bunyol-Xiva <a class=\"mh-excerpt-more\" href=\"https:\/\/www.tucomarca.com\/wordpress\/segunda\/ca\/el-departament-de-salut-de-requena-registra-oficialment-352-positius-i-37-morts-per-covid-19-fins-aquest-dimarts\/\" title=\"El Departament de Salut de Requena registra oficialment 352 positius i 37 morts per coronavirus fins aquest dimarts\">[+] <\/a><\/div>\n","protected":false},"author":1,"featured_media":103466,"comment_status":"open","ping_status":"open","sticky":false,"template":"","format":"standard","meta":{"footnotes":""},"categories":[10905,11041,11030,11031,11010,11032,11054,11046,10898,11055,10948,10894,10912,11056,10903,10947,10908,10909,11057,10896,10979,11058,10897,11059,11060,11061,11037],"tags":[11937,11938,11951,10387],"class_list":{"0":"post-103470","1":"post","2":"type-post","3":"status-publish","4":"format-standard","5":"has-post-thumbnail","7":"category-agricultura-la-comarca-ca","8":"category-benageber-ca","9":"category-campo-arcis-ca","10":"category-camporrobles-ca","11":"category-canal-salud","12":"category-caudete-ca","13":"category-chera-ca","14":"category-los-serranos-ca","15":"category-ventana-ca","16":"category-fuenterrobles-ca","17":"category-infraestructuras-ca","18":"category-la-comarca-ca","19":"category-la-hoya-ca","20":"category-las-cuevas-ca","21":"category-medio-ambiente-la-comarca-ca","22":"category-politica","23":"category-requena-ca","24":"category-requena-utiel-ca","25":"category-san-antonio-ca","26":"category-seccion-ca","27":"category-siete-aguas-ca","28":"category-sinarcas-ca","29":"category-sucesos-la-comarca-ca","30":"category-utiel-ca","31":"category-venta-del-moro-ca","32":"category-villargordo-del-cabriel-ca","33":"category-chera-los-serranos-ca","34":"tag-coronavirus","35":"tag-covid-19","36":"tag-covid2019","37":"tag-requena-utiel"},"_links":{"self":[{"href":"https:\/\/www.tucomarca.com\/wordpress\/segunda\/ca\/wp-json\/wp\/v2\/posts\/103470","targetHints":{"allow":["GET"]}}],"collection":[{"href":"https:\/\/www.tucomarca.com\/wordpress\/segunda\/ca\/wp-json\/wp\/v2\/posts"}],"about":[{"href":"https:\/\/www.tucomarca.com\/wordpress\/segunda\/ca\/wp-json\/wp\/v2\/types\/post"}],"author":[{"embeddable":true,"href":"https:\/\/www.tucomarca.com\/wordpress\/segunda\/ca\/wp-json\/wp\/v2\/users\/1"}],"replies":[{"embeddable":true,"href":"https:\/\/www.tucomarca.com\/wordpress\/segunda\/ca\/wp-json\/wp\/v2\/comments?post=103470"}],"version-history":[{"count":0,"href":"https:\/\/www.tucomarca.com\/wordpress\/segunda\/ca\/wp-json\/wp\/v2\/posts\/103470\/revisions"}],"wp:featuredmedia":[{"embeddable":true,"href":"https:\/\/www.tucomarca.com\/wordpress\/segunda\/ca\/wp-json\/wp\/v2\/media\/103466"}],"wp:attachment":[{"href":"https:\/\/www.tucomarca.com\/wordpress\/segunda\/ca\/wp-json\/wp\/v2\/media?parent=103470"}],"wp:term":[{"taxonomy":"category","embeddable":true,"href":"https:\/\/www.tucomarca.com\/wordpress\/segunda\/ca\/wp-json\/wp\/v2\/categories?post=103470"},{"taxonomy":"post_tag","embeddable":true,"href":"https:\/\/www.tucomarca.com\/wordpress\/segunda\/ca\/wp-json\/wp\/v2\/tags?post=103470"}],"curies":[{"name":"wp","href":"https:\/\/api.w.org\/{rel}","templated":true}]}}