{"id":103508,"date":"2020-04-14T10:55:04","date_gmt":"2020-04-14T08:55:04","guid":{"rendered":"http:\/\/www.tucomarca.com\/wordpress\/segunda\/?p=103508"},"modified":"2020-04-14T21:48:34","modified_gmt":"2020-04-14T19:48:34","slug":"eu-compromis-de-godelleta-recorda-laniversari-de-la-proclamacio-de-la-segona-republica-espanyola","status":"publish","type":"post","link":"https:\/\/www.tucomarca.com\/wordpress\/segunda\/ca\/eu-compromis-de-godelleta-recorda-laniversari-de-la-proclamacio-de-la-segona-republica-espanyola\/","title":{"rendered":"EU-Comprom\u00eds de Godelleta recorda l&#8217;aniversari de la proclamaci\u00f3 de la Segona Rep\u00fablica Espanyola"},"content":{"rendered":"\n<p>\u00abEl dimarts 14 d&#8217;abril de 2020 complir\u00e0 l&#8217;aniversari de la proclamaci\u00f3 de la Segona Rep\u00fablica a l&#8217;Estat espanyol. Malauradament aquest any i causa de la greu crisi de l&#8217;Coronavirus que ens afecta, han quedat suspesos els actes p\u00fablics commemoratius i reivindicatius que havien estat programats i que s&#8217;havien de celebrar. Esperem que aviat el maligne virus sigui ven\u00e7ut i puguem tornar a la normalitat, aquest \u00e9s, al menys, el nostre m\u00e9s fervent desig \u00bb, com ha explicat el portaveu de el grup pol\u00edtic municipal d&#8217;Esquerra Unida-Comprom\u00eds per Godelleta, Pablo Rodr\u00edguez.<\/p>\n\n\n\n<p>\u00abEn el Ple de la Corporaci\u00f3 municipal de l&#8217;Ajuntament de Godelleta celebrat el dijous dia 12 de mar\u00e7 de 2020 el grup pol\u00edtic d&#8217;Esquerra Unida-Comprom\u00eds va dir a trav\u00e9s de regidor-portaveu i va fer constar en acta el seg\u00fcent: Primer, recordar que el 14 d&#8217;abril de 1931 es va proclamar pac\u00edficament a Espanya la Segona Rep\u00fablica despr\u00e9s de la celebraci\u00f3 d&#8217;unes eleccions municipals. Un r\u00e8gim pol\u00edtic en qu\u00e8 TOTS els institucions de l&#8217;Estat eren elegibles per la ciutadania i en qu\u00e8 les l\u00ednies b\u00e0siques de la seva actuaci\u00f3 pol\u00edtica recollides en la Constituci\u00f3 de 1931 es basaven en la Llibertat, Igualtat i Fraternitat \u00bb.<\/p>\n\n\n\n<p>\u00abRetre un homenatge a les treballadores i als treballadors, a les funcion\u00e0ries i els funcionaris, als regidors i als alcaldes que van gestionar la vida pol\u00edtica, econ\u00f2mica i social de l&#8217;Ajuntament de Godelleta durant l&#8217;etapa republicana, \u00e9s a dir, des del 14 d&#8217;abril de 1931 fins l&#8217;1 d&#8217;abril de 1939, elles i ells i al costat de ve\u00efnes i ve\u00efns que es van mantenir sempre fidels a les lleis establertes en la Constituci\u00f3 de 1931 \u00bb.<\/p>\n\n\n\n<p>I tercer, reivindicar per al futur d&#8217;Espanya la caiguda de la monarquia i l&#8217;arribada d&#8217;un nou r\u00e8gim republic\u00e0 a on totes les institucions de l&#8217;Estat siguin elegibles democr\u00e0ticament per les ciutadanes i pels ciutadans. Vull finalitzar desitjant una gran vict\u00f2ria en la guerra contra el Coronavirus que ens afecta i l&#8217;arribada de la Rep\u00fablica a Espanya \u00bb, ha afegit el regidor d&#8217;Esquerra Unida-Comprom\u00eds per Godelleta.<\/p>\n\n\n\n<p><strong>Llibre on line sobre la II Rep\u00fablica<\/strong><\/p>\n\n\n\n<p>\u00abEn aquests dies de confinament obligatori a causa de la greu crisi generada per la pand\u00e8mia de l&#8217;Coronavirus, podem trobar l&#8217;excusa perfecta per a la lectura. Des Godelleta oferim en format lliure acc\u00e9s a el primer llibre d&#8217;una trilogia que reflecteix la hist\u00f2ria del municipi i la comarca que es titula &#8220;Godelleta Republicana 1931-1936&#8221; \u00bb, segons ha informat Pablo Rodr\u00edguez Cort\u00e9s des d&#8217;Esquerra Unida-Comprom\u00eds ..<\/p>\n\n\n\n<p>\u00abEls altres dos llibres es titulen&#8221; Godelleta i la Guerra Civil 1936-1939 &#8220;i&#8221; Godelleta durant la Dictadura Franquista 1939-1953 &#8220;. El tercer llibre que exposa el per\u00edode de la dictadura franquista \u00e9s el que el govern municipal de Godelleta d&#8217;el Partit Popular, Ciutadans i Urbanitzacions es nega a pagar a l&#8217;editorial per la feina feta. Per aquest motiu l&#8217;assumpte est\u00e0 en mans de la Fiscalia Provincial de Val\u00e8ncia \u00bb, han afegit.<\/p>\n\n\n\n<p>\u00abSi volen vost\u00e8s llegir el llibre primer de la trilogia que els oferim punxin sobre l&#8217;enlla\u00e7 que ve a continuaci\u00f3. Gr\u00e0cies. http \/ www.bit.ly \/ godelletarepublicana \u00bb, ha finalitzat Pablo Rodr\u00edguez Cort\u00e9s.<\/p>\n","protected":false},"excerpt":{"rendered":"<div class=\"mh-excerpt\">\u00abEl dimarts 14 d&#8217;abril de 2020 complir\u00e0 l&#8217;aniversari de la proclamaci\u00f3 de la Segona Rep\u00fablica a l&#8217;Estat espanyol. Malauradament aquest any i causa de la greu crisi de l&#8217;Coronavirus que ens afecta, han quedat suspesos <a class=\"mh-excerpt-more\" href=\"https:\/\/www.tucomarca.com\/wordpress\/segunda\/ca\/eu-compromis-de-godelleta-recorda-laniversari-de-la-proclamacio-de-la-segona-republica-espanyola\/\" title=\"EU-Comprom\u00eds de Godelleta recorda l&#8217;aniversari de la proclamaci\u00f3 de la Segona Rep\u00fablica Espanyola\">[+] <\/a><\/div>\n","protected":false},"author":1,"featured_media":103506,"comment_status":"open","ping_status":"open","sticky":false,"template":"","format":"standard","meta":{"footnotes":""},"categories":[10977,10948,10894,10912,10947,10896],"tags":[10383,11087],"class_list":{"0":"post-103508","1":"post","2":"type-post","3":"status-publish","4":"format-standard","5":"has-post-thumbnail","7":"category-godelleta-ca","8":"category-infraestructuras-ca","9":"category-la-comarca-ca","10":"category-la-hoya-ca","11":"category-politica","12":"category-seccion-ca","13":"tag-godelleta","14":"tag-godelleta-ca"},"_links":{"self":[{"href":"https:\/\/www.tucomarca.com\/wordpress\/segunda\/ca\/wp-json\/wp\/v2\/posts\/103508","targetHints":{"allow":["GET"]}}],"collection":[{"href":"https:\/\/www.tucomarca.com\/wordpress\/segunda\/ca\/wp-json\/wp\/v2\/posts"}],"about":[{"href":"https:\/\/www.tucomarca.com\/wordpress\/segunda\/ca\/wp-json\/wp\/v2\/types\/post"}],"author":[{"embeddable":true,"href":"https:\/\/www.tucomarca.com\/wordpress\/segunda\/ca\/wp-json\/wp\/v2\/users\/1"}],"replies":[{"embeddable":true,"href":"https:\/\/www.tucomarca.com\/wordpress\/segunda\/ca\/wp-json\/wp\/v2\/comments?post=103508"}],"version-history":[{"count":0,"href":"https:\/\/www.tucomarca.com\/wordpress\/segunda\/ca\/wp-json\/wp\/v2\/posts\/103508\/revisions"}],"wp:featuredmedia":[{"embeddable":true,"href":"https:\/\/www.tucomarca.com\/wordpress\/segunda\/ca\/wp-json\/wp\/v2\/media\/103506"}],"wp:attachment":[{"href":"https:\/\/www.tucomarca.com\/wordpress\/segunda\/ca\/wp-json\/wp\/v2\/media?parent=103508"}],"wp:term":[{"taxonomy":"category","embeddable":true,"href":"https:\/\/www.tucomarca.com\/wordpress\/segunda\/ca\/wp-json\/wp\/v2\/categories?post=103508"},{"taxonomy":"post_tag","embeddable":true,"href":"https:\/\/www.tucomarca.com\/wordpress\/segunda\/ca\/wp-json\/wp\/v2\/tags?post=103508"}],"curies":[{"name":"wp","href":"https:\/\/api.w.org\/{rel}","templated":true}]}}