{"id":103659,"date":"2020-04-16T12:20:00","date_gmt":"2020-04-16T10:20:00","guid":{"rendered":"http:\/\/www.tucomarca.com\/wordpress\/segunda\/?p=103659"},"modified":"2020-04-16T12:21:44","modified_gmt":"2020-04-16T10:21:44","slug":"entrevista-miguel-tortola-encara-que-a-iatova-no-hi-ha-casos-si-la-gent-baixa-la-guardia-la-situacio-pot-anar-a-malament-en-tot-just-24-hores","status":"publish","type":"post","link":"https:\/\/www.tucomarca.com\/wordpress\/segunda\/ca\/entrevista-miguel-tortola-encara-que-a-iatova-no-hi-ha-casos-si-la-gent-baixa-la-guardia-la-situacio-pot-anar-a-malament-en-tot-just-24-hores\/","title":{"rendered":"Entrevista. Miguel T\u00f3rtola: \u00abEncara que a I&#8217;\u00e0tova no hi ha casos, si la gent baixa la gu\u00e0rdia la situaci\u00f3 pot anar a malament en tot just 24 hores\u00bb"},"content":{"rendered":"\n<p><strong>L&#8217;alcalde de Y\u00e1tova, Miguel T\u00f3rtola, valora per tucomarca.com la situaci\u00f3 de la poblaci\u00f3 despr\u00e9s d&#8217;un mes de confinament.<\/strong><\/p>\n\n\n\n<p><strong>PREGUNTA: Despr\u00e9s d&#8217;un mes de confinament, com es troba la poblaci\u00f3 de I\u00e0tova? Com est\u00e0 la moral?<\/strong><\/p>\n\n\n\n<p>&#8211; RESPOSTA: La moral \u00e9s molt bona, la poblaci\u00f3 est\u00e0 responent molt b\u00e9, encara que sempre tenim alguns casos d&#8217;algunes persones que els costa m\u00e9s entendre aquesta situaci\u00f3. Per\u00f2 en general, tothom est\u00e0 responent molt b\u00e9 i complint amb totes les normes que s&#8217;estan establint. Nosaltres des de l&#8217;Ajuntament tamb\u00e9 estem posant tot el que podem de la nostra part per millorar aquesta situaci\u00f3; i aplicant mesures sobretot en mat\u00e8ria de desinfecci\u00f3.<\/p>\n\n\n\n<p><strong>&#8211; Tot i que ja ens va avan\u00e7ar que oficialment no s&#8217;havia registrat cap cas, \u00bfen quin grau podem dir que ha afectat la pand\u00e8mia a la poblaci\u00f3 de Y\u00e1tova?<br><\/strong><\/p>\n\n\n\n<p>&#8211; En Y\u00e1tova estem en contacte permanent amb el centre de salut i, de moment, estem b\u00e9. No hi ha cap problema i les xifres, de moment, estan tranquil\u00b7les, tot i que es poguessin agreujar en un futur per visites a centre de salut.<\/p>\n\n\n\n<p><strong>&#8211; \u00bfSegueixen sense registrar cap cas oficialment?<\/strong><\/p>\n\n\n\n<p>&#8211; S\u00ed, aqu\u00ed oficialment, fins al moment, no hem tingut cap cas.<\/p>\n\n\n\n<p><strong>&#8211; \u00bfA qu\u00e8 circumst\u00e0ncies atribueix que no s&#8217;hagi produ\u00eft cap cas a Y\u00e1tova?<\/strong><\/p>\n\n\n\n<p>&#8211; Doncs la veritat \u00e9s que no ho sabem; tant de bo es pugui atribuir al fet que la gent est\u00e0 complint amb la normativa que s&#8217;ha establert di\u00e0riament. Nosaltres el que volem \u00e9s que aquesta situaci\u00f3 es mantingui i que la gent surti el menys possible al carrer si no \u00e9s necessari, que \u00e9s el que m\u00e9s ens preocupa, perqu\u00e8 tamb\u00e9 de vegades es produeix una massa aflu\u00e8ncia de gent als comer\u00e7os per comprar aliments. I s&#8217;est\u00e0 informant per tots els mitjans que s&#8217;ha de comprar si \u00e9s possible un cop a la setmana i tenir en compte que no va haver desprove\u00efment. Encara que tamb\u00e9 sabem que algunes persones busquen l&#8217;excusa d&#8217;anar a comprar per sortir de casa. I aquests actes han de saber que repercuteixen en el conjunt de la societat i en municipis tan petits com Y\u00e1tova a quatre hores pot canviar a una situaci\u00f3 per malament. Perqu\u00e8 es pot veure tot com molt lluny\u00e0, per\u00f2 el virus \u00e9s aqu\u00ed i el problema persisteix. Cal et tenir molta cura i no abaixar la gu\u00e0rdia.<\/p>\n\n\n\n<p><strong>&#8211; Per aix\u00f2 li anava a preguntar, tot i que la situaci\u00f3 a Y\u00e1tova no siga dolenta, \u00bf\u00e9s important no abaixar la gu\u00e0rdia per evitar la propagaci\u00f3, veritat?<\/strong><\/p>\n\n\n\n<p>&#8211; S\u00ed, s\u00ed, aix\u00ed \u00e9s. \u00c9s que sembla que ho veiem tot molt lluny\u00e0, i que a Y\u00e1tova no arribar\u00e0 mai, per\u00f2 no \u00e9s aix\u00ed, no cal abaixar la gu\u00e0rdia i m\u00e9s ara que ja ha comen\u00e7at gent a treballar i s&#8217;est\u00e0 incrementant la mobilitat pel que no cal relaxar-se i extremar m\u00e9s encara les mesures i fer cas a les regles: guardar la dist\u00e0ncia de seguretat, rentar-se molt les mans i fer servir les mascaretes protectores.<\/p>\n\n\n\n<p><strong>&#8211; Tot i que hem anat explicant cada vegada que s&#8217;han posat en marxa totes les mesures impulsades a nivell local per l&#8217;Ajuntament, \u00bfpodem resumir-les?<\/strong><\/p>\n\n\n\n<p>&#8211; S\u00ed, des del minut un, nosaltres estem desinfectant dos dies per setmana polvoritzant el municipi i complementat les tasques on no arriba el tractor amb personal a peu i de forma manual; extremant les precaucions en zones on hi ha comer\u00e7os oberts com a establiments alimentaris o bancs. En aquestes zones la desinfecci\u00f3 es fa m\u00e9s vegades a la setmana amb polvoritzadora, perqu\u00e8 s\u00f3n els focus on m\u00e9s tr\u00e0nsit hi ha i on cal extremar la desinfecci\u00f3. Ja et dic no baixem la gu\u00e0rdia des de l&#8217;Ajuntament i estem intentant que vagi tot b\u00e9 i sobretot que la gent col\u00b7labori.<\/p>\n\n\n\n<p><strong>&#8211; \u00bfM\u00e9s mesures a nivell de gesti\u00f3 municipal?<\/strong><\/p>\n\n\n\n<p>&#8211; S\u00ed b\u00e9, nosaltres aqu\u00ed a l&#8217;Ajuntament no hem parat. S\u00ed que hem redu\u00eft la plantilla f\u00edsica a l&#8217;Ajuntament, per\u00f2 tamb\u00e9 hem posat en marxa el teletreball i el personal ha seguit teletreballant des de casa. I aix\u00f2 ho vam fer des del primer o segon dia. A l&#8217;Ajuntament estem sempre dues o tres persones treballant i atenent a la poblaci\u00f3, perqu\u00e8 sembla que no per\u00f2 la vida continua i no s&#8217;atura: sempre hi ha coses a fer i molts problemes que solucionar i ara m\u00e9s amb aquesta situaci\u00f3. I no nom\u00e9s estem donant un bon servei a Y\u00e1tova sin\u00f3 tamb\u00e9 amb el tema dels ERTE &#8216;s i acomiadaments o la signatura digital tamb\u00e9 estem prestant un servei a alguns municipis de la comarca.<\/p>\n\n\n\n<p><strong>&#8211; I per acabar, quin missatge li agradaria traslladar a la ciutadania despr\u00e9s d&#8217;un mes de confinament i pensant en les setmanes que encara ens queden per davant?<\/strong><\/p>\n\n\n\n<p>&#8211; B\u00e9, la situaci\u00f3 sabem que \u00e9s complicada, per\u00f2 quedant-se a casa sabem que, encara que no \u00e9s el que m\u00e9s ens agradi a tots, \u00e9s el que cal fer. Aix\u00f2 hem de prendre&#8217;ns-ho seriosament. \u00c9s una pand\u00e8mia i \u00e9s una situaci\u00f3 excepcional, molt complicada i que hem de fer cas a tot el que ens han dit: estar a casa, encara que sigui dif\u00edcil i complicat per a certes persones, com ara els nens i persones grans que tinguin problemes de salut, per\u00f2 no hi ha altra. O col\u00b7laborem tots i tots posem de la nostra part o aix\u00f2 no t\u00e9 soluci\u00f3. En Y\u00e1tova, de deb\u00f2, estem contents perqu\u00e8 menys algunes comptades persones que se salten el confinament, l&#8217;actuaci\u00f3 de la poblaci\u00f3 \u00e9s exemplar. Cal posar-li molt de sentit com\u00fa a aquesta situaci\u00f3 per la qual cosa des de l&#8217;Ajuntament vull felicitar els ve\u00efns pel gran esfor\u00e7 que estan fent i pensar que aix\u00f2 va per llarg, per\u00f2 amb l&#8217;ajuda de tots ens en sortirem.<\/p>\n","protected":false},"excerpt":{"rendered":"<div class=\"mh-excerpt\">L&#8217;alcalde de Y\u00e1tova, Miguel T\u00f3rtola, valora per tucomarca.com la situaci\u00f3 de la poblaci\u00f3 despr\u00e9s d&#8217;un mes de confinament. PREGUNTA: Despr\u00e9s d&#8217;un mes de confinament, com es troba la poblaci\u00f3 de I\u00e0tova? Com est\u00e0 la moral? <a class=\"mh-excerpt-more\" href=\"https:\/\/www.tucomarca.com\/wordpress\/segunda\/ca\/entrevista-miguel-tortola-encara-que-a-iatova-no-hi-ha-casos-si-la-gent-baixa-la-guardia-la-situacio-pot-anar-a-malament-en-tot-just-24-hores\/\" title=\"Entrevista. Miguel T\u00f3rtola: \u00abEncara que a I&#8217;\u00e0tova no hi ha casos, si la gent baixa la gu\u00e0rdia la situaci\u00f3 pot anar a malament en tot just 24 hores\u00bb\">[+] <\/a><\/div>\n","protected":false},"author":1,"featured_media":103657,"comment_status":"open","ping_status":"open","sticky":false,"template":"","format":"standard","meta":{"footnotes":""},"categories":[11010,10980,10948,10894,10912,10903,10947,10896,10897],"tags":[11937,11955,11951,11142,11108,5952,10380],"class_list":{"0":"post-103659","1":"post","2":"type-post","3":"status-publish","4":"format-standard","5":"has-post-thumbnail","7":"category-canal-salud","8":"category-yatova-ca","9":"category-infraestructuras-ca","10":"category-la-comarca-ca","11":"category-la-hoya-ca","12":"category-medio-ambiente-la-comarca-ca","13":"category-politica","14":"category-seccion-ca","15":"category-sucesos-la-comarca-ca","16":"tag-coronavirus","17":"tag-covid19","18":"tag-covid2019","19":"tag-iatova","20":"tag-la-foia-de-bunyol-xiva","21":"tag-la-hoya-de-bunol-chiva","22":"tag-yatova"},"_links":{"self":[{"href":"https:\/\/www.tucomarca.com\/wordpress\/segunda\/ca\/wp-json\/wp\/v2\/posts\/103659","targetHints":{"allow":["GET"]}}],"collection":[{"href":"https:\/\/www.tucomarca.com\/wordpress\/segunda\/ca\/wp-json\/wp\/v2\/posts"}],"about":[{"href":"https:\/\/www.tucomarca.com\/wordpress\/segunda\/ca\/wp-json\/wp\/v2\/types\/post"}],"author":[{"embeddable":true,"href":"https:\/\/www.tucomarca.com\/wordpress\/segunda\/ca\/wp-json\/wp\/v2\/users\/1"}],"replies":[{"embeddable":true,"href":"https:\/\/www.tucomarca.com\/wordpress\/segunda\/ca\/wp-json\/wp\/v2\/comments?post=103659"}],"version-history":[{"count":0,"href":"https:\/\/www.tucomarca.com\/wordpress\/segunda\/ca\/wp-json\/wp\/v2\/posts\/103659\/revisions"}],"wp:featuredmedia":[{"embeddable":true,"href":"https:\/\/www.tucomarca.com\/wordpress\/segunda\/ca\/wp-json\/wp\/v2\/media\/103657"}],"wp:attachment":[{"href":"https:\/\/www.tucomarca.com\/wordpress\/segunda\/ca\/wp-json\/wp\/v2\/media?parent=103659"}],"wp:term":[{"taxonomy":"category","embeddable":true,"href":"https:\/\/www.tucomarca.com\/wordpress\/segunda\/ca\/wp-json\/wp\/v2\/categories?post=103659"},{"taxonomy":"post_tag","embeddable":true,"href":"https:\/\/www.tucomarca.com\/wordpress\/segunda\/ca\/wp-json\/wp\/v2\/tags?post=103659"}],"curies":[{"name":"wp","href":"https:\/\/api.w.org\/{rel}","templated":true}]}}