{"id":103942,"date":"2020-04-18T20:55:18","date_gmt":"2020-04-18T18:55:18","guid":{"rendered":"http:\/\/www.tucomarca.com\/wordpress\/segunda\/?p=103942"},"modified":"2020-04-18T21:56:25","modified_gmt":"2020-04-18T19:56:25","slug":"el-departament-de-salut-de-requena-augmenta-en-10-casos-i-4-morts-i-se-situa-en-els-380-positius-i-els-49-morts-per-coronavirus","status":"publish","type":"post","link":"https:\/\/www.tucomarca.com\/wordpress\/segunda\/ca\/el-departament-de-salut-de-requena-augmenta-en-10-casos-i-4-morts-i-se-situa-en-els-380-positius-i-els-49-morts-per-coronavirus\/","title":{"rendered":"El Departament de Salut de Requena augmenta en 10 casos i 4 morts i se situa en els 380 positius i els 49 morts per coronavirus"},"content":{"rendered":"\n<p>El Departament de Salut de Requena ha registrat aquest dissabte un augment en 10 casos de contagis per coronavirus segons les dades facilitades per la Generalitat Valenciana (corresponents als facilitades pels centres sanitaris un dia abans); aix\u00ed com quatre persones mortes m\u00e9s.<\/p>\n\n\n\n<p>A data d&#8217;aquest dissabte, 18 d&#8217;abril, s\u00f3n d&#8217;un total de 380 dels casos positius, i un total de 49 les persones mortes, el que ofereix una taxa de positius de l&#8217;738,00 i una taxa de mortalitat de l&#8217;95,20, dos dels percentatges m\u00e9s alts de tota la Comunitat Valenciana. Aquestes dades, segons la comparativa amb altres departaments situen, a el de Requena en el grup dels que m\u00e9s afecci\u00f3 de la pand\u00e8mia ha tingut a la Comunitat.<\/p>\n\n\n\n<p>El Departament de Requena cobreix la demanda sanit\u00e0ria de 51.489 persones procedents dels 18 municipis adscrits de les comarques de Requena-Utiel i de la Vall d&#8217;Aiora-Cofrents, a m\u00e9s d&#8217;altres municipis lim\u00edtrofs de la Foia de Bunyol-Xiva com \u00e9s Setaig\u00fces o de els Serrans, com s\u00f3n Benaixeve i Xera.<\/p>\n","protected":false},"excerpt":{"rendered":"<div class=\"mh-excerpt\">El Departament de Salut de Requena ha registrat aquest dissabte un augment en 10 casos de contagis per coronavirus segons les dades facilitades per la Generalitat Valenciana (corresponents als facilitades pels centres sanitaris un dia <a class=\"mh-excerpt-more\" href=\"https:\/\/www.tucomarca.com\/wordpress\/segunda\/ca\/el-departament-de-salut-de-requena-augmenta-en-10-casos-i-4-morts-i-se-situa-en-els-380-positius-i-els-49-morts-per-coronavirus\/\" title=\"El Departament de Salut de Requena augmenta en 10 casos i 4 morts i se situa en els 380 positius i els 49 morts per coronavirus\">[+] <\/a><\/div>\n","protected":false},"author":1,"featured_media":103939,"comment_status":"open","ping_status":"open","sticky":false,"template":"","format":"standard","meta":{"footnotes":""},"categories":[10954,10951,11041,11030,11031,11010,11032,11054,10955,10953,11046,10898,11055,10948,10956,10957,10894,10904,10912,11056,10903,10947,10908,10909,11057,10896,10979,11058,10897,10958,11059,11060,11061,11037,10959],"tags":[11937,11939,11938,11940,11951,11952,10387,10910],"class_list":{"0":"post-103942","1":"post","2":"type-post","3":"status-publish","4":"format-standard","5":"has-post-thumbnail","7":"category-ayora-ca","8":"category-ayora-cofrentes-ca","9":"category-benageber-ca","10":"category-campo-arcis-ca","11":"category-camporrobles-ca","12":"category-canal-salud","13":"category-caudete-ca","14":"category-chera-ca","15":"category-cofrentes-ca","16":"category-cortes-de-pallas-ca","17":"category-los-serranos-ca","18":"category-ventana-ca","19":"category-fuenterrobles-ca","20":"category-infraestructuras-ca","21":"category-jalance-ca","22":"category-jarafuel-ca","23":"category-la-comarca-ca","24":"category-sin-categorizar-ca","25":"category-la-hoya-ca","26":"category-las-cuevas-ca","27":"category-medio-ambiente-la-comarca-ca","28":"category-politica","29":"category-requena-ca","30":"category-requena-utiel-ca","31":"category-san-antonio-ca","32":"category-seccion-ca","33":"category-siete-aguas-ca","34":"category-sinarcas-ca","35":"category-sucesos-la-comarca-ca","36":"category-teresa-de-cofrentes-ca","37":"category-utiel-ca","38":"category-venta-del-moro-ca","39":"category-villargordo-del-cabriel-ca","40":"category-chera-los-serranos-ca","41":"category-zarra-ca","42":"tag-coronavirus","43":"tag-coronavirus-ca","44":"tag-covid-19","45":"tag-covid-19-ca","46":"tag-covid2019","47":"tag-covid2019-ca","48":"tag-requena-utiel","49":"tag-requena-utiel-ca"},"_links":{"self":[{"href":"https:\/\/www.tucomarca.com\/wordpress\/segunda\/ca\/wp-json\/wp\/v2\/posts\/103942","targetHints":{"allow":["GET"]}}],"collection":[{"href":"https:\/\/www.tucomarca.com\/wordpress\/segunda\/ca\/wp-json\/wp\/v2\/posts"}],"about":[{"href":"https:\/\/www.tucomarca.com\/wordpress\/segunda\/ca\/wp-json\/wp\/v2\/types\/post"}],"author":[{"embeddable":true,"href":"https:\/\/www.tucomarca.com\/wordpress\/segunda\/ca\/wp-json\/wp\/v2\/users\/1"}],"replies":[{"embeddable":true,"href":"https:\/\/www.tucomarca.com\/wordpress\/segunda\/ca\/wp-json\/wp\/v2\/comments?post=103942"}],"version-history":[{"count":0,"href":"https:\/\/www.tucomarca.com\/wordpress\/segunda\/ca\/wp-json\/wp\/v2\/posts\/103942\/revisions"}],"wp:featuredmedia":[{"embeddable":true,"href":"https:\/\/www.tucomarca.com\/wordpress\/segunda\/ca\/wp-json\/wp\/v2\/media\/103939"}],"wp:attachment":[{"href":"https:\/\/www.tucomarca.com\/wordpress\/segunda\/ca\/wp-json\/wp\/v2\/media?parent=103942"}],"wp:term":[{"taxonomy":"category","embeddable":true,"href":"https:\/\/www.tucomarca.com\/wordpress\/segunda\/ca\/wp-json\/wp\/v2\/categories?post=103942"},{"taxonomy":"post_tag","embeddable":true,"href":"https:\/\/www.tucomarca.com\/wordpress\/segunda\/ca\/wp-json\/wp\/v2\/tags?post=103942"}],"curies":[{"name":"wp","href":"https:\/\/api.w.org\/{rel}","templated":true}]}}