{"id":104204,"date":"2020-04-22T12:12:33","date_gmt":"2020-04-22T10:12:33","guid":{"rendered":"http:\/\/www.tucomarca.com\/wordpress\/segunda\/?p=104204"},"modified":"2020-04-22T12:12:36","modified_gmt":"2020-04-22T10:12:36","slug":"lajuntament-de-bunyol-prepara-ja-el-75-1-aniversari-de-la-tomatina-despres-de-lanunci-de-la-seua-cancellacio-pel-coronavirus","status":"publish","type":"post","link":"https:\/\/www.tucomarca.com\/wordpress\/segunda\/ca\/lajuntament-de-bunyol-prepara-ja-el-75-1-aniversari-de-la-tomatina-despres-de-lanunci-de-la-seua-cancellacio-pel-coronavirus\/","title":{"rendered":"L&#8217;Ajuntament de Bunyol prepara ja el 75 + 1 aniversari de La Tomatina despr\u00e9s de l&#8217;anunci de la seua cancel\u00b7laci\u00f3 pel coronavirus"},"content":{"rendered":"\n<p>&#8220;L&#8217;Ajuntament de Bunyol, en un exercici de responsabilitat per la situaci\u00f3 que est\u00e0 esdevenint a conseq\u00fc\u00e8ncia de la pand\u00e8mia de Covid-19 ha decidit cancel\u00b7lar la celebraci\u00f3 de la Tomatina, un fet que no succe\u00efa des de 1957. En aquell moment va ser per temes pol\u00edtics , en l&#8217;actualitat per preservar la salut de tots &#8220;, tal com han fet constar fonts de l&#8217;consistori bu\u00f1olense aquest dimecres, des d&#8217;on han confirmat la not\u00edcia que ja va avan\u00e7ar ahir <strong>tucomarca.com<\/strong>.<\/p>\n\n\n\n<p>No obstant aix\u00f2, l&#8217;Ajuntament m\u00e9s ha pres la decisi\u00f3 de traslladar la celebraci\u00f3 de l&#8217;75 aniversari a la Tomatina de 2021 &#8220;de manera que siga el 75 + 1, ja que una efem\u00e8ride tan destacada ha de celebrar-com requereix una fita d&#8217;aquesta import\u00e0ncia i no veure entelat per una situaci\u00f3 negativa&#8221;, segons les mateixes fonts.<\/p>\n\n\n\n<p>&#8220;El estendre el 75 aniversari a 2021 no suposa un ajornament sin\u00f3 una ampliaci\u00f3, oferint d&#8217;aquesta manera m\u00e9s continguts i m\u00e9s fites que s&#8217;engrandeixin encara m\u00e9s la festa de la Tomatina&#8221;, ha puntualitzat la Tinent d&#8217;Alcalde i responsable de de la regidoria de Tomatina i Turisme, Maria Vall\u00e8s.<br> \u00a0<br>L&#8217;alcaldessa de Bunyol, Juncal Carrascosa, por su parte ha explicat &#8220;que no se li escapa a ning\u00fa el dif\u00edcil que resultaria organitzar la nostra festa m\u00e9s internacional en aquestes condicions on no es podria garantir les condicions \u00f2ptimes de control sanitari per als participants&#8221;.<\/p>\n\n\n\n<p>Juncal Carrascosa ha explicat que la intenci\u00f3 de la responsable de la gesti\u00f3 d&#8217;aquesta festa, la Tinent d&#8217;Alcalde, Maria Vall\u00e8s, &#8220;va plantejar a el govern local aquesta possibilitat, trobant unanimitat en el govern. No obstant aix\u00f2, aquesta decisi\u00f3 estava supeditada a comunicar-ho a la resta de portaveus en la reuni\u00f3 que se celebrava hui a les 12,00 hores i en un posterior acord en institucional en el ple de dilluns que ve 27 d&#8217;abril. Encara que, a causa de les filtracions que s&#8217;han produ\u00eft, s&#8217;han vist obligats a comunicar-ho de forma oficial anticipadament impossibilitant que aquesta decisi\u00f3 s&#8217;articul\u00e9s de la manera ordenada, coherent, amb la import\u00e0ncia i repercussi\u00f3 que Tomatina es mereix&#8221;.<br> \u00a0<br>Per la seua banda, la regidora de la Tomatina, Maria Vall\u00e8s, ha explicat que s&#8217;est\u00e0 &#8220;treballant en diferents iniciatives perqu\u00e8 aquesta festa internacional continu\u00ef vigent i d&#8217;actualitat malgrat l&#8217;an\u00f2mala situaci\u00f3 en qu\u00e8 es veuen immersa la societat i per aix\u00f2, des del consistori s&#8217;est\u00e0 treballant en una l\u00ednia de comunicaci\u00f3 per seguir mostrant una imatge positiva, cohesionada i esperan\u00e7adora tant de la Tomatina com de la gesti\u00f3 de la pand\u00e8mia que est\u00e0 realitzant l&#8217;Ajuntament de Bu\u00f1ol&#8221;.<br> \u00a0<br> &#8220;De la mateixa manera, s&#8217;est\u00e0 treballant perqu\u00e8 La Tomatina 2021 se celebre amb total normalitat, perqu\u00e8 tenim en tot moment de mirar cap al futur, amb la certesa que tot aix\u00f2 passar\u00e0. Ens ha tocat viure una situaci\u00f3 complexa que no s&#8217;havia produ\u00eft fins al moment i li estem fent front, amb l&#8217;esperit que porta impl\u00edcita la pr\u00f2pia Tomatina, batallant de manera pac\u00edfica per v\u00e8ncer el virus&#8221;.<br> \u00a0<br>Des de l&#8217;Ajuntament volen fer una crida a la &#8220;tranquil\u00b7litat ja que aquesta cancel\u00b7laci\u00f3 suposa una manera de preservar la integritat de la imatge d&#8217;aquesta festa forta, \u00fanica, intercultural, aglutinadora i fraternal, amb l&#8217;objectiu de garantir en el futur aquesta festa acord amb les directrius que s&#8217;han establert durant l&#8217;\u00faltima d\u00e8cada, sin\u00f3 a m\u00e9s la integritat d&#8217;una festa \u00fanica a tot el m\u00f3n&#8221;.<br> \u00a0<br>L&#8217;alcaldessa, Juncal Carrascosa, ha concl\u00f2s dient que &#8220;la nostra festa m\u00e9s internacional, La Tomatina, mereix que tots els partits actuem junts pensant en el b\u00e9 com\u00fa, en l&#8217;atractiu tur\u00edstic que implica, en la seguretat i en preservar la integritat de la festa , i no per treure r\u00e8dit pol\u00edtic &#8220;i ha fet una crida a la responsabilitat perqu\u00e8&#8221; totes les decisions que s&#8217;han pres durant aquesta crisi de l&#8217;Covid-19 s&#8217;han fet pensant sempre en el b\u00e9 com\u00fa i amb la seguretat que recobrarem la normalitat i la Tomatina tornar\u00e0 a tenyir de vermell els carrers de Bunyol&#8221;.<\/p>\n","protected":false},"excerpt":{"rendered":"<div class=\"mh-excerpt\">&#8220;L&#8217;Ajuntament de Bunyol, en un exercici de responsabilitat per la situaci\u00f3 que est\u00e0 esdevenint a conseq\u00fc\u00e8ncia de la pand\u00e8mia de Covid-19 ha decidit cancel\u00b7lar la celebraci\u00f3 de la Tomatina, un fet que no succe\u00efa des <a class=\"mh-excerpt-more\" href=\"https:\/\/www.tucomarca.com\/wordpress\/segunda\/ca\/lajuntament-de-bunyol-prepara-ja-el-75-1-aniversari-de-la-tomatina-despres-de-lanunci-de-la-seua-cancellacio-pel-coronavirus\/\" title=\"L&#8217;Ajuntament de Bunyol prepara ja el 75 + 1 aniversari de La Tomatina despr\u00e9s de l&#8217;anunci de la seua cancel\u00b7laci\u00f3 pel coronavirus\">[+] <\/a><\/div>\n","protected":false},"author":1,"featured_media":104200,"comment_status":"open","ping_status":"open","sticky":false,"template":"","format":"standard","meta":{"footnotes":""},"categories":[10911,11010,10898,10948,10894,10912,11004,10903,11007,11008,10947,10896,10897],"tags":[11937,11939,11938,11940,11951,11952,10914,11185],"class_list":{"0":"post-104204","1":"post","2":"type-post","3":"status-publish","4":"format-standard","5":"has-post-thumbnail","7":"category-bunol-ca","8":"category-canal-salud","9":"category-ventana-ca","10":"category-infraestructuras-ca","11":"category-la-comarca-ca","12":"category-la-hoya-ca","13":"category-la-semana-en-imagenes-ca","14":"category-medio-ambiente-la-comarca-ca","15":"category-ocio-y-cultura-ca","16":"category-pueblos-en-fiestas-ca","17":"category-politica","18":"category-seccion-ca","19":"category-sucesos-la-comarca-ca","20":"tag-coronavirus","21":"tag-coronavirus-ca","22":"tag-covid-19","23":"tag-covid-19-ca","24":"tag-covid2019","25":"tag-covid2019-ca","26":"tag-la-hoya-de-bunol-chiva-ca","27":"tag-tomatina-ca"},"_links":{"self":[{"href":"https:\/\/www.tucomarca.com\/wordpress\/segunda\/ca\/wp-json\/wp\/v2\/posts\/104204","targetHints":{"allow":["GET"]}}],"collection":[{"href":"https:\/\/www.tucomarca.com\/wordpress\/segunda\/ca\/wp-json\/wp\/v2\/posts"}],"about":[{"href":"https:\/\/www.tucomarca.com\/wordpress\/segunda\/ca\/wp-json\/wp\/v2\/types\/post"}],"author":[{"embeddable":true,"href":"https:\/\/www.tucomarca.com\/wordpress\/segunda\/ca\/wp-json\/wp\/v2\/users\/1"}],"replies":[{"embeddable":true,"href":"https:\/\/www.tucomarca.com\/wordpress\/segunda\/ca\/wp-json\/wp\/v2\/comments?post=104204"}],"version-history":[{"count":0,"href":"https:\/\/www.tucomarca.com\/wordpress\/segunda\/ca\/wp-json\/wp\/v2\/posts\/104204\/revisions"}],"wp:featuredmedia":[{"embeddable":true,"href":"https:\/\/www.tucomarca.com\/wordpress\/segunda\/ca\/wp-json\/wp\/v2\/media\/104200"}],"wp:attachment":[{"href":"https:\/\/www.tucomarca.com\/wordpress\/segunda\/ca\/wp-json\/wp\/v2\/media?parent=104204"}],"wp:term":[{"taxonomy":"category","embeddable":true,"href":"https:\/\/www.tucomarca.com\/wordpress\/segunda\/ca\/wp-json\/wp\/v2\/categories?post=104204"},{"taxonomy":"post_tag","embeddable":true,"href":"https:\/\/www.tucomarca.com\/wordpress\/segunda\/ca\/wp-json\/wp\/v2\/tags?post=104204"}],"curies":[{"name":"wp","href":"https:\/\/api.w.org\/{rel}","templated":true}]}}