{"id":104225,"date":"2020-04-22T19:59:01","date_gmt":"2020-04-22T17:59:01","guid":{"rendered":"http:\/\/www.tucomarca.com\/wordpress\/segunda\/?p=104225"},"modified":"2020-04-22T19:59:04","modified_gmt":"2020-04-22T17:59:04","slug":"lajuntament-dutiel-repartix-mascares-en-comercos-oberts-al-public","status":"publish","type":"post","link":"https:\/\/www.tucomarca.com\/wordpress\/segunda\/ca\/lajuntament-dutiel-repartix-mascares-en-comercos-oberts-al-public\/","title":{"rendered":"L&#8217;Ajuntament d&#8217;Utiel repartix m\u00e0scares en comer\u00e7os oberts al p\u00fablic"},"content":{"rendered":"\n<p><strong>La setmana passada s&#8217;iniciava la distribuci\u00f3 de m\u00e0scares a la ciutadania en les zones pr\u00f2ximes a establiments d&#8217;alimentaci\u00f3, higiene i neteja<\/strong><\/p>\n\n\n\n<p>Hui s&#8217;ha iniciat el repartiment de m\u00e0scares en els diferents establiments del municipi oberts a el p\u00fablic amb atenci\u00f3 directa a la poblaci\u00f3.<\/p>\n\n\n\n<p>L&#8217;Ajuntament d&#8217;Utiel est\u00e0 distribuint mascaretes als treballadors de comer\u00e7os d&#8217;alimentaci\u00f3, higiene, neteja i serveis b\u00e0sics inclosos en el llistat d&#8217;establiments que tenen permesa l&#8217;obertura durant l&#8217;estat d&#8217;alarma.<\/p>\n\n\n\n<p>La setmana passada ja va comen\u00e7ar el repartiment de m\u00e0scares higi\u00e8niques a la ciutadania en les zones pr\u00f2ximes a locals amb venda directa de productes de primera necessitat. D&#8217;aquesta manera, es facilita l&#8217;acc\u00e9s a aquest material de protecci\u00f3 a la poblaci\u00f3 quan es dirigeix \u200b\u200ba realitzar alguna de les activitats permeses durant aquest per\u00edode de restriccions en la circulaci\u00f3.<\/p>\n\n\n\n<p><strong>Mascaretes en farm\u00e0cies per a majors de 65 anys i col\u00b7lectius de risc<\/strong><\/p>\n\n\n\n<p>Des del passat dilluns, les farm\u00e0cies d&#8217;Utiel tenen a disposici\u00f3 de les persones majors de 65 anys i col\u00b7lectius vulnerables de risc mascaretes higi\u00e8niques totalment gratu\u00eftes.<\/p>\n\n\n\n<p>La Generalitat Valenciana va arribar a un acord amb els col\u00b7legis farmac\u00e8utics de la Comunitat Valenciana per a la distribuci\u00f3 gratu\u00efta de mascaretes higi\u00e8niques a les oficines de farm\u00e0cia a aquests col\u00b7lectius, que rebran 3 unitats per beneficiari mitjan\u00e7ant la identificaci\u00f3 de la targeta SIP.<\/p>\n\n\n\n<p>D&#8217;acord a la Resoluci\u00f3 de 15 d&#8217;abril de la Conselleria de Sanitat, la destinaci\u00f3 d&#8217;aquesta mesura s\u00f3n les persones amb m\u00e9s risc de presentar complicacions en cas de contraure la Covid-19. El criteri d&#8217;identificaci\u00f3 d&#8217;aquesta poblaci\u00f3 s&#8217;ha centrat en l&#8217;edat i en les condicions cr\u00f2niques que pateixen, basant-se en la classificaci\u00f3 segons els Clinical Risk Groups (CRG).<\/p>\n\n\n\n<p>D&#8217;aquesta manera, s&#8217;ha considerat necessari proveir de m\u00e0scares higi\u00e8niques a la totalitat de persones d&#8217;edat superior a 65 anys i als ciutadans menors de 65 anys amb malaltia significativa cr\u00f2nica en m\u00faltiples sistemes org\u00e0nics; amb malaltia dominant cr\u00f2nica en tres o m\u00e9s sistemes org\u00e0nics; persones amb neopl\u00e0sies dominants, metast\u00e0siques i complicades o amb necessitats sanit\u00e0ries elevades segons detalla la resoluci\u00f3 publicada en el DOGV el passat 16 d&#8217;abril.<\/p>\n\n\n\n<p><strong>Solidaritat ciutadana i responsabilitat social<\/strong><\/p>\n\n\n\n<p>El consistori utielano agraeix a la poblaci\u00f3 el seu esfor\u00e7 i col\u00b7laboraci\u00f3 per evitar la propagaci\u00f3 de virus i recorda que les compres s&#8217;han de fer de forma eficient per reduir les sortides al carrer i seguir les mesures de seguretat establertes com l&#8217;\u00fas de guants, la desinfecci\u00f3 amb gels i el manteniment de la dist\u00e0ncia m\u00ednima de seguretat.<\/p>\n\n\n\n<p>De la mateixa manera, l&#8217;Ajuntament d&#8217;Utiel apel\u00b7la una vegada m\u00e9s a la responsabilitat social per aplicar amb rigor les restriccions establertes durant l&#8217;estat d&#8217;alarma i anima a la poblaci\u00f3 a seguir mantenint les mesures de l&#8217;confinament per evitar entre tots la propagaci\u00f3 del coronavirus.<\/p>\n\n\n\n<p>L&#8217;Ajuntament d&#8217;Utiel vol expressar l&#8217;agra\u00efment especial a totes les empreses, entitats, associacions i ciutadans que estan aportant el seu granet d&#8217;arena i mostrant la seua solidaritat amb donacions de diferent \u00edndole.<\/p>\n","protected":false},"excerpt":{"rendered":"<div class=\"mh-excerpt\">La setmana passada s&#8217;iniciava la distribuci\u00f3 de m\u00e0scares a la ciutadania en les zones pr\u00f2ximes a establiments d&#8217;alimentaci\u00f3, higiene i neteja Hui s&#8217;ha iniciat el repartiment de m\u00e0scares en els diferents establiments del municipi oberts <a class=\"mh-excerpt-more\" href=\"https:\/\/www.tucomarca.com\/wordpress\/segunda\/ca\/lajuntament-dutiel-repartix-mascares-en-comercos-oberts-al-public\/\" title=\"L&#8217;Ajuntament d&#8217;Utiel repartix m\u00e0scares en comer\u00e7os oberts al p\u00fablic\">[+] <\/a><\/div>\n","protected":false},"author":12,"featured_media":104224,"comment_status":"open","ping_status":"open","sticky":false,"template":"","format":"standard","meta":{"footnotes":""},"categories":[11010,10948,10894,10903,10947,10909,10896,10897,11059],"tags":[10574,2907,11937,11938],"class_list":{"0":"post-104225","1":"post","2":"type-post","3":"status-publish","4":"format-standard","5":"has-post-thumbnail","7":"category-canal-salud","8":"category-infraestructuras-ca","9":"category-la-comarca-ca","10":"category-medio-ambiente-la-comarca-ca","11":"category-politica","12":"category-requena-utiel-ca","13":"category-seccion-ca","14":"category-sucesos-la-comarca-ca","15":"category-utiel-ca","16":"tag-ayuntamiento-de-utiel","17":"tag-comarca-requena-utiel","18":"tag-coronavirus","19":"tag-covid-19"},"_links":{"self":[{"href":"https:\/\/www.tucomarca.com\/wordpress\/segunda\/ca\/wp-json\/wp\/v2\/posts\/104225","targetHints":{"allow":["GET"]}}],"collection":[{"href":"https:\/\/www.tucomarca.com\/wordpress\/segunda\/ca\/wp-json\/wp\/v2\/posts"}],"about":[{"href":"https:\/\/www.tucomarca.com\/wordpress\/segunda\/ca\/wp-json\/wp\/v2\/types\/post"}],"author":[{"embeddable":true,"href":"https:\/\/www.tucomarca.com\/wordpress\/segunda\/ca\/wp-json\/wp\/v2\/users\/12"}],"replies":[{"embeddable":true,"href":"https:\/\/www.tucomarca.com\/wordpress\/segunda\/ca\/wp-json\/wp\/v2\/comments?post=104225"}],"version-history":[{"count":0,"href":"https:\/\/www.tucomarca.com\/wordpress\/segunda\/ca\/wp-json\/wp\/v2\/posts\/104225\/revisions"}],"wp:featuredmedia":[{"embeddable":true,"href":"https:\/\/www.tucomarca.com\/wordpress\/segunda\/ca\/wp-json\/wp\/v2\/media\/104224"}],"wp:attachment":[{"href":"https:\/\/www.tucomarca.com\/wordpress\/segunda\/ca\/wp-json\/wp\/v2\/media?parent=104225"}],"wp:term":[{"taxonomy":"category","embeddable":true,"href":"https:\/\/www.tucomarca.com\/wordpress\/segunda\/ca\/wp-json\/wp\/v2\/categories?post=104225"},{"taxonomy":"post_tag","embeddable":true,"href":"https:\/\/www.tucomarca.com\/wordpress\/segunda\/ca\/wp-json\/wp\/v2\/tags?post=104225"}],"curies":[{"name":"wp","href":"https:\/\/api.w.org\/{rel}","templated":true}]}}