{"id":104234,"date":"2020-04-22T19:57:13","date_gmt":"2020-04-22T17:57:13","guid":{"rendered":"http:\/\/www.tucomarca.com\/wordpress\/segunda\/?p=104234"},"modified":"2020-04-22T19:57:14","modified_gmt":"2020-04-22T17:57:14","slug":"leliana-impulsa-habilita-la-inscripcio-en-el-registre-de-professionals-i-empreses-locals-per-a-projectes-dobra-publica","status":"publish","type":"post","link":"https:\/\/www.tucomarca.com\/wordpress\/segunda\/ca\/leliana-impulsa-habilita-la-inscripcio-en-el-registre-de-professionals-i-empreses-locals-per-a-projectes-dobra-publica\/","title":{"rendered":"&#8216;L&#8217;Eliana Impulsa&#8217; habilita la inscripci\u00f3 en el registre de professionals i empreses locals per a projectes d&#8217;obra p\u00fablica"},"content":{"rendered":"\n<p><strong>El pla per a la reactivaci\u00f3 de l&#8217;economia local posa en marxa la creaci\u00f3 d&#8217;una borsa per a la redacci\u00f3 de projectes i execuci\u00f3 d&#8217;obres<\/strong><\/p>\n\n\n\n<p>\u2018L&#8217;Eliana Impulsa\u2019, el pla per a la reactivaci\u00f3 de l&#8217;economia local posat en marxa per l&#8217;Ajuntament amb quatre grans l\u00ednies d&#8217;actuaci\u00f3 per a mitigar els efectes de la pand\u00e8mia provocada pel COVID-19 continua avan\u00e7ant passos. Des d&#8217;aquest dimecres el registre de professionals, aut\u00f2noms i empreses locals per a la redacci\u00f3 de projectes i execuci\u00f3 d&#8217;obres p\u00fabliques est\u00e0 habilitat a trav\u00e9s de la web <em>www.lelianaparticipa.es<\/em>.<\/p>\n\n\n\n<p>Aquesta actuaci\u00f3 mobilitzar\u00e0 la major quantitat econ\u00f2mica dins del pla municipal amb un total de 450.000 euros i t\u00e9 com a objectiu l&#8217;adjudicaci\u00f3 dels contractes d&#8217;obra menors al sector local conforme l&#8217;ajuntament vaja desenvolupant projectes p\u00fablics.<\/p>\n\n\n\n<p>Els professionals, aut\u00f2noms i empreses locals de l&#8217;Eliana podran sol\u00b7licitar la seua inclusi\u00f3 en la borsa p\u00fablica fins al pr\u00f2xim 6 de maig per a la categoria t\u00e8cnica, redacci\u00f3 de projectes i titulacions, o b\u00e9 per a l&#8217;\u00e0rea d&#8217;obres i equipaments, execuci\u00f3 d&#8217;obres i subministraments i especialitats. Per a qualsevol dubte o sol\u00b7licitud d&#8217;informaci\u00f3 poden dirigir-se a l&#8217;ADL a trav\u00e9s del tel\u00e8fon 96 275 80 30, extensions #180 i #341.<\/p>\n\n\n\n<p>L&#8217;alcalde, Salva Torrent, ha recordat que \u2018L&#8217;Eliana Impulsa\u2019 est\u00e0 dotat amb m\u00e9s de 1,2 milions d&#8217;euros de recursos propis per a fer costat a comerciants, aut\u00f2noms i empreses locals i ha anunciat que despr\u00e9s del pr\u00f2xim Ple Extraordinari del dimarts 28 d&#8217;abril <em>\u201ces coneixeran m\u00e9s detalls de la resta d&#8217;ajudes per a sufragar part de la despesa corrent, els bons de consum per a gastar en el xicotet comer\u00e7 i la devoluci\u00f3 de la part proporcional de la taxa per ocupaci\u00f3 de la via p\u00fablica per a bars i restaurants\u201d<\/em>.<\/p>\n","protected":false},"excerpt":{"rendered":"<div class=\"mh-excerpt\">El pla per a la reactivaci\u00f3 de l&#8217;economia local posa en marxa la creaci\u00f3 d&#8217;una borsa per a la redacci\u00f3 de projectes i execuci\u00f3 d&#8217;obres \u2018L&#8217;Eliana Impulsa\u2019, el pla per a la reactivaci\u00f3 de l&#8217;economia <a class=\"mh-excerpt-more\" href=\"https:\/\/www.tucomarca.com\/wordpress\/segunda\/ca\/leliana-impulsa-habilita-la-inscripcio-en-el-registre-de-professionals-i-empreses-locals-per-a-projectes-dobra-publica\/\" title=\"&#8216;L&#8217;Eliana Impulsa&#8217; habilita la inscripci\u00f3 en el registre de professionals i empreses locals per a projectes d&#8217;obra p\u00fablica\">[+] <\/a><\/div>\n","protected":false},"author":12,"featured_media":104232,"comment_status":"open","ping_status":"open","sticky":false,"template":"","format":"standard","meta":{"footnotes":""},"categories":[10905,10892,11010,10948,10894,10893,10903,10947,10896,10897],"tags":[10535,4016,11937,11938],"class_list":{"0":"post-104234","1":"post","2":"type-post","3":"status-publish","4":"format-standard","5":"has-post-thumbnail","7":"category-agricultura-la-comarca-ca","8":"category-camp-de-turia-ca","9":"category-canal-salud","10":"category-infraestructuras-ca","11":"category-la-comarca-ca","12":"category-leliana-ca","13":"category-medio-ambiente-la-comarca-ca","14":"category-politica","15":"category-seccion-ca","16":"category-sucesos-la-comarca-ca","17":"tag-ajuntament-de-leliana","18":"tag-comarca-camp-de-turia","19":"tag-coronavirus","20":"tag-covid-19"},"_links":{"self":[{"href":"https:\/\/www.tucomarca.com\/wordpress\/segunda\/ca\/wp-json\/wp\/v2\/posts\/104234","targetHints":{"allow":["GET"]}}],"collection":[{"href":"https:\/\/www.tucomarca.com\/wordpress\/segunda\/ca\/wp-json\/wp\/v2\/posts"}],"about":[{"href":"https:\/\/www.tucomarca.com\/wordpress\/segunda\/ca\/wp-json\/wp\/v2\/types\/post"}],"author":[{"embeddable":true,"href":"https:\/\/www.tucomarca.com\/wordpress\/segunda\/ca\/wp-json\/wp\/v2\/users\/12"}],"replies":[{"embeddable":true,"href":"https:\/\/www.tucomarca.com\/wordpress\/segunda\/ca\/wp-json\/wp\/v2\/comments?post=104234"}],"version-history":[{"count":0,"href":"https:\/\/www.tucomarca.com\/wordpress\/segunda\/ca\/wp-json\/wp\/v2\/posts\/104234\/revisions"}],"wp:featuredmedia":[{"embeddable":true,"href":"https:\/\/www.tucomarca.com\/wordpress\/segunda\/ca\/wp-json\/wp\/v2\/media\/104232"}],"wp:attachment":[{"href":"https:\/\/www.tucomarca.com\/wordpress\/segunda\/ca\/wp-json\/wp\/v2\/media?parent=104234"}],"wp:term":[{"taxonomy":"category","embeddable":true,"href":"https:\/\/www.tucomarca.com\/wordpress\/segunda\/ca\/wp-json\/wp\/v2\/categories?post=104234"},{"taxonomy":"post_tag","embeddable":true,"href":"https:\/\/www.tucomarca.com\/wordpress\/segunda\/ca\/wp-json\/wp\/v2\/tags?post=104234"}],"curies":[{"name":"wp","href":"https:\/\/api.w.org\/{rel}","templated":true}]}}