{"id":104301,"date":"2020-04-22T20:00:37","date_gmt":"2020-04-22T18:00:37","guid":{"rendered":"http:\/\/www.tucomarca.com\/wordpress\/segunda\/?p=104301"},"modified":"2020-04-23T02:25:50","modified_gmt":"2020-04-23T00:25:50","slug":"onze-nous-casos-i-tres-persones-mortes-amb-coronavirus-es-registren-aquest-dimarts-al-departament-de-salut-de-manises","status":"publish","type":"post","link":"https:\/\/www.tucomarca.com\/wordpress\/segunda\/ca\/onze-nous-casos-i-tres-persones-mortes-amb-coronavirus-es-registren-aquest-dimarts-al-departament-de-salut-de-manises\/","title":{"rendered":"Onze nous casos i tres persones mortes amb coronavirus es registren aquest dimarts al departament de Salut de Manises"},"content":{"rendered":"\n<p>La Conselleria de Sanitat Universal i Salut P\u00fablica de la Generalitat Valenciana ha actualitzat aquest dimecres les xifres de el Departament de Salut de Manises, a qu\u00e8 pertanyen la majoria dels pobles de la Foia de Bunyol-Xiva, on s&#8217;ha registrat un increment de 11 casos positius en coronavirus (ahir es va incrementar en 7 i abans d&#8217;ahir a 15) des dels 383 comptabilitzats el dilluns, i els 390 ahir dimarts; el que eleva la xifra de persones contagiades a data d&#8217;avui a les 401, mentre que a tota la Comunitat Valenciana la xifra de contagiats se situa en els 10.571, que s\u00f3n 172 persones m\u00e9s que ahir.<\/p>\n\n\n\n<p>Pel que fa a el nombre de morts, la xifra ha augmentat als 42, 3 persones m\u00e9s que dimarts; mentre que dilluns que va perdre la vida una persona a l&#8217;igual que diumenge i el dissabte; mentre que a la resta de la Comunitat Valenciana el nombre de morts ha crescut en 18 persones m\u00e9s situant-se en les 1.112.<\/p>\n\n\n\n<p>El Departament de Manises cobreix la demanda sanit\u00e0ria de 207.215 persones procedents dels 14 municipis adscrits i que s\u00f3n, a m\u00e9s de Manises, els d&#8217;Alborache, Bunyol, Macastre, Y\u00e0tova, Xest, Chiva, Quart de Poblet, Godelleta, Tur\u00eds, Loriguilla, Riba -roja, Aldaia i Mislata.<\/p>\n\n\n\n<p>En aquesta esmentada \u00e0rea geogr\u00e0fica, les dades de qu\u00e8 disposa la Generalitat Valenciana a data de el 22 de mar\u00e7 (que s\u00f3n els comptabilitzats fins a un dia abans) s\u00f3n d&#8217;un total de 401 positius, amb 42 morts, el que ofereix una taxa de positius de l&#8217;193,50 i una taxa de mortalitat de l&#8217;20,30. Unes dades que, segons la comparativa amb altres departaments, segueixen situant a el de Manises en el grup dels que estan lleugerament per sota de la mitjana pel que fa a afecci\u00f3 de la pand\u00e8mia.<\/p>\n","protected":false},"excerpt":{"rendered":"<div class=\"mh-excerpt\">La Conselleria de Sanitat Universal i Salut P\u00fablica de la Generalitat Valenciana ha actualitzat aquest dimecres les xifres de el Departament de Salut de Manises, a qu\u00e8 pertanyen la majoria dels pobles de la Foia <a class=\"mh-excerpt-more\" href=\"https:\/\/www.tucomarca.com\/wordpress\/segunda\/ca\/onze-nous-casos-i-tres-persones-mortes-amb-coronavirus-es-registren-aquest-dimarts-al-departament-de-salut-de-manises\/\" title=\"Onze nous casos i tres persones mortes amb coronavirus es registren aquest dimarts al departament de Salut de Manises\">[+] <\/a><\/div>\n","protected":false},"author":1,"featured_media":104299,"comment_status":"open","ping_status":"open","sticky":false,"template":"","format":"standard","meta":{"footnotes":""},"categories":[10973,10911,10892,11010,10898,10977,10980,10948,10894,10912,10902,10931,10978,10903,10947,10906,10896,10897,11047,10974,10975],"tags":[11937,11939,11938,11940,11951,11952,10567,11957],"class_list":{"0":"post-104301","1":"post","2":"type-post","3":"status-publish","4":"format-standard","5":"has-post-thumbnail","7":"category-alborache-ca","8":"category-bunol-ca","9":"category-camp-de-turia-ca","10":"category-canal-salud","11":"category-ventana-ca","12":"category-godelleta-ca","13":"category-yatova-ca","14":"category-infraestructuras-ca","15":"category-la-comarca-ca","16":"category-la-hoya-ca","17":"category-la-ribera-ca","18":"category-loriguilla-ca","19":"category-macastre-ca","20":"category-medio-ambiente-la-comarca-ca","21":"category-politica","22":"category-riba-roja-ca","23":"category-seccion-ca","24":"category-sucesos-la-comarca-ca","25":"category-turis-ca","26":"category-cheste-ca","27":"category-chiva-ca","28":"tag-coronavirus","29":"tag-coronavirus-ca","30":"tag-covid-19","31":"tag-covid-19-ca","32":"tag-covid2019","33":"tag-covid2019-ca","34":"tag-la-hoya-de-buno-chiva","35":"tag-la-hoya-de-buno-chiva-ca"},"_links":{"self":[{"href":"https:\/\/www.tucomarca.com\/wordpress\/segunda\/ca\/wp-json\/wp\/v2\/posts\/104301","targetHints":{"allow":["GET"]}}],"collection":[{"href":"https:\/\/www.tucomarca.com\/wordpress\/segunda\/ca\/wp-json\/wp\/v2\/posts"}],"about":[{"href":"https:\/\/www.tucomarca.com\/wordpress\/segunda\/ca\/wp-json\/wp\/v2\/types\/post"}],"author":[{"embeddable":true,"href":"https:\/\/www.tucomarca.com\/wordpress\/segunda\/ca\/wp-json\/wp\/v2\/users\/1"}],"replies":[{"embeddable":true,"href":"https:\/\/www.tucomarca.com\/wordpress\/segunda\/ca\/wp-json\/wp\/v2\/comments?post=104301"}],"version-history":[{"count":0,"href":"https:\/\/www.tucomarca.com\/wordpress\/segunda\/ca\/wp-json\/wp\/v2\/posts\/104301\/revisions"}],"wp:featuredmedia":[{"embeddable":true,"href":"https:\/\/www.tucomarca.com\/wordpress\/segunda\/ca\/wp-json\/wp\/v2\/media\/104299"}],"wp:attachment":[{"href":"https:\/\/www.tucomarca.com\/wordpress\/segunda\/ca\/wp-json\/wp\/v2\/media?parent=104301"}],"wp:term":[{"taxonomy":"category","embeddable":true,"href":"https:\/\/www.tucomarca.com\/wordpress\/segunda\/ca\/wp-json\/wp\/v2\/categories?post=104301"},{"taxonomy":"post_tag","embeddable":true,"href":"https:\/\/www.tucomarca.com\/wordpress\/segunda\/ca\/wp-json\/wp\/v2\/tags?post=104301"}],"curies":[{"name":"wp","href":"https:\/\/api.w.org\/{rel}","templated":true}]}}