{"id":104557,"date":"2020-04-26T13:24:51","date_gmt":"2020-04-26T11:24:51","guid":{"rendered":"http:\/\/www.tucomarca.com\/wordpress\/segunda\/?p=104557"},"modified":"2020-04-26T13:26:21","modified_gmt":"2020-04-26T11:26:21","slug":"lajuntament-de-leliana-impulsa-el-voluntariat-des-de-casa","status":"publish","type":"post","link":"https:\/\/www.tucomarca.com\/wordpress\/segunda\/ca\/lajuntament-de-leliana-impulsa-el-voluntariat-des-de-casa\/","title":{"rendered":"L&#8217;Ajuntament de l&#8217;Eliana impulsa el \u201cvoluntariat des de casa\u201d"},"content":{"rendered":"\n<p>El consistori municipal col\u00b7labora amb l&#8217;Associaci\u00f3 LelianaVOL en una nova iniciativa solid\u00e0ria perqu\u00e8 els ve\u00efns i ve\u00efnes de l&#8217;Eliana puguen continuar practicant el voluntariat des de les seues cases.&nbsp; Es tracta d&#8217;una acci\u00f3 participativa en la qual s&#8217;elaboren adorns nadalencs, peda\u00e7os de punt de ganxo per a confeccionar cobertors o atrapasomnis amb materials reciclats.&nbsp;&nbsp;<\/p>\n\n\n\n<p>Els objectes rebuts en alguna de les tres modalitats se subhastaran o rifar\u00e1n i la recaptaci\u00f3, tant econ\u00f2mica com material, ser\u00e0 donada a les entitats \u201cSOS Refugiats\u201d i \u201cVal\u00e8ncia \u00e9s refugi\u201d, per a ajudar a persones en situacions d&#8217;emerg\u00e8ncia.&nbsp;<\/p>\n\n\n\n<p>Per a m\u00e9s informaci\u00f3 sobre el disseny, materials i lloc de recollida es pot contactar per correu electr\u00f2nic&nbsp;<a href=\"mailto:lelianavol@gmail.com\">lelianavol@gmail.com<\/a><\/p>\n\n\n\n<p>El col\u00b7lectiu local, juntament amb la Regidoria municipal de Voluntariat i Cooperaci\u00f3, col\u00b7laboren regularment mitjan\u00e7ant les campanyes anuals de \u201cRefugianostrum\u201d, ajudant als milers de refugiats que viuen prec\u00e0riament en els campaments a Gr\u00e8cia o en tot el territori valenci\u00e0.<\/p>\n","protected":false},"excerpt":{"rendered":"<div class=\"mh-excerpt\">El consistori municipal col\u00b7labora amb l&#8217;Associaci\u00f3 LelianaVOL en una nova iniciativa solid\u00e0ria perqu\u00e8 els ve\u00efns i ve\u00efnes de l&#8217;Eliana puguen continuar practicant el voluntariat des de les seues cases.&nbsp; Es tracta d&#8217;una acci\u00f3 participativa en <a class=\"mh-excerpt-more\" href=\"https:\/\/www.tucomarca.com\/wordpress\/segunda\/ca\/lajuntament-de-leliana-impulsa-el-voluntariat-des-de-casa\/\" title=\"L&#8217;Ajuntament de l&#8217;Eliana impulsa el \u201cvoluntariat des de casa\u201d\">[+] <\/a><\/div>\n","protected":false},"author":1,"featured_media":104395,"comment_status":"open","ping_status":"open","sticky":false,"template":"","format":"standard","meta":{"footnotes":""},"categories":[10905,10892,11010,10948,10894,10893,10903,10947,10896,10897],"tags":[11937,11939,11955,11956,11951,11952],"class_list":{"0":"post-104557","1":"post","2":"type-post","3":"status-publish","4":"format-standard","5":"has-post-thumbnail","7":"category-agricultura-la-comarca-ca","8":"category-camp-de-turia-ca","9":"category-canal-salud","10":"category-infraestructuras-ca","11":"category-la-comarca-ca","12":"category-leliana-ca","13":"category-medio-ambiente-la-comarca-ca","14":"category-politica","15":"category-seccion-ca","16":"category-sucesos-la-comarca-ca","17":"tag-coronavirus","18":"tag-coronavirus-ca","19":"tag-covid19","20":"tag-covid19-ca","21":"tag-covid2019","22":"tag-covid2019-ca"},"_links":{"self":[{"href":"https:\/\/www.tucomarca.com\/wordpress\/segunda\/ca\/wp-json\/wp\/v2\/posts\/104557","targetHints":{"allow":["GET"]}}],"collection":[{"href":"https:\/\/www.tucomarca.com\/wordpress\/segunda\/ca\/wp-json\/wp\/v2\/posts"}],"about":[{"href":"https:\/\/www.tucomarca.com\/wordpress\/segunda\/ca\/wp-json\/wp\/v2\/types\/post"}],"author":[{"embeddable":true,"href":"https:\/\/www.tucomarca.com\/wordpress\/segunda\/ca\/wp-json\/wp\/v2\/users\/1"}],"replies":[{"embeddable":true,"href":"https:\/\/www.tucomarca.com\/wordpress\/segunda\/ca\/wp-json\/wp\/v2\/comments?post=104557"}],"version-history":[{"count":0,"href":"https:\/\/www.tucomarca.com\/wordpress\/segunda\/ca\/wp-json\/wp\/v2\/posts\/104557\/revisions"}],"wp:featuredmedia":[{"embeddable":true,"href":"https:\/\/www.tucomarca.com\/wordpress\/segunda\/ca\/wp-json\/wp\/v2\/media\/104395"}],"wp:attachment":[{"href":"https:\/\/www.tucomarca.com\/wordpress\/segunda\/ca\/wp-json\/wp\/v2\/media?parent=104557"}],"wp:term":[{"taxonomy":"category","embeddable":true,"href":"https:\/\/www.tucomarca.com\/wordpress\/segunda\/ca\/wp-json\/wp\/v2\/categories?post=104557"},{"taxonomy":"post_tag","embeddable":true,"href":"https:\/\/www.tucomarca.com\/wordpress\/segunda\/ca\/wp-json\/wp\/v2\/tags?post=104557"}],"curies":[{"name":"wp","href":"https:\/\/api.w.org\/{rel}","templated":true}]}}