{"id":104912,"date":"2020-04-28T20:59:39","date_gmt":"2020-04-28T18:59:39","guid":{"rendered":"http:\/\/www.tucomarca.com\/wordpress\/segunda\/?p=104912"},"modified":"2020-04-28T20:59:42","modified_gmt":"2020-04-28T18:59:42","slug":"els-municipis-del-camp-de-turia-rebran-32-milions-extra-de-la-diputacio-per-a-fer-front-a-la-pandemia","status":"publish","type":"post","link":"https:\/\/www.tucomarca.com\/wordpress\/segunda\/ca\/els-municipis-del-camp-de-turia-rebran-32-milions-extra-de-la-diputacio-per-a-fer-front-a-la-pandemia\/","title":{"rendered":"Els municipis del Camp de T\u00faria rebran 3,2 milions extra de la Diputaci\u00f3 per a fer front a la pand\u00e8mia"},"content":{"rendered":"\n<p>Els 16 municipis del Camp de T\u00faria rebran 3.236.513 euros de l&#8217;aportaci\u00f3 extraordin\u00e0ria de la Diputaci\u00f3 de Val\u00e8ncia al Fons de Cooperaci\u00f3 per a fer front a les conseq\u00fc\u00e8ncies de la pand\u00e8mia. Les ajudes que arribaran als consistoris de la comarca oscil\u00b7len entre els al voltant de 350.000 euros que corresponen a la Pobla de Vallbona, Ll\u00edria, B\u00e9tera i Riba-roja i els 51.909 euros de G\u00e1tova.&nbsp;<\/p>\n\n\n\n<p>La Diputaci\u00f3 de Val\u00e8ncia ha aprovat per unanimitat en el ple d&#8217;abril una injecci\u00f3 extraordin\u00e0ria de 40 milions d&#8217;euros als ajuntaments de la prov\u00edncia que completar\u00e0 els 20,6 milions ja ingressats als municipis a trav\u00e9s del Fons de Cooperaci\u00f3, el mecanisme en el qual la corporaci\u00f3 provincial participa al costat de la Generalitat per a refor\u00e7ar l&#8217;autonomia local i que, en el context actual, pret\u00e9n dotar als municipis de recursos econ\u00f2mics, a lliure disposici\u00f3, per a afrontar les conseq\u00fc\u00e8ncies de la crisi del COVID-19. D&#8217;altra banda, el ple tamb\u00e9 ha donat llum verda amb l&#8217;acord de tots els grups pol\u00edtics al Pla d&#8217;Inversions 2020-21, dotat amb 140 milions d&#8217;euros.<\/p>\n\n\n\n<p><strong>M\u00e9s de 60 milions d\u2019euros<\/strong><\/p>\n\n\n\n<p>Amb esta dotaci\u00f3 suplement\u00e0ria, la Diputaci\u00f3 aportar\u00e0 en total m\u00e9s de 60 milions d&#8217;euros als 266 ajuntaments i les 3 entitats locals menors de la prov\u00edncia a trav\u00e9s d&#8217;un programa que compta amb altres 20,6 milions de la Generalitat i que permet destinar els recursos a les necessitats de cada municipi, sense justificaci\u00f3 pr\u00e8via i evitant tr\u00e0mits administratius, la qual cosa millora la sufici\u00e8ncia financera dels consistoris per a fer front a la crisi causada per la pand\u00e8mia.<\/p>\n\n\n\n<p>En paraules del president de la Diputaci\u00f3 de Val\u00e8ncia, Toni Gaspar, \u201cesta partida extraordin\u00e0ria \u00e9s un pas m\u00e9s en el full de ruta que ens hem marcat en la instituci\u00f3 per a fer front a esta situaci\u00f3 complicada per a tots, i que se centra en fer arribar les ajudes de la forma m\u00e9s r\u00e0pida possible als ajuntaments, garantint la liquiditat de tots ells i especialment dels m\u00e9s xicotets perqu\u00e8 tots puguen fer front a la crisi\u201d. Gaspar afig que l&#8217;organisme provincial \u201ccentra tamb\u00e9 els seus esfor\u00e7os en l&#8217;escenari posterior a la fi de l&#8217;estat d&#8217;alarma\u201d, moment en qu\u00e8 la Diputaci\u00f3 reactivar\u00e0 el Pla d&#8217;Inversions 2020-21, amb 140 milions d&#8217;euros per a millorar infraestructures i serveis en els municipis.<\/p>\n\n\n\n<p>Quant al Fons de Cooperaci\u00f3 Municipal, \u201cel millor mecanisme per a ajudar als ajuntaments i agilitar els recursos que posem a la seua disposici\u00f3\u201d, la resoluci\u00f3 signada pel diputat d&#8217;Hisenda, Vicent Mascarell, i distribu\u00efda als grups pol\u00edtics abans de la seua ratificaci\u00f3 en el ple, contempla els 40 milions d&#8217;euros extraordinaris que es distribuiran mitjan\u00e7ant dues f\u00f3rmules diferents. La meitat d&#8217;esta quantitat ja va ser avan\u00e7ada a la fi del passat any pel president Gaspar i seguir\u00e0 els mateixos criteris de repartiment que utilitza el Consell. Els altres 20 milions, fruit d&#8217;una modificaci\u00f3 pressupost\u00e0ria per a ajudar els municipis a fer front a la pand\u00e8mia, contemplen una quantitat m\u00ednima per a cada localitat i una altra per trams de poblaci\u00f3, pensant en els municipis amb menys recursos. &nbsp; &nbsp;<\/p>\n","protected":false},"excerpt":{"rendered":"<div class=\"mh-excerpt\">Els 16 municipis del Camp de T\u00faria rebran 3.236.513 euros de l&#8217;aportaci\u00f3 extraordin\u00e0ria de la Diputaci\u00f3 de Val\u00e8ncia al Fons de Cooperaci\u00f3 per a fer front a les conseq\u00fc\u00e8ncies de la pand\u00e8mia. Les ajudes que <a class=\"mh-excerpt-more\" href=\"https:\/\/www.tucomarca.com\/wordpress\/segunda\/ca\/els-municipis-del-camp-de-turia-rebran-32-milions-extra-de-la-diputacio-per-a-fer-front-a-la-pandemia\/\" title=\"Els municipis del Camp de T\u00faria rebran 3,2 milions extra de la Diputaci\u00f3 per a fer front a la pand\u00e8mia\">[+] <\/a><\/div>\n","protected":false},"author":1,"featured_media":104910,"comment_status":"open","ping_status":"open","sticky":false,"template":"","format":"standard","meta":{"footnotes":""},"categories":[10905,10952,10938,10937,10892,11010,10930,10898,10929,10948,10894,10915,10928,10931,10893,10932,10903,10936,10935,10947,10906,10934,10896,10933,10897,10927],"tags":[10395,10899,11937,11939,11938,11940,11951,11952,3677,11246],"class_list":{"0":"post-104912","1":"post","2":"type-post","3":"status-publish","4":"format-standard","5":"has-post-thumbnail","7":"category-agricultura-la-comarca-ca","8":"category-benaguasil-ca","9":"category-benisano-ca","10":"category-betera-ca","11":"category-camp-de-turia-ca","12":"category-canal-salud","13":"category-casinos-ca","14":"category-ventana-ca","15":"category-gatova-ca","16":"category-infraestructuras-ca","17":"category-la-comarca-ca","18":"category-la-pobla-ca","19":"category-lliria-ca","20":"category-loriguilla-ca","21":"category-leliana-ca","22":"category-marines-ca","23":"category-medio-ambiente-la-comarca-ca","24":"category-naquera-ca","25":"category-olocau-ca","26":"category-politica","27":"category-riba-roja-ca","28":"category-san-antonio-de-benageber-ca","29":"category-seccion-ca","30":"category-serra-ca","31":"category-sucesos-la-comarca-ca","32":"category-vilamarxant-ca","33":"tag-camp-de-turia","34":"tag-camp-de-turia-ca","35":"tag-coronavirus","36":"tag-coronavirus-ca","37":"tag-covid-19","38":"tag-covid-19-ca","39":"tag-covid2019","40":"tag-covid2019-ca","41":"tag-diputacio-de-valencia","42":"tag-diputacio-de-valencia-ca"},"_links":{"self":[{"href":"https:\/\/www.tucomarca.com\/wordpress\/segunda\/ca\/wp-json\/wp\/v2\/posts\/104912","targetHints":{"allow":["GET"]}}],"collection":[{"href":"https:\/\/www.tucomarca.com\/wordpress\/segunda\/ca\/wp-json\/wp\/v2\/posts"}],"about":[{"href":"https:\/\/www.tucomarca.com\/wordpress\/segunda\/ca\/wp-json\/wp\/v2\/types\/post"}],"author":[{"embeddable":true,"href":"https:\/\/www.tucomarca.com\/wordpress\/segunda\/ca\/wp-json\/wp\/v2\/users\/1"}],"replies":[{"embeddable":true,"href":"https:\/\/www.tucomarca.com\/wordpress\/segunda\/ca\/wp-json\/wp\/v2\/comments?post=104912"}],"version-history":[{"count":0,"href":"https:\/\/www.tucomarca.com\/wordpress\/segunda\/ca\/wp-json\/wp\/v2\/posts\/104912\/revisions"}],"wp:featuredmedia":[{"embeddable":true,"href":"https:\/\/www.tucomarca.com\/wordpress\/segunda\/ca\/wp-json\/wp\/v2\/media\/104910"}],"wp:attachment":[{"href":"https:\/\/www.tucomarca.com\/wordpress\/segunda\/ca\/wp-json\/wp\/v2\/media?parent=104912"}],"wp:term":[{"taxonomy":"category","embeddable":true,"href":"https:\/\/www.tucomarca.com\/wordpress\/segunda\/ca\/wp-json\/wp\/v2\/categories?post=104912"},{"taxonomy":"post_tag","embeddable":true,"href":"https:\/\/www.tucomarca.com\/wordpress\/segunda\/ca\/wp-json\/wp\/v2\/tags?post=104912"}],"curies":[{"name":"wp","href":"https:\/\/api.w.org\/{rel}","templated":true}]}}