{"id":105036,"date":"2020-04-30T14:34:48","date_gmt":"2020-04-30T12:34:48","guid":{"rendered":"http:\/\/www.tucomarca.com\/wordpress\/segunda\/?p=105036"},"modified":"2020-04-30T14:35:17","modified_gmt":"2020-04-30T12:35:17","slug":"jovens-amb-discapacitat-intellectual-animen-pacients-i-professionals-del-departament-de-salut-de-manises","status":"publish","type":"post","link":"https:\/\/www.tucomarca.com\/wordpress\/segunda\/ca\/jovens-amb-discapacitat-intellectual-animen-pacients-i-professionals-del-departament-de-salut-de-manises\/","title":{"rendered":"J\u00f3vens amb discapacitat intel\u00b7lectual animen pacients i professionals del Departament de Salut de Manises"},"content":{"rendered":"\n<figure class=\"wp-block-image\"><img loading=\"lazy\" decoding=\"async\" width=\"787\" height=\"789\" src=\"http:\/\/www.tucomarca.com\/wordpress\/segunda\/wp-content\/uploads\/2020\/04\/manises_dibujos.jpg\" alt=\"\" class=\"wp-image-103433\" srcset=\"https:\/\/www.tucomarca.com\/wordpress\/segunda\/wp-content\/uploads\/2020\/04\/manises_dibujos.jpg 787w, https:\/\/www.tucomarca.com\/wordpress\/segunda\/wp-content\/uploads\/2020\/04\/manises_dibujos-290x290.jpg 290w, https:\/\/www.tucomarca.com\/wordpress\/segunda\/wp-content\/uploads\/2020\/04\/manises_dibujos-300x300.jpg 300w, https:\/\/www.tucomarca.com\/wordpress\/segunda\/wp-content\/uploads\/2020\/04\/manises_dibujos-768x770.jpg 768w\" sizes=\"auto, (max-width: 787px) 100vw, 787px\" \/><\/figure>\n\n\n\n<p>En estos dies s\u00f3n innumerables les mostres de suport i agra\u00efment a la labor dels professionals sanitaris i pacients que estan combatent contra el Covid-19. En el marc de la campanya Els teus \u00e0nims, la nostra medicina\u00a1 llan\u00e7ada pel Departament de Salut de Manises, els j\u00f3vens amb discapacitat intel\u00b7lectual de l&#8217;Associaci\u00f3 Tots Junts Podem han preparat un v\u00eddeo per a transmetre la seua solidaritat i \u00e0nims amb els pacients i personal del centre hospitalari.<\/p>\n\n\n\n<p>L&#8217;Associaci\u00f3 Tots Junts Podem \u00e9s una entitat impulsada per un grup de fam\u00edlies per a donar resposta a les demandes d&#8217;oci i amistat de j\u00f3vens amb discapacitat intel\u00b7lectual. Des de l&#8217;Associaci\u00f3 es treballa l&#8217;autonomia i autogesti\u00f3 dels j\u00f3vens, les relacions interpersonals i la participaci\u00f3 en la comunitat, o la promoci\u00f3 de les capacitats personals de cada persona.<\/p>\n\n\n\n<p>La situaci\u00f3 d&#8217;emerg\u00e8ncia provocada per l&#8217;Estat d&#8217;Alarma com a conseq\u00fc\u00e8ncia de la pand\u00e8mia del Covid-19 \u00e9s complicada per a grup d&#8217;especial debilitat o trastorns de neurodesarrollo com a xiquets amb TEA o discapacitat intel\u00b7lectual que veuen alterades les seues rutines. Per aix\u00f2, les especialistes de la Unitat de Neurorrehabilitaci\u00f3n Infantil de l&#8217;Hospital de Manises aconsellen davant de la incertesa i la p\u00e8rdua de rutines donar una estructura i anticipar-se a la situaci\u00f3 per a donar sentit als dies i desenrotllar habilitat i capacitat.<\/p>\n\n\n\n<p>El Departament de Salut de Manises ha llan\u00e7at la campanya Els teus \u00e0nims, la nostra medicina\u00a1 dirigida als menors perqu\u00e8 envien els seus missatges de suport als professionals sanitaris i pacients que estan lluitant per a fer front a la pand\u00e8mia del Covid-19. Les cartes o dibuixos s&#8217;enviaran a l&#8217;adre\u00e7a de correu electr\u00f2nic&nbsp;<a href=\"mailto:comunicacion@hospitalmanises.es\">comunicacion@hospitalmanises.es<\/a><\/p>\n","protected":false},"excerpt":{"rendered":"<div class=\"mh-excerpt\">En estos dies s\u00f3n innumerables les mostres de suport i agra\u00efment a la labor dels professionals sanitaris i pacients que estan combatent contra el Covid-19. En el marc de la campanya Els teus \u00e0nims, la <a class=\"mh-excerpt-more\" href=\"https:\/\/www.tucomarca.com\/wordpress\/segunda\/ca\/jovens-amb-discapacitat-intellectual-animen-pacients-i-professionals-del-departament-de-salut-de-manises\/\" title=\"J\u00f3vens amb discapacitat intel\u00b7lectual animen pacients i professionals del Departament de Salut de Manises\">[+] <\/a><\/div>\n","protected":false},"author":12,"featured_media":105101,"comment_status":"open","ping_status":"open","sticky":false,"template":"","format":"standard","meta":{"footnotes":""},"categories":[10973,10911,10892,11010,10898,10948,10894,10912,10902,10897,11047],"tags":[11939,11940,11092,10914],"class_list":{"0":"post-105036","1":"post","2":"type-post","3":"status-publish","4":"format-standard","5":"has-post-thumbnail","7":"category-alborache-ca","8":"category-bunol-ca","9":"category-camp-de-turia-ca","10":"category-canal-salud","11":"category-ventana-ca","12":"category-infraestructuras-ca","13":"category-la-comarca-ca","14":"category-la-hoya-ca","15":"category-la-ribera-ca","16":"category-sucesos-la-comarca-ca","17":"category-turis-ca","18":"tag-coronavirus-ca","19":"tag-covid-19-ca","20":"tag-hospital-de-manises-ca","21":"tag-la-hoya-de-bunol-chiva-ca"},"_links":{"self":[{"href":"https:\/\/www.tucomarca.com\/wordpress\/segunda\/ca\/wp-json\/wp\/v2\/posts\/105036","targetHints":{"allow":["GET"]}}],"collection":[{"href":"https:\/\/www.tucomarca.com\/wordpress\/segunda\/ca\/wp-json\/wp\/v2\/posts"}],"about":[{"href":"https:\/\/www.tucomarca.com\/wordpress\/segunda\/ca\/wp-json\/wp\/v2\/types\/post"}],"author":[{"embeddable":true,"href":"https:\/\/www.tucomarca.com\/wordpress\/segunda\/ca\/wp-json\/wp\/v2\/users\/12"}],"replies":[{"embeddable":true,"href":"https:\/\/www.tucomarca.com\/wordpress\/segunda\/ca\/wp-json\/wp\/v2\/comments?post=105036"}],"version-history":[{"count":0,"href":"https:\/\/www.tucomarca.com\/wordpress\/segunda\/ca\/wp-json\/wp\/v2\/posts\/105036\/revisions"}],"wp:featuredmedia":[{"embeddable":true,"href":"https:\/\/www.tucomarca.com\/wordpress\/segunda\/ca\/wp-json\/wp\/v2\/media\/105101"}],"wp:attachment":[{"href":"https:\/\/www.tucomarca.com\/wordpress\/segunda\/ca\/wp-json\/wp\/v2\/media?parent=105036"}],"wp:term":[{"taxonomy":"category","embeddable":true,"href":"https:\/\/www.tucomarca.com\/wordpress\/segunda\/ca\/wp-json\/wp\/v2\/categories?post=105036"},{"taxonomy":"post_tag","embeddable":true,"href":"https:\/\/www.tucomarca.com\/wordpress\/segunda\/ca\/wp-json\/wp\/v2\/tags?post=105036"}],"curies":[{"name":"wp","href":"https:\/\/api.w.org\/{rel}","templated":true}]}}