{"id":105082,"date":"2020-04-30T14:36:43","date_gmt":"2020-04-30T12:36:43","guid":{"rendered":"http:\/\/www.tucomarca.com\/wordpress\/segunda\/?p=105082"},"modified":"2020-04-30T14:37:25","modified_gmt":"2020-04-30T12:37:25","slug":"el-conservatori-de-bunyol-organitza-un-ciber-festival-amb-professors-i-alumnes-i-formacions-de-musica-de-cambra","status":"publish","type":"post","link":"https:\/\/www.tucomarca.com\/wordpress\/segunda\/ca\/el-conservatori-de-bunyol-organitza-un-ciber-festival-amb-professors-i-alumnes-i-formacions-de-musica-de-cambra\/","title":{"rendered":"El Conservatori de Bunyol organitza un Ciber-Festival amb professors i alumnes i formacions de m\u00fasica de cambra"},"content":{"rendered":"\n<p><strong>Bernat Fabra, director del dit centre educatiu musical bu\u00f1olense, afirma que davant de la impossibilitat de realitzar concerts i actuacions de final de curs han optat per llan\u00e7ar v\u00eddeos setmanalment de format curt<\/strong><\/p>\n\n\n\n<p>El Conservatori de M\u00fasica Professional Sant Rafael de Bu\u00f1ol ha organitzat un Ciber- Festival on participaran tant professors com alumnes amb diferents formacions de m\u00fasica de cambra. Este centre educatiu, sempre amb molta activitat extraescolar i una actitud inquieta, davant de la impossibilitat de realitzar els concerts i actuacions planejades per al final de curs, ha optat per no quedar-se parat en esta \u00e8poca tan extraordin\u00e0ria. Setmanalment se n&#8217;aniran llan\u00e7ant diferents v\u00eddeos, de format curt, que aniran complementant el ciber-festival.<\/p>\n\n\n\n<p>Bernat Fabra, director del conservatori ha manifestat que \u00e9s temps de reflexi\u00f3 i d&#8217;aprendre, per\u00f2 no excloent per a poder experimentar en nous formats per a nosaltres, que estem tan acostumats a la interpretaci\u00f3 en directo&#8221;. Este format suposa un repte per a tots, especialment per als alumnes i alumnes, perqu\u00e8 estan adquirint noves habilitats que complementen la seua formaci\u00f3.<\/p>\n\n\n\n<p>Per part de la Regidoria de Cultura de l&#8217;Ajuntament de Bu\u00f1ol, amb Juan Luis Pall\u00e1s com a edil responsable, confirmen el suport total a este tipus d&#8217;iniciatives i a totes les que s&#8217;estan duent a terme en estos durs moments per part del Conservatori de Bu\u00f1ol. &#8220;Han demostrat tant l&#8217;equip directiu, com el professorat com l&#8217;alumnat anar en una mateixa sintonia, el seu amor per la m\u00fasica, per aprendre i per continuar amb les seues classes i el seu aprendizaje&#8221;.<\/p>\n\n\n\n<p>Els m\u00fasics s\u00f3n uns enamorats del p\u00fablic, del directe, de la gent, &#8220;por aix\u00f2 ja que no es poden fer concerts ni audicions \u00e9s una molt bona manera de veure com estan evolucionant els alumnes, de que els seus familiars els vegen i de fer veure a tot el poble de Bu\u00f1ol l&#8217;incre\u00efble labor que tots estan fent des dels seus casas&#8221;. Finalitza: &#8220;Bu\u00f1ol \u00e9s cultura, Bu\u00f1ol \u00e9s m\u00fasica, Bu\u00f1ol \u00e9s un viver de m\u00fasics, Bu\u00f1ol est\u00e0 activo&#8221;.<\/p>\n","protected":false},"excerpt":{"rendered":"<div class=\"mh-excerpt\">Bernat Fabra, director del dit centre educatiu musical bu\u00f1olense, afirma que davant de la impossibilitat de realitzar concerts i actuacions de final de curs han optat per llan\u00e7ar v\u00eddeos setmanalment de format curt El Conservatori <a class=\"mh-excerpt-more\" href=\"https:\/\/www.tucomarca.com\/wordpress\/segunda\/ca\/el-conservatori-de-bunyol-organitza-un-ciber-festival-amb-professors-i-alumnes-i-formacions-de-musica-de-cambra\/\" title=\"El Conservatori de Bunyol organitza un Ciber-Festival amb professors i alumnes i formacions de m\u00fasica de cambra\">[+] <\/a><\/div>\n","protected":false},"author":12,"featured_media":102030,"comment_status":"open","ping_status":"open","sticky":false,"template":"","format":"standard","meta":{"footnotes":""},"categories":[11019,10911,11005,11010,10894,10912,11007,10896,10897],"tags":[10913,11293,11939,11940,11164],"class_list":{"0":"post-105082","1":"post","2":"type-post","3":"status-publish","4":"format-standard","5":"has-post-thumbnail","7":"category-agenda-ca","8":"category-bunol-ca","9":"category-canal-musica","10":"category-canal-salud","11":"category-la-comarca-ca","12":"category-la-hoya-ca","13":"category-ocio-y-cultura-ca","14":"category-seccion-ca","15":"category-sucesos-la-comarca-ca","16":"tag-bunol-ca","17":"tag-conservatorio-bunol-ca","18":"tag-coronavirus-ca","19":"tag-covid-19-ca","20":"tag-hoya-de-bunol-chiva-ca"},"_links":{"self":[{"href":"https:\/\/www.tucomarca.com\/wordpress\/segunda\/ca\/wp-json\/wp\/v2\/posts\/105082","targetHints":{"allow":["GET"]}}],"collection":[{"href":"https:\/\/www.tucomarca.com\/wordpress\/segunda\/ca\/wp-json\/wp\/v2\/posts"}],"about":[{"href":"https:\/\/www.tucomarca.com\/wordpress\/segunda\/ca\/wp-json\/wp\/v2\/types\/post"}],"author":[{"embeddable":true,"href":"https:\/\/www.tucomarca.com\/wordpress\/segunda\/ca\/wp-json\/wp\/v2\/users\/12"}],"replies":[{"embeddable":true,"href":"https:\/\/www.tucomarca.com\/wordpress\/segunda\/ca\/wp-json\/wp\/v2\/comments?post=105082"}],"version-history":[{"count":0,"href":"https:\/\/www.tucomarca.com\/wordpress\/segunda\/ca\/wp-json\/wp\/v2\/posts\/105082\/revisions"}],"wp:featuredmedia":[{"embeddable":true,"href":"https:\/\/www.tucomarca.com\/wordpress\/segunda\/ca\/wp-json\/wp\/v2\/media\/102030"}],"wp:attachment":[{"href":"https:\/\/www.tucomarca.com\/wordpress\/segunda\/ca\/wp-json\/wp\/v2\/media?parent=105082"}],"wp:term":[{"taxonomy":"category","embeddable":true,"href":"https:\/\/www.tucomarca.com\/wordpress\/segunda\/ca\/wp-json\/wp\/v2\/categories?post=105082"},{"taxonomy":"post_tag","embeddable":true,"href":"https:\/\/www.tucomarca.com\/wordpress\/segunda\/ca\/wp-json\/wp\/v2\/tags?post=105082"}],"curies":[{"name":"wp","href":"https:\/\/api.w.org\/{rel}","templated":true}]}}