{"id":105198,"date":"2020-05-01T21:47:04","date_gmt":"2020-05-01T19:47:04","guid":{"rendered":"http:\/\/www.tucomarca.com\/wordpress\/segunda\/?p=105198"},"modified":"2020-05-01T21:47:31","modified_gmt":"2020-05-01T19:47:31","slug":"el-exercit-desenvolupa-tasques-de-desinfeccio-a-la-residencia-de-majors-de-bunyol","status":"publish","type":"post","link":"https:\/\/www.tucomarca.com\/wordpress\/segunda\/ca\/el-exercit-desenvolupa-tasques-de-desinfeccio-a-la-residencia-de-majors-de-bunyol\/","title":{"rendered":"El Ex\u00e8rcit desenvolupa tasques de desinfecci\u00f3 a la resid\u00e8ncia de majors de Bunyol"},"content":{"rendered":"\n<ul class=\"wp-block-gallery columns-3 is-cropped wp-block-gallery-1 is-layout-flex wp-block-gallery-is-layout-flex\"><li class=\"blocks-gallery-item\"><figure><img loading=\"lazy\" decoding=\"async\" width=\"768\" height=\"1024\" src=\"http:\/\/www.tucomarca.com\/wordpress\/segunda\/wp-content\/uploads\/2020\/05\/UMEBunol04-768x1024.jpg\" alt=\"\" data-id=\"105194\" data-link=\"http:\/\/www.tucomarca.com\/wordpress\/segunda\/?attachment_id=105194\" class=\"wp-image-105194\" srcset=\"https:\/\/www.tucomarca.com\/wordpress\/segunda\/wp-content\/uploads\/2020\/05\/UMEBunol04-768x1024.jpg 768w, https:\/\/www.tucomarca.com\/wordpress\/segunda\/wp-content\/uploads\/2020\/05\/UMEBunol04-225x300.jpg 225w, https:\/\/www.tucomarca.com\/wordpress\/segunda\/wp-content\/uploads\/2020\/05\/UMEBunol04.jpg 1200w\" sizes=\"auto, (max-width: 768px) 100vw, 768px\" \/><\/figure><\/li><li class=\"blocks-gallery-item\"><figure><img loading=\"lazy\" decoding=\"async\" width=\"768\" height=\"1024\" src=\"http:\/\/www.tucomarca.com\/wordpress\/segunda\/wp-content\/uploads\/2020\/05\/UMEBunol03-768x1024.jpg\" alt=\"\" data-id=\"105192\" data-link=\"http:\/\/www.tucomarca.com\/wordpress\/segunda\/?attachment_id=105192\" class=\"wp-image-105192\" srcset=\"https:\/\/www.tucomarca.com\/wordpress\/segunda\/wp-content\/uploads\/2020\/05\/UMEBunol03-768x1024.jpg 768w, https:\/\/www.tucomarca.com\/wordpress\/segunda\/wp-content\/uploads\/2020\/05\/UMEBunol03-225x300.jpg 225w, https:\/\/www.tucomarca.com\/wordpress\/segunda\/wp-content\/uploads\/2020\/05\/UMEBunol03.jpg 1200w\" sizes=\"auto, (max-width: 768px) 100vw, 768px\" \/><\/figure><\/li><li class=\"blocks-gallery-item\"><figure><img loading=\"lazy\" decoding=\"async\" width=\"768\" height=\"1024\" src=\"http:\/\/www.tucomarca.com\/wordpress\/segunda\/wp-content\/uploads\/2020\/05\/UMEBunol02-768x1024.jpg\" alt=\"\" data-id=\"105190\" data-link=\"http:\/\/www.tucomarca.com\/wordpress\/segunda\/?attachment_id=105190\" class=\"wp-image-105190\" srcset=\"https:\/\/www.tucomarca.com\/wordpress\/segunda\/wp-content\/uploads\/2020\/05\/UMEBunol02-768x1024.jpg 768w, https:\/\/www.tucomarca.com\/wordpress\/segunda\/wp-content\/uploads\/2020\/05\/UMEBunol02-225x300.jpg 225w, https:\/\/www.tucomarca.com\/wordpress\/segunda\/wp-content\/uploads\/2020\/05\/UMEBunol02.jpg 1200w\" sizes=\"auto, (max-width: 768px) 100vw, 768px\" \/><\/figure><\/li><\/ul>\n\n\n\n<p>Soldats de el Grup de Cavalleria Lleuger Cuirassat GCLAC \u00abMil\u00e0\u00bb de l&#8217;Ex\u00e8rcit de Terra amb base a Marines Val\u00e8ncia han treballat en la desinfecci\u00f3 de centre residencial de Bunyol, com han informat fonts de la resid\u00e8ncia de gent gran.<\/p>\n\n\n\n<p>&#8220;Agra\u00efment i admiraci\u00f3 per l&#8217;escrupol\u00f3s treball que han realitzat al nostre centre, han demostrat la seva gran professionalitat i el concienzados que estan en protegir la salut de tots&#8221;, han manifesfado des del centre.<\/p>\n\n\n\n<p>L&#8217;Ex\u00e8rcit va realitzar el dijous aquests treballs i aquest divendres ha continuat amb desinfeccions en diferents llocs de la Comunitat Valenciana, com l&#8217;aeroport de Val\u00e8ncia i en espais de Benissan\u00f3, Benaguasil i Bunyol, com han informat en un comunicado.<\/p>\n","protected":false},"excerpt":{"rendered":"<div class=\"mh-excerpt\">Soldats de el Grup de Cavalleria Lleuger Cuirassat GCLAC \u00abMil\u00e0\u00bb de l&#8217;Ex\u00e8rcit de Terra amb base a Marines Val\u00e8ncia han treballat en la desinfecci\u00f3 de centre residencial de Bunyol, com han informat fonts de la <a class=\"mh-excerpt-more\" href=\"https:\/\/www.tucomarca.com\/wordpress\/segunda\/ca\/el-exercit-desenvolupa-tasques-de-desinfeccio-a-la-residencia-de-majors-de-bunyol\/\" title=\"El Ex\u00e8rcit desenvolupa tasques de desinfecci\u00f3 a la resid\u00e8ncia de majors de Bunyol\">[+] <\/a><\/div>\n","protected":false},"author":1,"featured_media":105189,"comment_status":"open","ping_status":"open","sticky":false,"template":"","format":"gallery","meta":{"footnotes":""},"categories":[10889,10911,11010,10948,10894,10912,10903,10896,10897],"tags":[11939,11940,10914,12017],"class_list":{"0":"post-105198","1":"post","2":"type-post","3":"status-publish","4":"format-gallery","5":"has-post-thumbnail","7":"category-alzira-cat","8":"category-bunol-ca","9":"category-canal-salud","10":"category-infraestructuras-ca","11":"category-la-comarca-ca","12":"category-la-hoya-ca","13":"category-medio-ambiente-la-comarca-ca","14":"category-seccion-ca","15":"category-sucesos-la-comarca-ca","16":"tag-coronavirus-ca","17":"tag-covid-19-ca","18":"tag-la-hoya-de-bunol-chiva-ca","19":"tag-ume-ca","20":"post_format-post-format-gallery"},"_links":{"self":[{"href":"https:\/\/www.tucomarca.com\/wordpress\/segunda\/ca\/wp-json\/wp\/v2\/posts\/105198","targetHints":{"allow":["GET"]}}],"collection":[{"href":"https:\/\/www.tucomarca.com\/wordpress\/segunda\/ca\/wp-json\/wp\/v2\/posts"}],"about":[{"href":"https:\/\/www.tucomarca.com\/wordpress\/segunda\/ca\/wp-json\/wp\/v2\/types\/post"}],"author":[{"embeddable":true,"href":"https:\/\/www.tucomarca.com\/wordpress\/segunda\/ca\/wp-json\/wp\/v2\/users\/1"}],"replies":[{"embeddable":true,"href":"https:\/\/www.tucomarca.com\/wordpress\/segunda\/ca\/wp-json\/wp\/v2\/comments?post=105198"}],"version-history":[{"count":0,"href":"https:\/\/www.tucomarca.com\/wordpress\/segunda\/ca\/wp-json\/wp\/v2\/posts\/105198\/revisions"}],"wp:featuredmedia":[{"embeddable":true,"href":"https:\/\/www.tucomarca.com\/wordpress\/segunda\/ca\/wp-json\/wp\/v2\/media\/105189"}],"wp:attachment":[{"href":"https:\/\/www.tucomarca.com\/wordpress\/segunda\/ca\/wp-json\/wp\/v2\/media?parent=105198"}],"wp:term":[{"taxonomy":"category","embeddable":true,"href":"https:\/\/www.tucomarca.com\/wordpress\/segunda\/ca\/wp-json\/wp\/v2\/categories?post=105198"},{"taxonomy":"post_tag","embeddable":true,"href":"https:\/\/www.tucomarca.com\/wordpress\/segunda\/ca\/wp-json\/wp\/v2\/tags?post=105198"}],"curies":[{"name":"wp","href":"https:\/\/api.w.org\/{rel}","templated":true}]}}