{"id":105348,"date":"2020-05-04T17:25:23","date_gmt":"2020-05-04T15:25:23","guid":{"rendered":"http:\/\/www.tucomarca.com\/wordpress\/segunda\/?p=105348"},"modified":"2020-05-04T21:02:30","modified_gmt":"2020-05-04T19:02:30","slug":"la-regidoria-de-medi-ambient-de-cheste-recorda-la-prohibicio-de-trencar-nius-doronetes-avions-i-falcies","status":"publish","type":"post","link":"https:\/\/www.tucomarca.com\/wordpress\/segunda\/ca\/la-regidoria-de-medi-ambient-de-cheste-recorda-la-prohibicio-de-trencar-nius-doronetes-avions-i-falcies\/","title":{"rendered":"La regidoria de Medi Ambient de Xest recorda la prohibici\u00f3 de trencar nius d&#8217;oronetes, avions i falcies"},"content":{"rendered":"\n<p><strong>Les multes per incomplir all\u00f2 que s&#8217;ha establit en Llei de Patrimoni Natural i de la Biodiversitat respecte a la protecci\u00f3 cries i ous d&#8217;estes aus urbanes oscil\u00b7len entre els 3.001 i els 200.000 euros<\/strong><\/p>\n\n\n\n<p>En esta \u00e8poca de l&#8217;any \u00e9s com\u00fa veure aus en l&#8217;entorn urb\u00e0, com a oronetes, avions i falcies. Este tipus d&#8217;animals, els seus cries i els seus nius estan protegits, per la qual cosa no est\u00e0 perm\u00e9s trencar els seus nius, tant ocupats com buits.<\/p>\n\n\n\n<p>La destrucci\u00f3 dels seus nius comporta una sanci\u00f3 econ\u00f2mica d&#8217;entre 3.001 i 200.000 euros i, a nivell mediambiental, suposa una major quantitat de mosquits i altres insectes voladors en l&#8217;entorn, amb m\u00e9s riscos i mol\u00e8sties a nivell sanitari i de benestar. Les oronetes comunes, a l&#8217;igual de les falcies i els avions, s\u00f3n aus insect\u00edvores que s&#8217;alimenten de grans quantitats de mosques, mosquits i pugons, entre altres insectes voladors. Cada exemplar consumix prop de 2000 insectes al dia; per la qual cosa els seus h\u00e0bits alimentaris suposen un control natural de les poblacions d&#8217;insectes. Per aix\u00f2, des de la regidoria de Medi Ambient es demana a la ciutadania el respecte a les diferents estructures de nidificaci\u00f3 d&#8217;estes aus tan beneficioses per a les persones.<\/p>\n\n\n\n<p>El per\u00edode de reproducci\u00f3 de l&#8217;oroneta comuna es desenrotlla entre els mesos de mar\u00e7 i agost, depenent de la climatologia de la zona de cria. S\u00f3n aus normalment amb costums mon\u00f2gams i fidels al seu lloc de cria. Tarden al voltant de deu dies a construir el seu niu, que t\u00e9 forma de casset obert en la zona superior i est\u00e0 fabricat amb boles de fang i restes vegetals, ubicat sempre davall una coberta. Estos nius s\u00f3n reparats i reutilitzats durant diversos anys.<\/p>\n\n\n\n<p><strong>Aus urbanes protegides<\/strong><\/p>\n\n\n\n<p>La protecci\u00f3 d&#8217;estes aus urbanes est\u00e0 garantida per la Directiva Europea d&#8217;Aus 2009\/147\/CE del Parlament Europeu i per la legislaci\u00f3 nacional, per mitj\u00e0 del Llistat d&#8217;Esp\u00e8cies Silvestres en R\u00e8gim de Protecci\u00f3 Especial i el Cat\u00e0leg Espanyol d&#8217;Esp\u00e8cies Amena\u00e7ades, arreplegat en el Reial Decret 139\/2011, de 4 de febrer; i la Llei 42\/2007, de 13 de desembre, del Patrimoni Natural i de la Biodiversitat, on s&#8217;arreplega la protecci\u00f3 de cries i ous, prohibint expressament &#8220;la destrucci\u00f3, dany, recol\u00b7lecci\u00f3 i retenci\u00f3 dels seus nidos&#8221;<\/p>\n","protected":false},"excerpt":{"rendered":"<div class=\"mh-excerpt\">Les multes per incomplir all\u00f2 que s&#8217;ha establit en Llei de Patrimoni Natural i de la Biodiversitat respecte a la protecci\u00f3 cries i ous d&#8217;estes aus urbanes oscil\u00b7len entre els 3.001 i els 200.000 euros <a class=\"mh-excerpt-more\" href=\"https:\/\/www.tucomarca.com\/wordpress\/segunda\/ca\/la-regidoria-de-medi-ambient-de-cheste-recorda-la-prohibicio-de-trencar-nius-doronetes-avions-i-falcies\/\" title=\"La regidoria de Medi Ambient de Xest recorda la prohibici\u00f3 de trencar nius d&#8217;oronetes, avions i falcies\">[+] <\/a><\/div>\n","protected":false},"author":12,"featured_media":105346,"comment_status":"open","ping_status":"open","sticky":false,"template":"","format":"standard","meta":{"footnotes":""},"categories":[10894,10912,10903,10896,10974],"tags":[10470,5952],"class_list":{"0":"post-105348","1":"post","2":"type-post","3":"status-publish","4":"format-standard","5":"has-post-thumbnail","7":"category-la-comarca-ca","8":"category-la-hoya-ca","9":"category-medio-ambiente-la-comarca-ca","10":"category-seccion-ca","11":"category-cheste-ca","12":"tag-ayuntamiento-de-cheste","13":"tag-la-hoya-de-bunol-chiva"},"_links":{"self":[{"href":"https:\/\/www.tucomarca.com\/wordpress\/segunda\/ca\/wp-json\/wp\/v2\/posts\/105348","targetHints":{"allow":["GET"]}}],"collection":[{"href":"https:\/\/www.tucomarca.com\/wordpress\/segunda\/ca\/wp-json\/wp\/v2\/posts"}],"about":[{"href":"https:\/\/www.tucomarca.com\/wordpress\/segunda\/ca\/wp-json\/wp\/v2\/types\/post"}],"author":[{"embeddable":true,"href":"https:\/\/www.tucomarca.com\/wordpress\/segunda\/ca\/wp-json\/wp\/v2\/users\/12"}],"replies":[{"embeddable":true,"href":"https:\/\/www.tucomarca.com\/wordpress\/segunda\/ca\/wp-json\/wp\/v2\/comments?post=105348"}],"version-history":[{"count":0,"href":"https:\/\/www.tucomarca.com\/wordpress\/segunda\/ca\/wp-json\/wp\/v2\/posts\/105348\/revisions"}],"wp:featuredmedia":[{"embeddable":true,"href":"https:\/\/www.tucomarca.com\/wordpress\/segunda\/ca\/wp-json\/wp\/v2\/media\/105346"}],"wp:attachment":[{"href":"https:\/\/www.tucomarca.com\/wordpress\/segunda\/ca\/wp-json\/wp\/v2\/media?parent=105348"}],"wp:term":[{"taxonomy":"category","embeddable":true,"href":"https:\/\/www.tucomarca.com\/wordpress\/segunda\/ca\/wp-json\/wp\/v2\/categories?post=105348"},{"taxonomy":"post_tag","embeddable":true,"href":"https:\/\/www.tucomarca.com\/wordpress\/segunda\/ca\/wp-json\/wp\/v2\/tags?post=105348"}],"curies":[{"name":"wp","href":"https:\/\/api.w.org\/{rel}","templated":true}]}}