{"id":105356,"date":"2020-05-03T18:27:22","date_gmt":"2020-05-03T16:27:22","guid":{"rendered":"http:\/\/www.tucomarca.com\/wordpress\/segunda\/?p=105356"},"modified":"2020-05-04T21:17:07","modified_gmt":"2020-05-04T19:17:07","slug":"el-tiempo-acaba-un-mes-de-abril-con-abundantes-lluvias-por-conrado-hortelano","status":"publish","type":"post","link":"https:\/\/www.tucomarca.com\/wordpress\/segunda\/ca\/el-tiempo-acaba-un-mes-de-abril-con-abundantes-lluvias-por-conrado-hortelano\/","title":{"rendered":"L&#8217;oratge: Acaba un mes d&#8217;abril amb abundants pluges, per Conrado Hortelano"},"content":{"rendered":"\n<p>Acaba el mes d&#8217;abril amb pluges abundants. Aquestes precipitacions seran estat molt bones per als nostres camps i aq\u00fc\u00edfers; per la qual cosa vam comen\u00e7ar el mes de maig amb temperatures altes i aix\u00ed continuarem durant la primera setmana del mes.<\/p>\n\n\n\n<p>Les precipitacions totals del mes d&#8217;abril, en algunes poblacions de les nostres comarques han estat:<\/p>\n\n\n\n<ul class=\"wp-block-list\"><li>Aiora: 70 litres.<\/li><li>B\u00e9tera: 43 litres<\/li><li>Enguera: 58 litres.<\/li><li>Bunyol: 75 litres.<\/li><li>Tur\u00eds: 64 litres.<\/li><li>Alpuente: 66 littros.<\/li><li>Requena: 82 litres.<\/li><\/ul>\n\n\n\n<p>Les temperatures m\u00e0ximes assolides en el primer dia de l&#8217;actual mes de maig han estat:<br>&#8211; Bunyol: 26 graus.<br>&#8211; Requena: 23 graus.<br>&#8211; Alpuente: 22 graus.<br>&#8211; B\u00e9tera: 31 graus.<br>&#8211; Aiora: 24 graus.<br>&#8211; Tur\u00eds: 27 graus.<br>&#8211; Enguera: 28 graus.<\/p>\n\n\n\n<p>Pel que fa a el nivell de raigs ra\u00efm, es 8 de 11, un nivell molt alt i la protecci\u00f3 solar recomanada \u00e9s factor 40. El nivell de pol\u00b7len per a persones amb al\u00b7l\u00e8rgies, aquesta setmana estem a nivell baix, de les gram\u00ednies i de l&#8217;olivera.<\/p>\n","protected":false},"excerpt":{"rendered":"<div class=\"mh-excerpt\">Acaba el mes d&#8217;abril amb pluges abundants. Aquestes precipitacions seran estat molt bones per als nostres camps i aq\u00fc\u00edfers; per la qual cosa vam comen\u00e7ar el mes de maig amb temperatures altes i aix\u00ed continuarem <a class=\"mh-excerpt-more\" href=\"https:\/\/www.tucomarca.com\/wordpress\/segunda\/ca\/el-tiempo-acaba-un-mes-de-abril-con-abundantes-lluvias-por-conrado-hortelano\/\" title=\"L&#8217;oratge: Acaba un mes d&#8217;abril amb abundants pluges, per Conrado Hortelano\">[+] <\/a><\/div>\n","protected":false},"author":1,"featured_media":103947,"comment_status":"open","ping_status":"open","sticky":false,"template":"","format":"standard","meta":{"footnotes":""},"categories":[10954,10951,11044,10937,10911,11985,11046,10969,10963,10912,10902,10908,10909,10896,11047],"tags":[11983,11984],"class_list":{"0":"post-105356","1":"post","2":"type-post","3":"status-publish","4":"format-standard","5":"has-post-thumbnail","7":"category-ayora-ca","8":"category-ayora-cofrentes-ca","9":"category-alpuente-ca","10":"category-betera-ca","11":"category-bunol-ca","12":"category-el-tiempo-ca","13":"category-los-serranos-ca","14":"category-enguera-ca","15":"category-la-canal-de-navarres-ca","16":"category-la-hoya-ca","17":"category-la-ribera-ca","18":"category-requena-ca","19":"category-requena-utiel-ca","20":"category-seccion-ca","21":"category-turis-ca","22":"tag-conrado-hortelano","23":"tag-el-tiempo"},"_links":{"self":[{"href":"https:\/\/www.tucomarca.com\/wordpress\/segunda\/ca\/wp-json\/wp\/v2\/posts\/105356","targetHints":{"allow":["GET"]}}],"collection":[{"href":"https:\/\/www.tucomarca.com\/wordpress\/segunda\/ca\/wp-json\/wp\/v2\/posts"}],"about":[{"href":"https:\/\/www.tucomarca.com\/wordpress\/segunda\/ca\/wp-json\/wp\/v2\/types\/post"}],"author":[{"embeddable":true,"href":"https:\/\/www.tucomarca.com\/wordpress\/segunda\/ca\/wp-json\/wp\/v2\/users\/1"}],"replies":[{"embeddable":true,"href":"https:\/\/www.tucomarca.com\/wordpress\/segunda\/ca\/wp-json\/wp\/v2\/comments?post=105356"}],"version-history":[{"count":0,"href":"https:\/\/www.tucomarca.com\/wordpress\/segunda\/ca\/wp-json\/wp\/v2\/posts\/105356\/revisions"}],"wp:featuredmedia":[{"embeddable":true,"href":"https:\/\/www.tucomarca.com\/wordpress\/segunda\/ca\/wp-json\/wp\/v2\/media\/103947"}],"wp:attachment":[{"href":"https:\/\/www.tucomarca.com\/wordpress\/segunda\/ca\/wp-json\/wp\/v2\/media?parent=105356"}],"wp:term":[{"taxonomy":"category","embeddable":true,"href":"https:\/\/www.tucomarca.com\/wordpress\/segunda\/ca\/wp-json\/wp\/v2\/categories?post=105356"},{"taxonomy":"post_tag","embeddable":true,"href":"https:\/\/www.tucomarca.com\/wordpress\/segunda\/ca\/wp-json\/wp\/v2\/tags?post=105356"}],"curies":[{"name":"wp","href":"https:\/\/api.w.org\/{rel}","templated":true}]}}