{"id":105512,"date":"2020-05-05T19:41:05","date_gmt":"2020-05-05T17:41:05","guid":{"rendered":"http:\/\/www.tucomarca.com\/wordpress\/segunda\/?p=105512"},"modified":"2020-05-06T19:41:15","modified_gmt":"2020-05-06T17:41:15","slug":"el-dia-a-dia-de-les-residencies-durant-lestat-dalarma","status":"publish","type":"post","link":"https:\/\/www.tucomarca.com\/wordpress\/segunda\/ca\/el-dia-a-dia-de-les-residencies-durant-lestat-dalarma\/","title":{"rendered":"El dia a dia de les resid\u00e8ncies durant l&#8217;estat d&#8217;alarma"},"content":{"rendered":"\n<p>&#8220;Les resid\u00e8ncies de tercera edat han estat i continuen sent un dels focus informatius de la crisi de l&#8217;Covid-19. Des que es va declarar l&#8217;estat d&#8217;alarma el 14 de mar\u00e7, s&#8217;han abocat infinitat de rumors i desinformacions a totes les resid\u00e8ncies. cal ser conscients del gran nombre d&#8217;aquest tipus d&#8217;instal\u00b7lacions que hi ha a Espanya i posar en valor el bon fer i la correcta gesti\u00f3 de la crisi en la majoria d&#8217;elles &#8220;, com han informat des dels Centres Residencials Savia.<\/p>\n\n\n\n<p>&#8220;\u00c9s una obvietat per\u00f2 les resid\u00e8ncies viuen per i per a tenir cura de la gent gran, amb m\u00e9s afany en aquest escenari tan complex provocat per la propagaci\u00f3 de l&#8217;Covid-19. Un cop ingressen en un centre, l&#8217;\u00fanic objectiu de tots els treballadors \u00e9s brindar-los la major qualitat de vida i la m\u00e0xima protecci\u00f3 &#8220;.<\/p>\n\n\n\n<p>&#8220;Complir aquest objectiu exigeix a totes les resid\u00e8ncies a ser rigorosos, professionals i conscients de la realitat. Cada dia que passa cap a la normalitzaci\u00f3 \u00e9s una batalla guanyada a l&#8217;virus. A poc a poc es va recobrant la normalitat en una gran part de les resid\u00e8ncies. extremant les precaucions sanit\u00e0ries, dotant i formant, tant a residents com a treballadors, d&#8217;equips de protecci\u00f3 (mascaretes, EPIS, pantalles protectores, gels desinfectants \u2026) s&#8217;estan tornant a realitzar activitats i tallers quotidians que, fins abans de la crisi, marcaven el dia a dia. En aquesta tornada a la rutina, a m\u00e9s de les les proteccions individuals, tamb\u00e9 s&#8217;est\u00e0 augmentant la dist\u00e0ncia de seguretat entre residents. s&#8217;evita el seu contacte per prevenir qualsevol possible contagi. tamb\u00e9 s&#8217;estan fent rutines d&#8217;exercici actives, cada fisioterapeuta at\u00e9n de forma individualitzada a cada resident per evitar les concentracions en un mateix espai&#8221;.<\/p>\n\n\n\n<p>&#8220;Cal ser coneixedors que ning\u00fa estava preparat per a un fenomen pand\u00e8mic d&#8217;aquestes caracter\u00edstiques, que ha posat a el sistema sanitari a la vora de el col\u00b7lapse. I aquesta situaci\u00f3 ha portat a les resid\u00e8ncies de gent gran, a jugar un paper essencial. Des Centres Residencials Savia, implementem al seu dia una bateria de mesures que ens va permetre avan\u00e7ar-nos a la fase m\u00e9s incisiva de la crisi. Ara, sota la supervisi\u00f3 de les autoritats de Sanitat, tenim cura dels nostres majors amb passi\u00f3 i dedicaci\u00f3. ens hi va la vida en aix\u00f2. i aix\u00ed seguirem. Amb l&#8217;ajuda de treballadors, residents i l&#8217;al\u00e8 dels familiars&#8221;, han finalitzat.<\/p>\n","protected":false},"excerpt":{"rendered":"<div class=\"mh-excerpt\">&#8220;Les resid\u00e8ncies de tercera edat han estat i continuen sent un dels focus informatius de la crisi de l&#8217;Covid-19. Des que es va declarar l&#8217;estat d&#8217;alarma el 14 de mar\u00e7, s&#8217;han abocat infinitat de rumors <a class=\"mh-excerpt-more\" href=\"https:\/\/www.tucomarca.com\/wordpress\/segunda\/ca\/el-dia-a-dia-de-les-residencies-durant-lestat-dalarma\/\" title=\"El dia a dia de les resid\u00e8ncies durant l&#8217;estat d&#8217;alarma\">[+] <\/a><\/div>\n","protected":false},"author":1,"featured_media":105510,"comment_status":"open","ping_status":"open","sticky":false,"template":"","format":"standard","meta":{"footnotes":""},"categories":[10973,11010,10948,10894,10912,10896,10974],"tags":[10386,11224,11071,11937,11939,11938,11940,11951,11952],"class_list":{"0":"post-105512","1":"post","2":"type-post","3":"status-publish","4":"format-standard","5":"has-post-thumbnail","7":"category-alborache-ca","8":"category-canal-salud","9":"category-infraestructuras-ca","10":"category-la-comarca-ca","11":"category-la-hoya-ca","12":"category-seccion-ca","13":"category-cheste-ca","14":"tag-alborache","15":"tag-alborache-ca","16":"tag-cheste","17":"tag-coronavirus","18":"tag-coronavirus-ca","19":"tag-covid-19","20":"tag-covid-19-ca","21":"tag-covid2019","22":"tag-covid2019-ca"},"_links":{"self":[{"href":"https:\/\/www.tucomarca.com\/wordpress\/segunda\/ca\/wp-json\/wp\/v2\/posts\/105512","targetHints":{"allow":["GET"]}}],"collection":[{"href":"https:\/\/www.tucomarca.com\/wordpress\/segunda\/ca\/wp-json\/wp\/v2\/posts"}],"about":[{"href":"https:\/\/www.tucomarca.com\/wordpress\/segunda\/ca\/wp-json\/wp\/v2\/types\/post"}],"author":[{"embeddable":true,"href":"https:\/\/www.tucomarca.com\/wordpress\/segunda\/ca\/wp-json\/wp\/v2\/users\/1"}],"replies":[{"embeddable":true,"href":"https:\/\/www.tucomarca.com\/wordpress\/segunda\/ca\/wp-json\/wp\/v2\/comments?post=105512"}],"version-history":[{"count":0,"href":"https:\/\/www.tucomarca.com\/wordpress\/segunda\/ca\/wp-json\/wp\/v2\/posts\/105512\/revisions"}],"wp:featuredmedia":[{"embeddable":true,"href":"https:\/\/www.tucomarca.com\/wordpress\/segunda\/ca\/wp-json\/wp\/v2\/media\/105510"}],"wp:attachment":[{"href":"https:\/\/www.tucomarca.com\/wordpress\/segunda\/ca\/wp-json\/wp\/v2\/media?parent=105512"}],"wp:term":[{"taxonomy":"category","embeddable":true,"href":"https:\/\/www.tucomarca.com\/wordpress\/segunda\/ca\/wp-json\/wp\/v2\/categories?post=105512"},{"taxonomy":"post_tag","embeddable":true,"href":"https:\/\/www.tucomarca.com\/wordpress\/segunda\/ca\/wp-json\/wp\/v2\/tags?post=105512"}],"curies":[{"name":"wp","href":"https:\/\/api.w.org\/{rel}","templated":true}]}}