{"id":105632,"date":"2020-05-08T20:30:12","date_gmt":"2020-05-08T18:30:12","guid":{"rendered":"http:\/\/www.tucomarca.com\/wordpress\/segunda\/?p=105632"},"modified":"2020-05-08T23:30:53","modified_gmt":"2020-05-08T21:30:53","slug":"les-installacions-esportives-municipals-de-bunyol-continuaran-tancades-en-el-comencament-de-la-fase-1-de-la-desescalada","status":"publish","type":"post","link":"https:\/\/www.tucomarca.com\/wordpress\/segunda\/ca\/les-installacions-esportives-municipals-de-bunyol-continuaran-tancades-en-el-comencament-de-la-fase-1-de-la-desescalada\/","title":{"rendered":"Les instal\u00b7lacions esportives municipals de Bunyol continuaran tancades en el comen\u00e7ament de la fase 1 de la desescalada"},"content":{"rendered":"\n<p><strong>L&#8217;Ajuntament de Bunyol confirma que no es disposa en estos moments d&#8217;un servici m\u00e8dic propi que determine si l&#8217;usuari est\u00e0 o no contagiat per la Covid19<\/strong><\/p>\n\n\n\n<p>L&#8217;Ajuntament de Bunyol informa la ciutadania que totes les instal\u00b7lacions municipals esportives de Bu\u00f1ol continuaran tancades en l&#8217;inici de la fase 1, que comen\u00e7ar\u00e0 dilluns que ve 11 de maig, al no disposar d&#8217;un servici m\u00e8dic propi que determine si l&#8217;usuari est\u00e0 o no contagiat per la Covid-19.&nbsp;<\/p>\n\n\n\n<p>Des del Consistori es confirma que les novetats que puga haver-hi al llarg de la fase 1 o per a la pr\u00f2xima se n&#8217;aniran informant. &#8220;Previsiblemente es posar\u00e0 en marxa a partir del 25 de maig l&#8217;obertura d&#8217;estes instal\u00b7lacions. S&#8217;anir\u00e0 informant de tot l&#8217;abans posible&#8221;.<\/p>\n\n\n\n<p>#EsteVirusLoParamosUnidos<\/p>\n\n\n\n<p>Ajuntament de Bunyol<\/p>\n","protected":false},"excerpt":{"rendered":"<div class=\"mh-excerpt\">L&#8217;Ajuntament de Bunyol confirma que no es disposa en estos moments d&#8217;un servici m\u00e8dic propi que determine si l&#8217;usuari est\u00e0 o no contagiat per la Covid19 L&#8217;Ajuntament de Bunyol informa la ciutadania que totes les <a class=\"mh-excerpt-more\" href=\"https:\/\/www.tucomarca.com\/wordpress\/segunda\/ca\/les-installacions-esportives-municipals-de-bunyol-continuaran-tancades-en-el-comencament-de-la-fase-1-de-la-desescalada\/\" title=\"Les instal\u00b7lacions esportives municipals de Bunyol continuaran tancades en el comen\u00e7ament de la fase 1 de la desescalada\">[+] <\/a><\/div>\n","protected":false},"author":12,"featured_media":105631,"comment_status":"open","ping_status":"open","sticky":false,"template":"","format":"standard","meta":{"footnotes":""},"categories":[10911,11010,11003,10948,10894,10912,10903,11009,10947,10896,10897],"tags":[5335,11158,11937,11939,11938,11940,9480,12102,5952,10914],"class_list":{"0":"post-105632","1":"post","2":"type-post","3":"status-publish","4":"format-standard","5":"has-post-thumbnail","7":"category-bunol-ca","8":"category-canal-salud","9":"category-sports","10":"category-infraestructuras-ca","11":"category-la-comarca-ca","12":"category-la-hoya-ca","13":"category-medio-ambiente-la-comarca-ca","14":"category-polideportivo-ca","15":"category-politica","16":"category-seccion-ca","17":"category-sucesos-la-comarca-ca","18":"tag-ayuntamiento-de-bunol","19":"tag-ayuntamiento-de-bunol-ca","20":"tag-coronavirus","21":"tag-coronavirus-ca","22":"tag-covid-19","23":"tag-covid-19-ca","24":"tag-instalaciones-deportivas","25":"tag-instalaciones-deportivas-ca","26":"tag-la-hoya-de-bunol-chiva","27":"tag-la-hoya-de-bunol-chiva-ca"},"_links":{"self":[{"href":"https:\/\/www.tucomarca.com\/wordpress\/segunda\/ca\/wp-json\/wp\/v2\/posts\/105632","targetHints":{"allow":["GET"]}}],"collection":[{"href":"https:\/\/www.tucomarca.com\/wordpress\/segunda\/ca\/wp-json\/wp\/v2\/posts"}],"about":[{"href":"https:\/\/www.tucomarca.com\/wordpress\/segunda\/ca\/wp-json\/wp\/v2\/types\/post"}],"author":[{"embeddable":true,"href":"https:\/\/www.tucomarca.com\/wordpress\/segunda\/ca\/wp-json\/wp\/v2\/users\/12"}],"replies":[{"embeddable":true,"href":"https:\/\/www.tucomarca.com\/wordpress\/segunda\/ca\/wp-json\/wp\/v2\/comments?post=105632"}],"version-history":[{"count":0,"href":"https:\/\/www.tucomarca.com\/wordpress\/segunda\/ca\/wp-json\/wp\/v2\/posts\/105632\/revisions"}],"wp:featuredmedia":[{"embeddable":true,"href":"https:\/\/www.tucomarca.com\/wordpress\/segunda\/ca\/wp-json\/wp\/v2\/media\/105631"}],"wp:attachment":[{"href":"https:\/\/www.tucomarca.com\/wordpress\/segunda\/ca\/wp-json\/wp\/v2\/media?parent=105632"}],"wp:term":[{"taxonomy":"category","embeddable":true,"href":"https:\/\/www.tucomarca.com\/wordpress\/segunda\/ca\/wp-json\/wp\/v2\/categories?post=105632"},{"taxonomy":"post_tag","embeddable":true,"href":"https:\/\/www.tucomarca.com\/wordpress\/segunda\/ca\/wp-json\/wp\/v2\/tags?post=105632"}],"curies":[{"name":"wp","href":"https:\/\/api.w.org\/{rel}","templated":true}]}}