{"id":105707,"date":"2020-05-10T12:10:56","date_gmt":"2020-05-10T10:10:56","guid":{"rendered":"http:\/\/www.tucomarca.com\/wordpress\/segunda\/?p=105707"},"modified":"2020-05-11T12:15:56","modified_gmt":"2020-05-11T10:15:56","slug":"la-diputacio-creara-un-fons-social-per-a-cobrir-la-factura-de-laigua-enguany-a-les-families-mes-vulnerables","status":"publish","type":"post","link":"https:\/\/www.tucomarca.com\/wordpress\/segunda\/ca\/la-diputacio-creara-un-fons-social-per-a-cobrir-la-factura-de-laigua-enguany-a-les-families-mes-vulnerables\/","title":{"rendered":"La Diputaci\u00f3 crear\u00e0 un Fons Social per a cobrir la factura de l&#8217;aigua enguany a les fam\u00edlies m\u00e9s vulnerables"},"content":{"rendered":"\n<p><strong>L&#8217;empresa Egevasa, amb majoria de capital de la corporaci\u00f3 provincial, dotar\u00e0 un fons de m\u00e9s de 600.000 euros perqu\u00e8 els ajuntaments paguen en 2020 el servei a aquells que no podran fer front<\/strong><\/p>\n\n\n\n<p><strong>Els convenis podran realitzar-se en els 52 ajuntaments als quals prove\u00edx d&#8217;aigua potable l&#8217;empresa de la Diputaci\u00f3, que oferix tamb\u00e9 facilitat de pagament a xicotetes empreses i aut\u00f2noms<\/strong><\/p>\n\n\n\n<p>La Diputaci\u00f3 de Val\u00e8ncia, a trav\u00e9s de l&#8217;empresa Egevasa, proposa als ajuntaments als quals presta prove\u00efment d&#8217;aigua potable la creaci\u00f3 d&#8217;un Fons Social que permeta cobrir el pagament de les factures a les fam\u00edlies m\u00e9s vulnerables, la situaci\u00f3 de les quals ha pogut agreujar-se a conseq\u00fc\u00e8ncia de la crisi de la COVID-19.<\/p>\n\n\n\n<p>Egevasa, amb majoria de capital de la corporaci\u00f3 provincial, ha decidit plantejar solucions davant els efectes de la pand\u00e8mia, que porta amb si la suspensi\u00f3 d&#8217;ocupacions i activitat econ\u00f2mica en general. Davant esta situaci\u00f3 i pensant en el perfil dels clients als quals presta servei, l&#8217;empresa de subministrament d&#8217;aigua ha plantejat als ajuntaments ajudar als col\u00b7lectius m\u00e9s vulnerables, especialment les fam\u00edlies que disposen de menys recursos per a pagar les factures, aix\u00ed com xicotetes empreses i aut\u00f2noms colpejats per les conseq\u00fc\u00e8ncies de la crisi.<\/p>\n\n\n\n<p>En paraules de Rafa Garc\u00eda, vicepresident de la Diputaci\u00f3 i responsable del Consell d&#8217;Administraci\u00f3 d\u2019Egevasa, \u201cen el context actual de crisi sanit\u00e0ria, amb greus conseq\u00fc\u00e8ncies econ\u00f2miques, hem d&#8217;estar molt atents a les necessitats dels municipis, de les seues ve\u00efnes i ve\u00efns, del seu teixit productiu i molt especialment dels col\u00b7lectius que m\u00e9s necessiten les ajudes de les administracions per a disposar de serveis de primera necessitat com l&#8217;aigua potable\u201d.<\/p>\n\n\n\n<p>En la l\u00ednia d&#8217;actuaci\u00f3 de la Diputaci\u00f3 davant la crisi, garantint la liquiditat dels municipis per a fer-li front, Egevasa ha traslladat als 52 ajuntaments als quals presta servei la possibilitat de crear un Fons Social Especial 2020 destinat a sufragar les factures del servei d&#8217;aigua potable al col\u00b7lectiu dom\u00e8stic en risc d&#8217;exclusi\u00f3. Este Fons Social tindria una dotaci\u00f3 m\u00e0xima de 622.000 euros a repartir entre els prove\u00efments gestionats per Egevasa i seria administrat pels Serveis Socials de cada ajuntament, que t\u00e9 identificats als usuaris qualificats en situaci\u00f3 de pobresa energ\u00e8tica.<\/p>\n\n\n\n<p>Amb esta dotaci\u00f3, que cobriria els serveis d&#8217;aigua potable, clavegueram i comptadors prestats per Egevasa, l&#8217;empresa estima que podria fer-se c\u00e0rrec de m\u00e9s de 20.000 factures i beneficiar a unes 10.000 fam\u00edlies, al voltant del 9% del total d&#8217;abonats dom\u00e8stics. En el cas de serveis prestats per tercers, els ajuntaments poden establir f\u00f3rmules similars a les plantejades per Egevasa ells mateixos o gestionant les taxes pertinents amb estes entitats.<\/p>\n\n\n\n<p>Egevasa aportar\u00e0 32.000 euros a fons perdut que es restaran de l&#8217;import total que abast el Fons Social, una vegada conegut el nombre d&#8217;ajuntaments que decidisquen sumar-se despr\u00e9s d&#8217;aprovar-lo en els seus plens. La difer\u00e8ncia entre el Fons Social i esta quantitat a fons perdut ser\u00e0 el Fons Recuperable (FR) que l&#8217;empresa de subministrament d&#8217;aigua aplicar\u00e0 en les factures a partir de gener de 2021 a ra\u00f3 de 0,125 euros per abonat i mes, en el cas que el consistori s&#8217;haja adherit al Fons Social. Egevasa finan\u00e7ar\u00e0 la recuperaci\u00f3 sense interessos d&#8217;este FR durant els tres pr\u00f2xims anys.<\/p>\n\n\n\n<p><strong>Pimes i aut\u00f2noms<\/strong><\/p>\n\n\n\n<p>Per a altres col\u00b7lectius com a xicotetes i mitjanes empreses i aut\u00f2noms als quals l&#8217;Administraci\u00f3 ha reconegut la prestaci\u00f3 extraordin\u00e0ria per cessament d&#8217;activitat, i que puntualment no poden fer-se c\u00e0rrec de les factures, Egevasa posar\u00e0 a la seua disposici\u00f3 convenis de pagament per a fraccionar el deute pendent, perqu\u00e8 siga abonat en quotes de sis mesos sense cost financer.<\/p>\n\n\n\n<p>En compliment de les mesures implantades pel Govern durant l&#8217;estat d&#8217;alarma, Egevasa no efectuar\u00e0 talls de subministrament i amplia el per\u00edode voluntari de pagament a 90 dies. Al mateix temps, l&#8217;empresa de gesti\u00f3 del cicle de l&#8217;aigua demana responsabilitat i solidaritat a aquelles empreses i particulars que poden fer front al pagament regular de les factures.&nbsp;<br><\/p>\n","protected":false},"excerpt":{"rendered":"<div class=\"mh-excerpt\">L&#8217;empresa Egevasa, amb majoria de capital de la corporaci\u00f3 provincial, dotar\u00e0 un fons de m\u00e9s de 600.000 euros perqu\u00e8 els ajuntaments paguen en 2020 el servei a aquells que no podran fer front Els convenis <a class=\"mh-excerpt-more\" href=\"https:\/\/www.tucomarca.com\/wordpress\/segunda\/ca\/la-diputacio-creara-un-fons-social-per-a-cobrir-la-factura-de-laigua-enguany-a-les-families-mes-vulnerables\/\" title=\"La Diputaci\u00f3 crear\u00e0 un Fons Social per a cobrir la factura de l&#8217;aigua enguany a les fam\u00edlies m\u00e9s vulnerables\">[+] <\/a><\/div>\n","protected":false},"author":12,"featured_media":105705,"comment_status":"open","ping_status":"open","sticky":false,"template":"","format":"standard","meta":{"footnotes":""},"categories":[10890,10951,10892,11010,11046,10898,10948,10963,10894,10912,10902,10903,10947,10909,10896,10897],"tags":[11937,11938,3677,4326],"class_list":{"0":"post-105707","1":"post","2":"type-post","3":"status-publish","4":"format-standard","5":"has-post-thumbnail","7":"category-ademus","8":"category-ayora-cofrentes-ca","9":"category-camp-de-turia-ca","10":"category-canal-salud","11":"category-los-serranos-ca","12":"category-ventana-ca","13":"category-infraestructuras-ca","14":"category-la-canal-de-navarres-ca","15":"category-la-comarca-ca","16":"category-la-hoya-ca","17":"category-la-ribera-ca","18":"category-medio-ambiente-la-comarca-ca","19":"category-politica","20":"category-requena-utiel-ca","21":"category-seccion-ca","22":"category-sucesos-la-comarca-ca","23":"tag-coronavirus","24":"tag-covid-19","25":"tag-diputacio-de-valencia","26":"tag-egevasa"},"_links":{"self":[{"href":"https:\/\/www.tucomarca.com\/wordpress\/segunda\/ca\/wp-json\/wp\/v2\/posts\/105707","targetHints":{"allow":["GET"]}}],"collection":[{"href":"https:\/\/www.tucomarca.com\/wordpress\/segunda\/ca\/wp-json\/wp\/v2\/posts"}],"about":[{"href":"https:\/\/www.tucomarca.com\/wordpress\/segunda\/ca\/wp-json\/wp\/v2\/types\/post"}],"author":[{"embeddable":true,"href":"https:\/\/www.tucomarca.com\/wordpress\/segunda\/ca\/wp-json\/wp\/v2\/users\/12"}],"replies":[{"embeddable":true,"href":"https:\/\/www.tucomarca.com\/wordpress\/segunda\/ca\/wp-json\/wp\/v2\/comments?post=105707"}],"version-history":[{"count":0,"href":"https:\/\/www.tucomarca.com\/wordpress\/segunda\/ca\/wp-json\/wp\/v2\/posts\/105707\/revisions"}],"wp:featuredmedia":[{"embeddable":true,"href":"https:\/\/www.tucomarca.com\/wordpress\/segunda\/ca\/wp-json\/wp\/v2\/media\/105705"}],"wp:attachment":[{"href":"https:\/\/www.tucomarca.com\/wordpress\/segunda\/ca\/wp-json\/wp\/v2\/media?parent=105707"}],"wp:term":[{"taxonomy":"category","embeddable":true,"href":"https:\/\/www.tucomarca.com\/wordpress\/segunda\/ca\/wp-json\/wp\/v2\/categories?post=105707"},{"taxonomy":"post_tag","embeddable":true,"href":"https:\/\/www.tucomarca.com\/wordpress\/segunda\/ca\/wp-json\/wp\/v2\/tags?post=105707"}],"curies":[{"name":"wp","href":"https:\/\/api.w.org\/{rel}","templated":true}]}}