{"id":105844,"date":"2020-05-11T19:00:08","date_gmt":"2020-05-11T17:00:08","guid":{"rendered":"http:\/\/www.tucomarca.com\/wordpress\/segunda\/?p=105844"},"modified":"2020-05-11T22:44:59","modified_gmt":"2020-05-11T20:44:59","slug":"la-biblioteca-municipal-dutiel-reobri-dema-amb-servici-de-prestec-i-devolucio","status":"publish","type":"post","link":"https:\/\/www.tucomarca.com\/wordpress\/segunda\/ca\/la-biblioteca-municipal-dutiel-reobri-dema-amb-servici-de-prestec-i-devolucio\/","title":{"rendered":"La biblioteca municipal d&#8217;Utiel reobri dem\u00e0 amb servici de pr\u00e9stec i devoluci\u00f3"},"content":{"rendered":"\n<p><strong>Els usuaris podran tornar o traure prestats llibres i pel\u00b7l\u00edcules en horari de dilluns a divendres de 10 a 13 hores<\/strong><\/p>\n\n\n\n<p>La Biblioteca P\u00fablica Municipal d&#8217;Utiel, repr\u00e8n parcialment la seua activitat a partir de dem\u00e0, dimarts 12 de maig, oferint el servei de pr\u00e9stec i devoluci\u00f3 de material.<\/p>\n\n\n\n<p>Els usuaris de la biblioteca d&#8217;Utiel podran retornar i treure prestats llibres en horari de dilluns a divendres de 10 a 13 hores seguint el protocol de seguretat i higiene establert en aquesta fase 1 de la desescalada.<\/p>\n\n\n\n<p><strong>Mesures de seguretat i higiene<\/strong><\/p>\n\n\n\n<p>Per a les devolucions, la biblioteca habilitar\u00e0 a l&#8217;entrada de la Casa de Cultura, una urna en la qual dipositar el material a retornar, sense haver d&#8217;accedir a la Biblioteca.<\/p>\n\n\n\n<p>Si es volen realitzar pr\u00e9stecs, els usuaris hauran de seguir les seg\u00fcents indicacions:<\/p>\n\n\n\n<ul class=\"wp-block-list\"><li>Utilitzaci\u00f3 de m\u00e0scares, si no porten li&#8217;ls facilitar\u00e0.<\/li><li>Neteja de mans amb gel desinfectant, que estar\u00e0 a la seua disposici\u00f3.<\/li><li>La atenci\u00f3 ser\u00e0 individual, no podent romandre m\u00e9s de dues persones a la sala.<\/li><li>Utilitzar els espais indicats per a aquest \u00fas, tant d&#8217;entrada com sortida i mantenir la dist\u00e0ncia de seguretat exigida.<\/li><li>Els llibres retornats passaran a una fase de 15 dies de desinfecci\u00f3 en bosses de pl\u00e0stic individuals, per higiene i salubritat.<\/li><li>No es podr\u00e0 tenir acc\u00e9s directe a la col\u00b7lecci\u00f3 pel que els usuaris hauran de demanar els llibres a la bibliotec\u00e0ria.<\/li><\/ul>\n\n\n\n<p><strong>Adquisici\u00f3 de novetats<\/strong><\/p>\n\n\n\n<p>La biblioteca ha ampliat la seua col\u00b7lecci\u00f3 amb l&#8217;adquisici\u00f3 de novetats liter\u00e0ries i pel\u00b7l\u00edcules per aix\u00ed atendre la demanda dels usuaris mentre els llibres retornats estiguen en per\u00edode de desinfecci\u00f3.<\/p>\n\n\n\n<p>Per facilitar l&#8217;acc\u00e9s a l&#8217;cat\u00e0leg de noves publicacions, la biblioteca ha elaborat diferents llistes de novetats que es podran consultar tant en l\u00ednia www.cultura.utiel.com com a la pr\u00f2pia biblioteca.<\/p>\n\n\n\n<p>A m\u00e9s, els lectors poden seguir fent \u00fas de la plataforma EBiblio que tamb\u00e9 ha ampliat el seu cat\u00e0leg amb novetats. Per a qualsevol consulta, poden posar-se en contacte amb la biblioteca municipal telefonant al 962170879 o mitjan\u00e7ant el mail biblioteca@utiel.es<\/p>\n","protected":false},"excerpt":{"rendered":"<div class=\"mh-excerpt\">Els usuaris podran tornar o traure prestats llibres i pel\u00b7l\u00edcules en horari de dilluns a divendres de 10 a 13 hores La Biblioteca P\u00fablica Municipal d&#8217;Utiel, repr\u00e8n parcialment la seua activitat a partir de dem\u00e0, <a class=\"mh-excerpt-more\" href=\"https:\/\/www.tucomarca.com\/wordpress\/segunda\/ca\/la-biblioteca-municipal-dutiel-reobri-dema-amb-servici-de-prestec-i-devolucio\/\" title=\"La biblioteca municipal d&#8217;Utiel reobri dem\u00e0 amb servici de pr\u00e9stec i devoluci\u00f3\">[+] <\/a><\/div>\n","protected":false},"author":12,"featured_media":105843,"comment_status":"open","ping_status":"open","sticky":false,"template":"","format":"standard","meta":{"footnotes":""},"categories":[11019,11010,10948,10894,11007,10947,10909,10896,11059],"tags":[10574,11937,11938,10387],"class_list":{"0":"post-105844","1":"post","2":"type-post","3":"status-publish","4":"format-standard","5":"has-post-thumbnail","7":"category-agenda-ca","8":"category-canal-salud","9":"category-infraestructuras-ca","10":"category-la-comarca-ca","11":"category-ocio-y-cultura-ca","12":"category-politica","13":"category-requena-utiel-ca","14":"category-seccion-ca","15":"category-utiel-ca","16":"tag-ayuntamiento-de-utiel","17":"tag-coronavirus","18":"tag-covid-19","19":"tag-requena-utiel"},"_links":{"self":[{"href":"https:\/\/www.tucomarca.com\/wordpress\/segunda\/ca\/wp-json\/wp\/v2\/posts\/105844","targetHints":{"allow":["GET"]}}],"collection":[{"href":"https:\/\/www.tucomarca.com\/wordpress\/segunda\/ca\/wp-json\/wp\/v2\/posts"}],"about":[{"href":"https:\/\/www.tucomarca.com\/wordpress\/segunda\/ca\/wp-json\/wp\/v2\/types\/post"}],"author":[{"embeddable":true,"href":"https:\/\/www.tucomarca.com\/wordpress\/segunda\/ca\/wp-json\/wp\/v2\/users\/12"}],"replies":[{"embeddable":true,"href":"https:\/\/www.tucomarca.com\/wordpress\/segunda\/ca\/wp-json\/wp\/v2\/comments?post=105844"}],"version-history":[{"count":0,"href":"https:\/\/www.tucomarca.com\/wordpress\/segunda\/ca\/wp-json\/wp\/v2\/posts\/105844\/revisions"}],"wp:featuredmedia":[{"embeddable":true,"href":"https:\/\/www.tucomarca.com\/wordpress\/segunda\/ca\/wp-json\/wp\/v2\/media\/105843"}],"wp:attachment":[{"href":"https:\/\/www.tucomarca.com\/wordpress\/segunda\/ca\/wp-json\/wp\/v2\/media?parent=105844"}],"wp:term":[{"taxonomy":"category","embeddable":true,"href":"https:\/\/www.tucomarca.com\/wordpress\/segunda\/ca\/wp-json\/wp\/v2\/categories?post=105844"},{"taxonomy":"post_tag","embeddable":true,"href":"https:\/\/www.tucomarca.com\/wordpress\/segunda\/ca\/wp-json\/wp\/v2\/tags?post=105844"}],"curies":[{"name":"wp","href":"https:\/\/api.w.org\/{rel}","templated":true}]}}