{"id":105850,"date":"2020-05-11T19:01:11","date_gmt":"2020-05-11T17:01:11","guid":{"rendered":"http:\/\/www.tucomarca.com\/wordpress\/segunda\/culturaacasa-de-leliana-se-convertira-en-un-museo-artistico-este-proximo-sabado\/"},"modified":"2020-05-11T22:51:04","modified_gmt":"2020-05-11T20:51:04","slug":"culturaacasa-de-leliana-se-convertira-en-un-museo-artistico-este-proximo-sabado","status":"publish","type":"post","link":"https:\/\/www.tucomarca.com\/wordpress\/segunda\/ca\/culturaacasa-de-leliana-se-convertira-en-un-museo-artistico-este-proximo-sabado\/","title":{"rendered":"#culturaacasa de l&#8217;Eliana es convertir\u00e0 en un museu art\u00edstic aquest pr\u00f2xim dissabte"},"content":{"rendered":"\n<p>Amb a motiu del Dia Internacional dels Museus que se celebrar\u00e0 dilluns que ve 18 de maig, la Regidoria de Cultura ha organitzat, en el marc de #culturaacasa, lelianaMUSEUARTISTIC. En aquesta ocasi\u00f3, la Mostra Online estar\u00e0 dirigida als elianers i elianeres amants de l&#8217;art gr\u00e0fic, pl\u00e0stic i visual, en un espai similar a un museu digital en el qual podran donar a con\u00e9ixer el seu treball art\u00edstic, aix\u00ed com les seues habilitats i mestratges.<\/p>\n\n\n\n<p>Per a participar, els interessats poden enviar la seua sol\u00b7licitud a <a href=\"mailto:cultura@leliana.es\">cultura@leliana.es<\/a> on rebran tota la informaci\u00f3 sobre aquest tema. La convocat\u00f2ria estar\u00e0 oberta fins al dijous 14 de maig a les 15 hores. L&#8217;emissi\u00f3 dels treballs de cadascuna de les diferents disciplines ser\u00e0 dissabte que ve 16, a les 19 en les xarxes socials de l&#8217;Ajuntament, en el canal de YouTube, en Facebook i el perfil oficial d&#8217;Instagram @lelianagram.<\/p>\n\n\n\n<p>La regidora de Cultura, Eva Santaf\u00e9, ha convidat a la participaci\u00f3 als i les artistes locals, principiants o professionals, a donar a con\u00e9ixer les seues obres i expressions a trav\u00e9s de l&#8217;Ajuntament. \u201c<em>Despr\u00e9s de dues mostres musicals i una liter\u00e0ria, ara ha arribat el moment de crear un museu online per a con\u00e9ixer l&#8217;elevat nivell est\u00e8tic i creatiu de pintors, escultors, ceramistes, fot\u00f2grafs, artesans o gravadors elianers i elianeres<\/em>\u201d, ha explicat.<\/p>\n","protected":false},"excerpt":{"rendered":"<div class=\"mh-excerpt\">Amb a motiu del Dia Internacional dels Museus que se celebrar\u00e0 dilluns que ve 18 de maig, la Regidoria de Cultura ha organitzat, en el marc de #culturaacasa, lelianaMUSEUARTISTIC. En aquesta ocasi\u00f3, la Mostra Online <a class=\"mh-excerpt-more\" href=\"https:\/\/www.tucomarca.com\/wordpress\/segunda\/ca\/culturaacasa-de-leliana-se-convertira-en-un-museo-artistico-este-proximo-sabado\/\" title=\"#culturaacasa de l&#8217;Eliana es convertir\u00e0 en un museu art\u00edstic aquest pr\u00f2xim dissabte\">[+] <\/a><\/div>\n","protected":false},"author":12,"featured_media":105828,"comment_status":"open","ping_status":"open","sticky":false,"template":"","format":"standard","meta":{"footnotes":""},"categories":[11019,10892,11010,10894,10893,11007,11063,10896],"tags":[12117,10535,10395,11937,11938],"class_list":{"0":"post-105850","1":"post","2":"type-post","3":"status-publish","4":"format-standard","5":"has-post-thumbnail","7":"category-agenda-ca","8":"category-camp-de-turia-ca","9":"category-canal-salud","10":"category-la-comarca-ca","11":"category-leliana-ca","12":"category-ocio-y-cultura-ca","13":"category-pintura-ca","14":"category-seccion-ca","15":"tag-culturaacasa","16":"tag-ajuntament-de-leliana","17":"tag-camp-de-turia","18":"tag-coronavirus","19":"tag-covid-19"},"_links":{"self":[{"href":"https:\/\/www.tucomarca.com\/wordpress\/segunda\/ca\/wp-json\/wp\/v2\/posts\/105850","targetHints":{"allow":["GET"]}}],"collection":[{"href":"https:\/\/www.tucomarca.com\/wordpress\/segunda\/ca\/wp-json\/wp\/v2\/posts"}],"about":[{"href":"https:\/\/www.tucomarca.com\/wordpress\/segunda\/ca\/wp-json\/wp\/v2\/types\/post"}],"author":[{"embeddable":true,"href":"https:\/\/www.tucomarca.com\/wordpress\/segunda\/ca\/wp-json\/wp\/v2\/users\/12"}],"replies":[{"embeddable":true,"href":"https:\/\/www.tucomarca.com\/wordpress\/segunda\/ca\/wp-json\/wp\/v2\/comments?post=105850"}],"version-history":[{"count":0,"href":"https:\/\/www.tucomarca.com\/wordpress\/segunda\/ca\/wp-json\/wp\/v2\/posts\/105850\/revisions"}],"wp:featuredmedia":[{"embeddable":true,"href":"https:\/\/www.tucomarca.com\/wordpress\/segunda\/ca\/wp-json\/wp\/v2\/media\/105828"}],"wp:attachment":[{"href":"https:\/\/www.tucomarca.com\/wordpress\/segunda\/ca\/wp-json\/wp\/v2\/media?parent=105850"}],"wp:term":[{"taxonomy":"category","embeddable":true,"href":"https:\/\/www.tucomarca.com\/wordpress\/segunda\/ca\/wp-json\/wp\/v2\/categories?post=105850"},{"taxonomy":"post_tag","embeddable":true,"href":"https:\/\/www.tucomarca.com\/wordpress\/segunda\/ca\/wp-json\/wp\/v2\/tags?post=105850"}],"curies":[{"name":"wp","href":"https:\/\/api.w.org\/{rel}","templated":true}]}}